{"id":1480,"date":"2019-02-05T15:02:47","date_gmt":"2019-02-05T17:02:47","guid":{"rendered":"http:\/\/www.tribunanf.com.br\/blogdoralfereis\/?p=1480"},"modified":"2019-02-05T15:48:42","modified_gmt":"2019-02-05T17:48:42","slug":"governo-rafael-diniz-paga-fatura-de-r-1-milhao-a-empresa-da-operacao-castelo-de-farinha","status":"publish","type":"post","link":"https:\/\/www.tribunanf.com.br\/blogdoralfereis\/2019\/02\/05\/governo-rafael-diniz-paga-fatura-de-r-1-milhao-a-empresa-da-operacao-castelo-de-farinha\/","title":{"rendered":"Governo Rafael Diniz paga fatura de R$ 1 milh\u00e3o a empresa da opera\u00e7\u00e3o Castelo de Farinha"},"content":{"rendered":"<p><img loading=\"lazy\" decoding=\"async\" class=\"aligncenter size-full wp-image-115\" src=\"http:\/\/www.tribunanf.com.br\/blogdoralfereis\/wp-content\/uploads\/sites\/11\/2018\/06\/rafael-diniz-prefeito.jpg\" alt=\"\" width=\"738\" height=\"490\" srcset=\"https:\/\/www.tribunanf.com.br\/blogdoralfereis\/wp-content\/uploads\/sites\/11\/2018\/06\/rafael-diniz-prefeito.jpg 738w, https:\/\/www.tribunanf.com.br\/blogdoralfereis\/wp-content\/uploads\/sites\/11\/2018\/06\/rafael-diniz-prefeito-300x199.jpg 300w\" sizes=\"auto, (max-width: 738px) 100vw, 738px\" \/><\/p>\n<p style=\"text-align: justify;\">O governo Rafael Diniz pagou, no 31 de janeiro de 2019, a primeira fatura a empresa Casa de Farinha S\/A, envolvida na opera\u00e7\u00e3o Castelo de Farinha que prendeu empres\u00e1rios e funcion\u00e1rios por fraude em licita\u00e7\u00e3o de merenda escolar e quentinhas para pres\u00eddios.<\/p>\n<p style=\"text-align: justify;\">A empresa fornece merenda escolar no atual governo. A primeira fatura foi de pouco mais de R$ 1 milh\u00e3o, conforme consta no portal da transpar\u00eancia.<\/p>\n<p style=\"text-align: justify;\">31\/01\/2019 20181030000393 2019OB00042 CASA DE FARINHA S\/A SERV.DE FORNEC.ALIMENTACAO.NF 14834. <strong>R$ 763.194,99.<\/strong><\/p>\n<p style=\"text-align: justify;\">31\/01\/2019 20181030000393 2019OB00043 CASA DE FARINHA S\/A SERV.DE FORNEC.ALIMENTACAO.NF 14835 <strong>R$ 350.744,36.<\/strong><\/p>\n<p style=\"text-align: justify;\">Relembre sobre a licita\u00e7\u00e3o:\u00a0<strong><a title=\"Castelo de Farinha: Fornecedora de merenda do governo Rafael Diniz \u00e9 alvo de mais uma opera\u00e7\u00e3o da pol\u00edcia\" href=\"http:\/\/www.tribunanf.com.br\/blogdoralfereis\/2018\/11\/22\/castelo-de-farinha-fornecedora-de-merenda-do-governo-rafael-diniz-e-alvo-de-mais-uma-operacao-da-policia\/\">Castelo de Farinha: Fornecedora de merenda do governo Rafael Diniz \u00e9 alvo de mais uma opera\u00e7\u00e3o da pol\u00edcia<\/a><\/strong><\/p>\n","protected":false},"excerpt":{"rendered":"<p>O governo Rafael Diniz pagou, no 31 de janeiro de 2019, a primeira fatura a empresa Casa de Farinha S\/A,&#8230;<\/p>\n","protected":false},"author":2,"featured_media":115,"comment_status":"open","ping_status":"open","sticky":false,"template":"","format":"standard","meta":{"colormag_page_container_layout":"default_layout","colormag_page_sidebar_layout":"default_layout","jetpack_post_was_ever_published":false,"_jetpack_newsletter_access":"","_jetpack_dont_email_post_to_subs":false,"_jetpack_newsletter_tier_id":0,"_jetpack_memberships_contains_paywalled_content":false,"_jetpack_memberships_contains_paid_content":false,"footnotes":""},"categories":[2],"tags":[6,4],"class_list":["post-1480","post","type-post","status-publish","format-standard","has-post-thumbnail","hentry","category-politica","tag-campos-dos-goytacazes","tag-rafael-diniz"],"jetpack_featured_media_url":"https:\/\/www.tribunanf.com.br\/blogdoralfereis\/wp-content\/uploads\/sites\/11\/2018\/06\/rafael-diniz-prefeito.jpg","jetpack_sharing_enabled":true,"_links":{"self":[{"href":"https:\/\/www.tribunanf.com.br\/blogdoralfereis\/wp-json\/wp\/v2\/posts\/1480","targetHints":{"allow":["GET"]}}],"collection":[{"href":"https:\/\/www.tribunanf.com.br\/blogdoralfereis\/wp-json\/wp\/v2\/posts"}],"about":[{"href":"https:\/\/www.tribunanf.com.br\/blogdoralfereis\/wp-json\/wp\/v2\/types\/post"}],"author":[{"embeddable":true,"href":"https:\/\/www.tribunanf.com.br\/blogdoralfereis\/wp-json\/wp\/v2\/users\/2"}],"replies":[{"embeddable":true,"href":"https:\/\/www.tribunanf.com.br\/blogdoralfereis\/wp-json\/wp\/v2\/comments?post=1480"}],"version-history":[{"count":0,"href":"https:\/\/www.tribunanf.com.br\/blogdoralfereis\/wp-json\/wp\/v2\/posts\/1480\/revisions"}],"wp:featuredmedia":[{"embeddable":true,"href":"https:\/\/www.tribunanf.com.br\/blogdoralfereis\/wp-json\/wp\/v2\/media\/115"}],"wp:attachment":[{"href":"https:\/\/www.tribunanf.com.br\/blogdoralfereis\/wp-json\/wp\/v2\/media?parent=1480"}],"wp:term":[{"taxonomy":"category","embeddable":true,"href":"https:\/\/www.tribunanf.com.br\/blogdoralfereis\/wp-json\/wp\/v2\/categories?post=1480"},{"taxonomy":"post_tag","embeddable":true,"href":"https:\/\/www.tribunanf.com.br\/blogdoralfereis\/wp-json\/wp\/v2\/tags?post=1480"}],"curies":[{"name":"wp","href":"https:\/\/api.w.org\/{rel}","templated":true}]}}