{"id":1477,"date":"2019-02-04T20:15:15","date_gmt":"2019-02-04T22:15:15","guid":{"rendered":"http:\/\/www.tribunanf.com.br\/blogdoralfereis\/?p=1477"},"modified":"2019-02-04T20:15:15","modified_gmt":"2019-02-04T22:15:15","slug":"desembargador-intima-procuradoria-regional-para-se-manifestar-na-acao-de-cassacao-de-marcao-gomes","status":"publish","type":"post","link":"https:\/\/www.tribunanf.com.br\/blogdoralfereis\/2019\/02\/04\/desembargador-intima-procuradoria-regional-para-se-manifestar-na-acao-de-cassacao-de-marcao-gomes\/","title":{"rendered":"Desembargador intima Procuradoria Regional para se manifestar na a\u00e7\u00e3o de cassa\u00e7\u00e3o de Marc\u00e3o Gomes"},"content":{"rendered":"<p><img loading=\"lazy\" decoding=\"async\" class=\"aligncenter size-full wp-image-200\" src=\"http:\/\/www.tribunanf.com.br\/blogdoralfereis\/wp-content\/uploads\/sites\/11\/2018\/06\/rafael-1.jpg\" alt=\"\" width=\"800\" height=\"535\" srcset=\"https:\/\/www.tribunanf.com.br\/blogdoralfereis\/wp-content\/uploads\/sites\/11\/2018\/06\/rafael-1.jpg 800w, https:\/\/www.tribunanf.com.br\/blogdoralfereis\/wp-content\/uploads\/sites\/11\/2018\/06\/rafael-1-300x201.jpg 300w, https:\/\/www.tribunanf.com.br\/blogdoralfereis\/wp-content\/uploads\/sites\/11\/2018\/06\/rafael-1-768x514.jpg 768w\" sizes=\"auto, (max-width: 800px) 100vw, 800px\" \/><\/p>\n<p style=\"text-align: justify;\">O desembargador Ant\u00f4nio Aur\u00e9lio Abi Ramia Duarte, do Tribunal Regional Eleitoral, determinou que a Procuradoria Regional seja intimada para se manifestar, no prazo de 48 horas, no processo que pede a cassa\u00e7\u00e3o do vereador Marc\u00e3o Gomes.<\/p>\n<p style=\"text-align: justify;\">A a\u00e7\u00e3o por infidelidade partid\u00e1ria foi proposta pelo partido Rede e o suplente Thiago Miquilito.<\/p>\n<p style=\"text-align: justify;\">Em julho, o jornal online <strong>Tribuna NF<\/strong> divulgou em primeira m\u00e3o o parecer favor\u00e1vel do MPF opinando pela proced\u00eancia do processo (<a title=\"Exclusivo: MPF d\u00e1 parecer favor\u00e1vel a a\u00e7\u00e3o para cassar Marc\u00e3o Gomes\" href=\"http:\/\/www.tribunanf.com.br\/exclusivo-mpf-da-parecer-favoravel-a-acao-para-cassar-marcao-gomes\/\"><strong>MPF d\u00e1 parecer favor\u00e1vel a a\u00e7\u00e3o para cassar Marc\u00e3o Gomes).<\/strong><\/a><\/p>\n<p style=\"text-align: justify;\">Apesar de opinar pelo prosseguimento da a\u00e7\u00e3o, o MP n\u00e3o vem se manifestando. A a\u00e7\u00e3o falta apenas a manifesta\u00e7\u00e3o do parquet para julgamento do m\u00e9rito.<\/p>\n<p>&nbsp;<\/p>\n<p><img loading=\"lazy\" decoding=\"async\" class=\"aligncenter size-full wp-image-1478\" src=\"http:\/\/www.tribunanf.com.br\/blogdoralfereis\/wp-content\/uploads\/sites\/11\/2019\/02\/0001-94.jpg\" alt=\"\" width=\"2480\" height=\"3509\" srcset=\"https:\/\/www.tribunanf.com.br\/blogdoralfereis\/wp-content\/uploads\/sites\/11\/2019\/02\/0001-94.jpg 2480w, https:\/\/www.tribunanf.com.br\/blogdoralfereis\/wp-content\/uploads\/sites\/11\/2019\/02\/0001-94-212x300.jpg 212w, https:\/\/www.tribunanf.com.br\/blogdoralfereis\/wp-content\/uploads\/sites\/11\/2019\/02\/0001-94-768x1087.jpg 768w, https:\/\/www.tribunanf.com.br\/blogdoralfereis\/wp-content\/uploads\/sites\/11\/2019\/02\/0001-94-724x1024.jpg 724w\" sizes=\"auto, (max-width: 2480px) 100vw, 2480px\" \/><\/p>\n","protected":false},"excerpt":{"rendered":"<p>O desembargador Ant\u00f4nio Aur\u00e9lio Abi Ramia Duarte, do Tribunal Regional Eleitoral, determinou que a Procuradoria Regional seja intimada para se&#8230;<\/p>\n","protected":false},"author":2,"featured_media":656,"comment_status":"open","ping_status":"open","sticky":false,"template":"","format":"standard","meta":{"colormag_page_container_layout":"default_layout","colormag_page_sidebar_layout":"default_layout","jetpack_post_was_ever_published":false,"_jetpack_newsletter_access":"","_jetpack_dont_email_post_to_subs":false,"_jetpack_newsletter_tier_id":0,"_jetpack_memberships_contains_paywalled_content":false,"_jetpack_memberships_contains_paid_content":false,"footnotes":""},"categories":[2],"tags":[],"class_list":["post-1477","post","type-post","status-publish","format-standard","has-post-thumbnail","hentry","category-politica"],"jetpack_featured_media_url":"https:\/\/www.tribunanf.com.br\/blogdoralfereis\/wp-content\/uploads\/sites\/11\/2018\/08\/rafael-1.jpg","jetpack_sharing_enabled":true,"_links":{"self":[{"href":"https:\/\/www.tribunanf.com.br\/blogdoralfereis\/wp-json\/wp\/v2\/posts\/1477","targetHints":{"allow":["GET"]}}],"collection":[{"href":"https:\/\/www.tribunanf.com.br\/blogdoralfereis\/wp-json\/wp\/v2\/posts"}],"about":[{"href":"https:\/\/www.tribunanf.com.br\/blogdoralfereis\/wp-json\/wp\/v2\/types\/post"}],"author":[{"embeddable":true,"href":"https:\/\/www.tribunanf.com.br\/blogdoralfereis\/wp-json\/wp\/v2\/users\/2"}],"replies":[{"embeddable":true,"href":"https:\/\/www.tribunanf.com.br\/blogdoralfereis\/wp-json\/wp\/v2\/comments?post=1477"}],"version-history":[{"count":0,"href":"https:\/\/www.tribunanf.com.br\/blogdoralfereis\/wp-json\/wp\/v2\/posts\/1477\/revisions"}],"wp:featuredmedia":[{"embeddable":true,"href":"https:\/\/www.tribunanf.com.br\/blogdoralfereis\/wp-json\/wp\/v2\/media\/656"}],"wp:attachment":[{"href":"https:\/\/www.tribunanf.com.br\/blogdoralfereis\/wp-json\/wp\/v2\/media?parent=1477"}],"wp:term":[{"taxonomy":"category","embeddable":true,"href":"https:\/\/www.tribunanf.com.br\/blogdoralfereis\/wp-json\/wp\/v2\/categories?post=1477"},{"taxonomy":"post_tag","embeddable":true,"href":"https:\/\/www.tribunanf.com.br\/blogdoralfereis\/wp-json\/wp\/v2\/tags?post=1477"}],"curies":[{"name":"wp","href":"https:\/\/api.w.org\/{rel}","templated":true}]}}