{"id":14762,"date":"2025-08-08T21:06:06","date_gmt":"2025-08-09T00:06:06","guid":{"rendered":"https:\/\/www.tribunanf.com.br\/blogdoralfereis\/?p=14762"},"modified":"2025-08-08T21:06:06","modified_gmt":"2025-08-09T00:06:06","slug":"claudio-castro-ataca-tce-apos-suspensao-de-licitacao-para-obra-de-novo-sistema-do-guandu-politicagem","status":"publish","type":"post","link":"https:\/\/www.tribunanf.com.br\/blogdoralfereis\/2025\/08\/08\/claudio-castro-ataca-tce-apos-suspensao-de-licitacao-para-obra-de-novo-sistema-do-guandu-politicagem\/","title":{"rendered":"Cl\u00e1udio Castro ataca TCE ap\u00f3s suspens\u00e3o de licita\u00e7\u00e3o para obra de novo sistema do Guandu: &#8216;Politicagem&#8217;"},"content":{"rendered":"<p><img loading=\"lazy\" decoding=\"async\" class=\"aligncenter size-large wp-image-14519\" src=\"https:\/\/www.tribunanf.com.br\/blogdoralfereis\/wp-content\/uploads\/sites\/11\/2025\/06\/Claudio-Castro-1_Easy-Resize.com_-1024x682.jpg\" alt=\"\" width=\"800\" height=\"533\" srcset=\"https:\/\/www.tribunanf.com.br\/blogdoralfereis\/wp-content\/uploads\/sites\/11\/2025\/06\/Claudio-Castro-1_Easy-Resize.com_-1024x682.jpg 1024w, https:\/\/www.tribunanf.com.br\/blogdoralfereis\/wp-content\/uploads\/sites\/11\/2025\/06\/Claudio-Castro-1_Easy-Resize.com_-300x200.jpg 300w, https:\/\/www.tribunanf.com.br\/blogdoralfereis\/wp-content\/uploads\/sites\/11\/2025\/06\/Claudio-Castro-1_Easy-Resize.com_-768x512.jpg 768w, https:\/\/www.tribunanf.com.br\/blogdoralfereis\/wp-content\/uploads\/sites\/11\/2025\/06\/Claudio-Castro-1_Easy-Resize.com_.jpg 1280w\" sizes=\"auto, (max-width: 800px) 100vw, 800px\" \/><\/p>\n<p style=\"text-align: justify;\">O governador Claudio Castro fez duras cr\u00edticas ao Tribunal de Contas do Estado (TCE-RJ) nesta sexta-feira (8), ap\u00f3s o \u00f3rg\u00e3o suspender uma licita\u00e7\u00e3o bilion\u00e1ria do governo estadual. A contrata\u00e7\u00e3o, estimada em R$ 1,7 bilh\u00e3o, previa a constru\u00e7\u00e3o da Esta\u00e7\u00e3o de Tratamento Guandu 2, obra que beneficiaria 3 milh\u00f5es de moradores da Baixada Fluminense.<\/p>\n<p style=\"text-align: justify;\">A decis\u00e3o de suspender o processo foi tomada pelo conselheiro Christiano Lacerda Ghuerren no \u00faltimo dia 24, com base em suspeitas de irregularidades no edital, <a href=\"https:\/\/www.tribunanf.com.br\/tce-rj-suspende-licitacao-de-r-16-bilhao-da-cedae-para-construcao-da-estacao-do-novo-guandu\/\" target=\"_blank\" rel=\"noopener\">conforme revelou em primeira m\u00e3o o portal Tribuna NF.<\/a><\/p>\n<p style=\"text-align: justify;\">A medida provocou forte rea\u00e7\u00e3o de Castro, que estava em agenda p\u00fablica na Baixada e usou o palanque para atacar o TCE.<\/p>\n<p style=\"text-align: justify;\">&#8220;A gente vai l\u00e1, consegue o dinheiro, faz o projeto, vence tudo, e o cara, por politicagem, faz uma sacanagem dessa. O povo tem que come\u00e7ar a se levantar contra esse tipo de gente\u201d, disse o governador.<\/p>\n<p style=\"text-align: justify;\">Propostas de mudan\u00e7a no TCE<\/p>\n<p style=\"text-align: justify;\">Durante o discurso, Castro sugeriu que o conselheiro respons\u00e1vel pela suspens\u00e3o deveria \u201csentir na pele\u201d os impactos da decis\u00e3o.<\/p>\n<p style=\"text-align: justify;\">\u201cO certo era ir na casa desse cidad\u00e3o e cortar a \u00e1gua dele, pra ele ver o que \u00e9 bom n\u00e3o ter \u00e1gua em casa\u201d, sugeriu o governador.<\/p>\n<p style=\"text-align: justify;\">O governador tamb\u00e9m prop\u00f4s que deputados estaduais apresentem projetos para alterar a estrutura do TCE, incluindo puni\u00e7\u00f5es para conselheiros e o fim dos cargos vital\u00edcios.<\/p>\n<p style=\"text-align: justify;\">&#8220;Tem que criar um projeto de lei para punir esses caras que fazem isso por pura politicagem e prejudicam o povo&#8221;, orientou Castro.<br \/>\n&#8220;Tinha que acabar com esses cargos vital\u00edcios mesmo. Tinha que ser mandato, porque esse cidad\u00e3o que n\u00e3o tem um voto do povo vai l\u00e1 e cancela uma licita\u00e7\u00e3o que vai levar \u00e1gua para quatro milh\u00f5es de pessoas na Baixada Fluminense&#8221;, disse Cl\u00e1udio Castro.<\/p>\n<p style=\"text-align: justify;\">O governador ainda afirmou que n\u00e3o teme repres\u00e1lias por parte do Tribunal.<\/p>\n<p style=\"text-align: justify;\">&#8220;Pode amea\u00e7ar, agir, que n\u00e3o tenho medo nenhum de Tribunal de Contas&#8221;, afirmou.<\/p>\n<p style=\"text-align: justify;\">Repercuss\u00e3o no TCE<\/p>\n<p style=\"text-align: justify;\">Segundo apura\u00e7\u00e3o do RJ2, as declara\u00e7\u00f5es do governador causaram inc\u00f4modo nos corredores do TCE, que chegou a desmarcar audi\u00eancias com secret\u00e1rios estaduais previstas para a pr\u00f3xima semana. Um pronunciamento p\u00fablico da Corte de Contas \u00e9 aguardado.<\/p>\n<p style=\"text-align: justify;\">A reportagem solicitou entrevista ao TCE, mas n\u00e3o obteve resposta at\u00e9 a \u00faltima atualiza\u00e7\u00e3o deste texto.<\/p>\n<p style=\"text-align: justify;\">Licita\u00e7\u00e3o suspensa<\/p>\n<p style=\"text-align: justify;\">No \u00faltimo dia 24, o TCE-RJ determinou a suspens\u00e3o da licita\u00e7\u00e3o bilion\u00e1ria para a constru\u00e7\u00e3o do novo sistema de tratamento de \u00e1gua do Guandu, ap\u00f3s identificar irregularidades no edital. As propostas das empresas interessadas j\u00e1 haviam sido apresentadas no fim de junho, e o crit\u00e9rio de escolha seria o maior desconto oferecido.<\/p>\n<p style=\"text-align: justify;\">No entanto, a licita\u00e7\u00e3o foi questionada por uma empresa que alegou falta de transpar\u00eancia na divulga\u00e7\u00e3o das composi\u00e7\u00f5es de pre\u00e7os de diversos itens do projeto.<\/p>\n<p style=\"text-align: justify;\">De acordo com o TCE, os itens n\u00e3o detalhados somam mais de R$ 861 milh\u00f5es \u2014 mais da metade do valor total da contrata\u00e7\u00e3o.<\/p>\n<p style=\"text-align: justify;\">O conselheiro relator do caso, Christiano Lacerda Ghuerren, concordou com os argumentos e destacou ainda que a pr\u00f3pria Cedae reconheceu que 57 arquivos considerados parte do projeto b\u00e1sico n\u00e3o estavam integralmente dispon\u00edveis no in\u00edcio do processo, sendo inclu\u00eddos apenas posteriormente por meio de uma errata.<\/p>\n<p style=\"text-align: justify;\">Essa \u00e9 a segunda suspens\u00e3o de pagamento milion\u00e1rio envolvendo a Cedae em menos de um m\u00eas. Em junho, a companhia voltou atr\u00e1s em um acordo de R$ 267 milh\u00f5es para indenizar a fam\u00edlia do dono de um terreno em Vargem Grande, ap\u00f3s o Minist\u00e9rio P\u00fablico abrir investiga\u00e7\u00e3o por suspeita de fraude.<\/p>\n<p style=\"text-align: justify;\">Com informa\u00e7\u00f5es G1.<\/p>\n","protected":false},"excerpt":{"rendered":"<p>O governador Claudio Castro fez duras cr\u00edticas ao Tribunal de Contas do Estado (TCE-RJ) nesta sexta-feira (8), ap\u00f3s o \u00f3rg\u00e3o&#8230;<\/p>\n","protected":false},"author":2,"featured_media":14519,"comment_status":"open","ping_status":"open","sticky":false,"template":"","format":"standard","meta":{"colormag_page_container_layout":"default_layout","colormag_page_sidebar_layout":"default_layout","jetpack_post_was_ever_published":false,"_jetpack_newsletter_access":"","_jetpack_dont_email_post_to_subs":false,"_jetpack_newsletter_tier_id":0,"_jetpack_memberships_contains_paywalled_content":false,"_jetpack_memberships_contains_paid_content":false,"footnotes":""},"categories":[2],"tags":[],"class_list":["post-14762","post","type-post","status-publish","format-standard","has-post-thumbnail","hentry","category-politica"],"jetpack_featured_media_url":"https:\/\/www.tribunanf.com.br\/blogdoralfereis\/wp-content\/uploads\/sites\/11\/2025\/06\/Claudio-Castro-1_Easy-Resize.com_.jpg","jetpack_sharing_enabled":true,"_links":{"self":[{"href":"https:\/\/www.tribunanf.com.br\/blogdoralfereis\/wp-json\/wp\/v2\/posts\/14762","targetHints":{"allow":["GET"]}}],"collection":[{"href":"https:\/\/www.tribunanf.com.br\/blogdoralfereis\/wp-json\/wp\/v2\/posts"}],"about":[{"href":"https:\/\/www.tribunanf.com.br\/blogdoralfereis\/wp-json\/wp\/v2\/types\/post"}],"author":[{"embeddable":true,"href":"https:\/\/www.tribunanf.com.br\/blogdoralfereis\/wp-json\/wp\/v2\/users\/2"}],"replies":[{"embeddable":true,"href":"https:\/\/www.tribunanf.com.br\/blogdoralfereis\/wp-json\/wp\/v2\/comments?post=14762"}],"version-history":[{"count":1,"href":"https:\/\/www.tribunanf.com.br\/blogdoralfereis\/wp-json\/wp\/v2\/posts\/14762\/revisions"}],"predecessor-version":[{"id":14763,"href":"https:\/\/www.tribunanf.com.br\/blogdoralfereis\/wp-json\/wp\/v2\/posts\/14762\/revisions\/14763"}],"wp:featuredmedia":[{"embeddable":true,"href":"https:\/\/www.tribunanf.com.br\/blogdoralfereis\/wp-json\/wp\/v2\/media\/14519"}],"wp:attachment":[{"href":"https:\/\/www.tribunanf.com.br\/blogdoralfereis\/wp-json\/wp\/v2\/media?parent=14762"}],"wp:term":[{"taxonomy":"category","embeddable":true,"href":"https:\/\/www.tribunanf.com.br\/blogdoralfereis\/wp-json\/wp\/v2\/categories?post=14762"},{"taxonomy":"post_tag","embeddable":true,"href":"https:\/\/www.tribunanf.com.br\/blogdoralfereis\/wp-json\/wp\/v2\/tags?post=14762"}],"curies":[{"name":"wp","href":"https:\/\/api.w.org\/{rel}","templated":true}]}}