{"id":14735,"date":"2025-07-31T17:34:48","date_gmt":"2025-07-31T20:34:48","guid":{"rendered":"https:\/\/www.tribunanf.com.br\/blogdoralfereis\/?p=14735"},"modified":"2025-07-31T17:34:48","modified_gmt":"2025-07-31T20:34:48","slug":"exclusivo-ministro-dias-toffoli-nega-pedido-de-sergio-cabral-e-mantem-condenacoes-da-lava-jato","status":"publish","type":"post","link":"https:\/\/www.tribunanf.com.br\/blogdoralfereis\/2025\/07\/31\/exclusivo-ministro-dias-toffoli-nega-pedido-de-sergio-cabral-e-mantem-condenacoes-da-lava-jato\/","title":{"rendered":"Exclusivo: Ministro Dias Toffoli nega pedido de S\u00e9rgio Cabral e mant\u00e9m condena\u00e7\u00f5es da Lava Jato"},"content":{"rendered":"<p><img loading=\"lazy\" decoding=\"async\" class=\"aligncenter size-large wp-image-9765\" src=\"https:\/\/www.tribunanf.com.br\/blogdoralfereis\/wp-content\/uploads\/sites\/11\/2022\/07\/cabral_Easy-Resize.com_-1024x618.jpg\" alt=\"\" width=\"800\" height=\"483\" srcset=\"https:\/\/www.tribunanf.com.br\/blogdoralfereis\/wp-content\/uploads\/sites\/11\/2022\/07\/cabral_Easy-Resize.com_-1024x618.jpg 1024w, https:\/\/www.tribunanf.com.br\/blogdoralfereis\/wp-content\/uploads\/sites\/11\/2022\/07\/cabral_Easy-Resize.com_-300x181.jpg 300w, https:\/\/www.tribunanf.com.br\/blogdoralfereis\/wp-content\/uploads\/sites\/11\/2022\/07\/cabral_Easy-Resize.com_-768x464.jpg 768w, https:\/\/www.tribunanf.com.br\/blogdoralfereis\/wp-content\/uploads\/sites\/11\/2022\/07\/cabral_Easy-Resize.com_.jpg 1280w\" sizes=\"auto, (max-width: 800px) 100vw, 800px\" \/><\/p>\n<p style=\"text-align: justify;\">O ministro Dias Toffoli, do Supremo Tribunal Federal, negou na tarde desta quinta-feira (31) o pedido do ex-governador do Rio de Janeiro S\u00e9rgio Cabral para anular as condena\u00e7\u00f5es no \u00e2mbito da Opera\u00e7\u00e3o Lava Jato.<\/p>\n<p style=\"text-align: justify;\">Cabral pediu ao ministro a extens\u00e3o da decis\u00e3o que anulou todos os atos dos processos contra o doleiro Alberto Youssef.\u00a0A defesa do ex-governador alegou que a dela\u00e7\u00e3o premiada de Youssef foi essencial para o desenrolar da Opera\u00e7\u00e3o Lava Jato e que, reconhecido os abusos contra o doleiro no processo judicial, todas as consequ\u00eancias da dela\u00e7\u00e3o dele deveriam ser estendidas aos prejudicados.<\/p>\n<p style=\"text-align: justify;\">Ao negar o pedido do ex-governador, o ministro apontou que n\u00e3o anulou o acordo de dela\u00e7\u00e3o de Alberto Youssef, mas tornou nulos os atos processuais devido a escuta ilegal na cela do doleiro.<\/p>\n<p style=\"text-align: justify;\">Confira trechos da decis\u00e3o:<\/p>\n<p style=\"text-align: justify;\">&#8220;Bem examinados os autos, verifico que o pedido de reconhecimento da nulidade em favor do requerente exige a an\u00e1lise de elementos f\u00e1tico subjetivos estranhos aos que foram objeto da Pet 13.015\/DF, tomada como paradigma.<\/p>\n<p style=\"text-align: justify;\">Com efeito, nos termos da decis\u00e3o proferida na Pet n\u00ba 13.015\/DF, ficou devidamente assentado que houve escuta ilegal na cela do requerente, al\u00e9m de di\u00e1logos revelados pela Opera\u00e7\u00e3o Spoofing que comprovaram a atua\u00e7\u00e3o conjunta e coordenada entre magistrado e Minist\u00e9rio P\u00fablico em detrimento do direito de defesa e do devido processo legal.<\/p>\n<p style=\"text-align: justify;\">Por outro lado, no presente caso, conforme se v\u00ea das raz\u00f5es da exordial, o requerente deduz pedido de extens\u00e3o tendo como fundamento f\u00e1tico a parcialidade do ex-Juiz S\u00e9rgio Moro no \u00e2mbito de procedimentos vinculados \u00e0 extinta For\u00e7a-Tarefa da Opera\u00e7\u00e3o Lava Jato com fundamento em elementos subjetivos diversos.<\/p>\n<p style=\"text-align: justify;\">Ademais, conforme devidamente assentado na decis\u00e3o paradigma, a declara\u00e7\u00e3o de nulidade dos atos praticados na 13\u00aa Vara Federal de Curitiba n\u00e3o implicou a nulidade do acordo de colabora\u00e7\u00e3o firmado por Alberto Youssef, o que sequer foi requerido na referida demanda<\/p>\n<p style=\"text-align: justify;\">Desse modo, no presente feito a causa da querela reside em situa\u00e7\u00e3o f\u00e1tica e em elemetos subjetivos estranhos aos examinados no precedente invocado, o que demonstra a aus\u00eancia de ader\u00eancia estrita e dos requisitos do art. 580 do CPP.<\/p>\n<p style=\"text-align: justify;\">Por tais raz\u00f5es, tenho que n\u00e3o se revela vi\u00e1vel a pretens\u00e3o deduzida nesta sede, sem preju\u00edzo do exame da mat\u00e9ria pelas inst\u00e2ncias ordin\u00e1rias. Ante o exposto, nego seguimento ao pedido ora formulado.&#8221;, decidiu Toffoli.<\/p>\n","protected":false},"excerpt":{"rendered":"<p>O ministro Dias Toffoli, do Supremo Tribunal Federal, negou na tarde desta quinta-feira (31) o pedido do ex-governador do Rio&#8230;<\/p>\n","protected":false},"author":2,"featured_media":9765,"comment_status":"open","ping_status":"open","sticky":false,"template":"","format":"standard","meta":{"colormag_page_container_layout":"default_layout","colormag_page_sidebar_layout":"default_layout","jetpack_post_was_ever_published":false,"_jetpack_newsletter_access":"","_jetpack_dont_email_post_to_subs":false,"_jetpack_newsletter_tier_id":0,"_jetpack_memberships_contains_paywalled_content":false,"_jetpack_memberships_contains_paid_content":false,"footnotes":""},"categories":[2],"tags":[],"class_list":["post-14735","post","type-post","status-publish","format-standard","has-post-thumbnail","hentry","category-politica"],"jetpack_featured_media_url":"https:\/\/www.tribunanf.com.br\/blogdoralfereis\/wp-content\/uploads\/sites\/11\/2022\/07\/cabral_Easy-Resize.com_.jpg","jetpack_sharing_enabled":true,"_links":{"self":[{"href":"https:\/\/www.tribunanf.com.br\/blogdoralfereis\/wp-json\/wp\/v2\/posts\/14735","targetHints":{"allow":["GET"]}}],"collection":[{"href":"https:\/\/www.tribunanf.com.br\/blogdoralfereis\/wp-json\/wp\/v2\/posts"}],"about":[{"href":"https:\/\/www.tribunanf.com.br\/blogdoralfereis\/wp-json\/wp\/v2\/types\/post"}],"author":[{"embeddable":true,"href":"https:\/\/www.tribunanf.com.br\/blogdoralfereis\/wp-json\/wp\/v2\/users\/2"}],"replies":[{"embeddable":true,"href":"https:\/\/www.tribunanf.com.br\/blogdoralfereis\/wp-json\/wp\/v2\/comments?post=14735"}],"version-history":[{"count":2,"href":"https:\/\/www.tribunanf.com.br\/blogdoralfereis\/wp-json\/wp\/v2\/posts\/14735\/revisions"}],"predecessor-version":[{"id":14737,"href":"https:\/\/www.tribunanf.com.br\/blogdoralfereis\/wp-json\/wp\/v2\/posts\/14735\/revisions\/14737"}],"wp:featuredmedia":[{"embeddable":true,"href":"https:\/\/www.tribunanf.com.br\/blogdoralfereis\/wp-json\/wp\/v2\/media\/9765"}],"wp:attachment":[{"href":"https:\/\/www.tribunanf.com.br\/blogdoralfereis\/wp-json\/wp\/v2\/media?parent=14735"}],"wp:term":[{"taxonomy":"category","embeddable":true,"href":"https:\/\/www.tribunanf.com.br\/blogdoralfereis\/wp-json\/wp\/v2\/categories?post=14735"},{"taxonomy":"post_tag","embeddable":true,"href":"https:\/\/www.tribunanf.com.br\/blogdoralfereis\/wp-json\/wp\/v2\/tags?post=14735"}],"curies":[{"name":"wp","href":"https:\/\/api.w.org\/{rel}","templated":true}]}}