{"id":14668,"date":"2025-07-09T17:58:09","date_gmt":"2025-07-09T20:58:09","guid":{"rendered":"https:\/\/www.tribunanf.com.br\/blogdoralfereis\/?p=14668"},"modified":"2025-07-09T17:58:09","modified_gmt":"2025-07-09T20:58:09","slug":"prefeitura-de-campos-desenvolve-site-exclusivo-para-licitacoes","status":"publish","type":"post","link":"https:\/\/www.tribunanf.com.br\/blogdoralfereis\/2025\/07\/09\/prefeitura-de-campos-desenvolve-site-exclusivo-para-licitacoes\/","title":{"rendered":"Prefeitura de Campos desenvolve site exclusivo para licita\u00e7\u00f5es"},"content":{"rendered":"<p><img loading=\"lazy\" decoding=\"async\" class=\"aligncenter size-large wp-image-14284\" src=\"https:\/\/www.tribunanf.com.br\/blogdoralfereis\/wp-content\/uploads\/sites\/11\/2025\/04\/prefeitura_Easy-Resize.com_-1024x682.jpg\" alt=\"\" width=\"800\" height=\"533\" srcset=\"https:\/\/www.tribunanf.com.br\/blogdoralfereis\/wp-content\/uploads\/sites\/11\/2025\/04\/prefeitura_Easy-Resize.com_-1024x682.jpg 1024w, https:\/\/www.tribunanf.com.br\/blogdoralfereis\/wp-content\/uploads\/sites\/11\/2025\/04\/prefeitura_Easy-Resize.com_-300x200.jpg 300w, https:\/\/www.tribunanf.com.br\/blogdoralfereis\/wp-content\/uploads\/sites\/11\/2025\/04\/prefeitura_Easy-Resize.com_-768x512.jpg 768w, https:\/\/www.tribunanf.com.br\/blogdoralfereis\/wp-content\/uploads\/sites\/11\/2025\/04\/prefeitura_Easy-Resize.com_.jpg 1280w\" sizes=\"auto, (max-width: 800px) 100vw, 800px\" \/><\/p>\n<p style=\"text-align: justify;\">A Secretaria Municipal de Administra\u00e7\u00e3o e Contratos (SEMAC) desenvolveu, em parceria com o Centro de Informa\u00e7\u00e3o e Dados de Campos (CIDAC), um novo site eletr\u00f4nico voltado \u00fanica e exclusivamente para as licita\u00e7\u00f5es e dispensas de licita\u00e7\u00e3o. O novo site, que vai estar no ar a partir desta quinta-feira (10), visa dar mais transpar\u00eancia compilando, num \u00fanico ambiente, todas as informa\u00e7\u00f5es necess\u00e1rias ao exerc\u00edcio de fiscaliza\u00e7\u00e3o social e dos \u00f3rg\u00e3os de controle.<\/p>\n<p>O acesso ao novo site poder\u00e1 ser feito por meio do endere\u00e7o eletr\u00f4nico <strong>www.licitacao.campos.rj.gov.br<\/strong> ou atrav\u00e9s do site oficial da <a href=\"https:\/\/www.campos.rj.gov.br\/\" target=\"_blank\" rel=\"noopener\">Prefeitura Municipal de Campos dos Goytacazes<\/a>, na aba \u201cLicita\u00e7\u00f5es\u201d, clicando no bot\u00e3o \u201cEditais publicados a partir de 10.06.2025\u201d.<\/p>\n<p style=\"text-align: justify;\">De acordo com o secret\u00e1rio de Administra\u00e7\u00e3o e Contratos, Marcelo Monteiro, as informa\u00e7\u00f5es a serem disponibilizadas se encontram de acordo com as normas legais, em especial a Lei Federal n\u00ba 14.133\/2021, bem como com as demandas oriundas do Tribunal de Contas do Estado do Rio de Janeiro e do Tribunal de Contas da Uni\u00e3o.<\/p>\n<p style=\"text-align: justify;\">\u201cA transpar\u00eancia, al\u00e9m de ser um princ\u00edpio expressamente previsto na Lei de Licita\u00e7\u00f5es e Contratos Administrativos, \u00e9 dever de todos aqueles que lidam com a coisa p\u00fablica. Conv\u00e9m destacar que o novo s\u00edtio eletr\u00f4nico dispor\u00e1 de informa\u00e7\u00f5es relativas \u00e0s licita\u00e7\u00f5es e dispensas de licita\u00e7\u00e3o em raz\u00e3o do valor, cujos editais forem publicados a partir de 10 de junho de 2025, data de in\u00edcio das atividades da SEMAC\u201d, ressalta o secret\u00e1rio.<\/p>\n<p style=\"text-align: justify;\">Marcelo explica que os editais, publicados antes da data informada, poder\u00e3o ser acompanhados no site oficial da Prefeitura de Campos, na aba \u2018Licita\u00e7\u00f5es\u2019, bot\u00e3o \u2018Editais publicados at\u00e9 09.06.2025\u2019. \u201c\u00c9 importante esclarecer que as informa\u00e7\u00f5es veiculadas no novo site n\u00e3o substituem os dados de lan\u00e7amentos obrigat\u00f3rios no Portal da Transpar\u00eancia e no Portal Nacional de Contrata\u00e7\u00f5es P\u00fablicas\u201d, finaliza.<\/p>\n<p style=\"text-align: justify;\">Fonte: Secom<\/p>\n","protected":false},"excerpt":{"rendered":"<p>A Secretaria Municipal de Administra\u00e7\u00e3o e Contratos (SEMAC) desenvolveu, em parceria com o Centro de Informa\u00e7\u00e3o e Dados de Campos&#8230;<\/p>\n","protected":false},"author":2,"featured_media":14284,"comment_status":"open","ping_status":"open","sticky":false,"template":"","format":"standard","meta":{"colormag_page_container_layout":"default_layout","colormag_page_sidebar_layout":"default_layout","jetpack_post_was_ever_published":false,"_jetpack_newsletter_access":"","_jetpack_dont_email_post_to_subs":false,"_jetpack_newsletter_tier_id":0,"_jetpack_memberships_contains_paywalled_content":false,"_jetpack_memberships_contains_paid_content":false,"footnotes":""},"categories":[2],"tags":[],"class_list":["post-14668","post","type-post","status-publish","format-standard","has-post-thumbnail","hentry","category-politica"],"jetpack_featured_media_url":"https:\/\/www.tribunanf.com.br\/blogdoralfereis\/wp-content\/uploads\/sites\/11\/2025\/04\/prefeitura_Easy-Resize.com_.jpg","jetpack_sharing_enabled":true,"_links":{"self":[{"href":"https:\/\/www.tribunanf.com.br\/blogdoralfereis\/wp-json\/wp\/v2\/posts\/14668","targetHints":{"allow":["GET"]}}],"collection":[{"href":"https:\/\/www.tribunanf.com.br\/blogdoralfereis\/wp-json\/wp\/v2\/posts"}],"about":[{"href":"https:\/\/www.tribunanf.com.br\/blogdoralfereis\/wp-json\/wp\/v2\/types\/post"}],"author":[{"embeddable":true,"href":"https:\/\/www.tribunanf.com.br\/blogdoralfereis\/wp-json\/wp\/v2\/users\/2"}],"replies":[{"embeddable":true,"href":"https:\/\/www.tribunanf.com.br\/blogdoralfereis\/wp-json\/wp\/v2\/comments?post=14668"}],"version-history":[{"count":2,"href":"https:\/\/www.tribunanf.com.br\/blogdoralfereis\/wp-json\/wp\/v2\/posts\/14668\/revisions"}],"predecessor-version":[{"id":14670,"href":"https:\/\/www.tribunanf.com.br\/blogdoralfereis\/wp-json\/wp\/v2\/posts\/14668\/revisions\/14670"}],"wp:featuredmedia":[{"embeddable":true,"href":"https:\/\/www.tribunanf.com.br\/blogdoralfereis\/wp-json\/wp\/v2\/media\/14284"}],"wp:attachment":[{"href":"https:\/\/www.tribunanf.com.br\/blogdoralfereis\/wp-json\/wp\/v2\/media?parent=14668"}],"wp:term":[{"taxonomy":"category","embeddable":true,"href":"https:\/\/www.tribunanf.com.br\/blogdoralfereis\/wp-json\/wp\/v2\/categories?post=14668"},{"taxonomy":"post_tag","embeddable":true,"href":"https:\/\/www.tribunanf.com.br\/blogdoralfereis\/wp-json\/wp\/v2\/tags?post=14668"}],"curies":[{"name":"wp","href":"https:\/\/api.w.org\/{rel}","templated":true}]}}