{"id":14664,"date":"2025-07-08T14:35:06","date_gmt":"2025-07-08T17:35:06","guid":{"rendered":"https:\/\/www.tribunanf.com.br\/blogdoralfereis\/?p=14664"},"modified":"2025-07-08T14:35:06","modified_gmt":"2025-07-08T17:35:06","slug":"flavio-bolsonaro-pede-a-claudio-castro-para-que-revogue-a-exoneracao-de-washington-reis","status":"publish","type":"post","link":"https:\/\/www.tribunanf.com.br\/blogdoralfereis\/2025\/07\/08\/flavio-bolsonaro-pede-a-claudio-castro-para-que-revogue-a-exoneracao-de-washington-reis\/","title":{"rendered":"Fl\u00e1vio Bolsonaro pede a Cl\u00e1udio Castro para que revogue a exonera\u00e7\u00e3o de Washington Reis"},"content":{"rendered":"<p><img loading=\"lazy\" decoding=\"async\" class=\"aligncenter size-large wp-image-14665\" src=\"https:\/\/www.tribunanf.com.br\/blogdoralfereis\/wp-content\/uploads\/sites\/11\/2025\/07\/bolsona-e-reis_Easy-Resize.com_-1024x685.jpg\" alt=\"\" width=\"800\" height=\"535\" srcset=\"https:\/\/www.tribunanf.com.br\/blogdoralfereis\/wp-content\/uploads\/sites\/11\/2025\/07\/bolsona-e-reis_Easy-Resize.com_-1024x685.jpg 1024w, https:\/\/www.tribunanf.com.br\/blogdoralfereis\/wp-content\/uploads\/sites\/11\/2025\/07\/bolsona-e-reis_Easy-Resize.com_-300x201.jpg 300w, https:\/\/www.tribunanf.com.br\/blogdoralfereis\/wp-content\/uploads\/sites\/11\/2025\/07\/bolsona-e-reis_Easy-Resize.com_-768x514.jpg 768w, https:\/\/www.tribunanf.com.br\/blogdoralfereis\/wp-content\/uploads\/sites\/11\/2025\/07\/bolsona-e-reis_Easy-Resize.com_.jpg 1280w\" sizes=\"auto, (max-width: 800px) 100vw, 800px\" \/><\/p>\n<p style=\"text-align: justify;\">O senador Fl\u00e1vio Bolsonaro entrou em campo para resolver o impasse que envolve o governador Cl\u00e1udio Castro, o presidente da Alerj, Rodrigo Bacellar, e o agora ex-secret\u00e1rio de Transportes Washington Reis: ele pediu a Cl\u00e1udio Castro para que revogue a exonera\u00e7\u00e3o de Reis e avisou isto a Bacellar. Com a medida, Reis voltaria ao cargo. Fl\u00e1vio tamb\u00e9m pediu a Castro para que medeie o entendimento com Bacellar a afim a decis\u00e3o seja tomada de comum acordo, informa a Coluna do jornalista Ricardo Bruno, do Agenda do Poder (<a href=\"https:\/\/agendadopoder.com.br\/exclusivo-flavio-bolsonaro-pede-a-claudio-castro-para-que-revogue-a-exoneracao-de-washington-reis\/\" target=\"_blank\" rel=\"noopener\">AQUI<\/a>).<\/p>\n<p style=\"text-align: justify;\">Trata-se da primeira \u201cintromiss\u00e3o\u201d mais incisiva da fam\u00edlia Bolsonaro no caso. Com plenos poderes no PL, o cl\u00e3 Bolsonaro vinha se mantendo distante da pol\u00eamica. O pr\u00f3prio Jair Bolsonaro ainda n\u00e3o se manifestou publicamente. Como todos os envolvidos dependem do apoio dos Bolsonaro para galgar em suas ambi\u00e7\u00f5es pol\u00edticas, entretanto, o pedido deve ser encarado como ordem. At\u00e9 o momento, os Bolsonaro acenam com o apoio a Bacellar. Reis corre por fora e acena com uma candidatura na mesma raia, caso se reverta a sua inelegibilidade.<\/p>\n<p style=\"text-align: justify;\">\u201cPedi ao governador para que revogue a exonera\u00e7\u00e3o do Washington Reis e para que negocie uma sa\u00edda no di\u00e1logo, reunindo os dois em uma conversa. Me parece a decis\u00e3o mais madura neste momento\u201d, disse Fl\u00e1vio \u00e0 Agenda do Poder.<\/p>\n<p style=\"text-align: justify;\">A exonera\u00e7\u00e3o de Washington Reis escancarou o racha entre o grupo de Cl\u00e1udio Castro e Bacellar. Reis vinha sendo alvo de cr\u00edticas por n\u00e3o aderir \u00e0 candidatura de Bacellar e manter v\u00ednculos com o prefeito Paes publicou nas redes sociais um v\u00eddeo ao lado de Washington e de seu irm\u00e3o, o deputado Rosenverg Reis (MDB), elogiando a atua\u00e7\u00e3o dos dois em um projeto social. O gesto foi lido como provoca\u00e7\u00e3o no meio pol\u00edtico fluminense.<\/p>\n","protected":false},"excerpt":{"rendered":"<p>O senador Fl\u00e1vio Bolsonaro entrou em campo para resolver o impasse que envolve o governador Cl\u00e1udio Castro, o presidente da&#8230;<\/p>\n","protected":false},"author":2,"featured_media":14665,"comment_status":"open","ping_status":"open","sticky":false,"template":"","format":"standard","meta":{"colormag_page_container_layout":"default_layout","colormag_page_sidebar_layout":"default_layout","jetpack_post_was_ever_published":false,"_jetpack_newsletter_access":"","_jetpack_dont_email_post_to_subs":false,"_jetpack_newsletter_tier_id":0,"_jetpack_memberships_contains_paywalled_content":false,"_jetpack_memberships_contains_paid_content":false,"footnotes":""},"categories":[2],"tags":[],"class_list":["post-14664","post","type-post","status-publish","format-standard","has-post-thumbnail","hentry","category-politica"],"jetpack_featured_media_url":"https:\/\/www.tribunanf.com.br\/blogdoralfereis\/wp-content\/uploads\/sites\/11\/2025\/07\/bolsona-e-reis_Easy-Resize.com_.jpg","jetpack_sharing_enabled":true,"_links":{"self":[{"href":"https:\/\/www.tribunanf.com.br\/blogdoralfereis\/wp-json\/wp\/v2\/posts\/14664","targetHints":{"allow":["GET"]}}],"collection":[{"href":"https:\/\/www.tribunanf.com.br\/blogdoralfereis\/wp-json\/wp\/v2\/posts"}],"about":[{"href":"https:\/\/www.tribunanf.com.br\/blogdoralfereis\/wp-json\/wp\/v2\/types\/post"}],"author":[{"embeddable":true,"href":"https:\/\/www.tribunanf.com.br\/blogdoralfereis\/wp-json\/wp\/v2\/users\/2"}],"replies":[{"embeddable":true,"href":"https:\/\/www.tribunanf.com.br\/blogdoralfereis\/wp-json\/wp\/v2\/comments?post=14664"}],"version-history":[{"count":1,"href":"https:\/\/www.tribunanf.com.br\/blogdoralfereis\/wp-json\/wp\/v2\/posts\/14664\/revisions"}],"predecessor-version":[{"id":14666,"href":"https:\/\/www.tribunanf.com.br\/blogdoralfereis\/wp-json\/wp\/v2\/posts\/14664\/revisions\/14666"}],"wp:featuredmedia":[{"embeddable":true,"href":"https:\/\/www.tribunanf.com.br\/blogdoralfereis\/wp-json\/wp\/v2\/media\/14665"}],"wp:attachment":[{"href":"https:\/\/www.tribunanf.com.br\/blogdoralfereis\/wp-json\/wp\/v2\/media?parent=14664"}],"wp:term":[{"taxonomy":"category","embeddable":true,"href":"https:\/\/www.tribunanf.com.br\/blogdoralfereis\/wp-json\/wp\/v2\/categories?post=14664"},{"taxonomy":"post_tag","embeddable":true,"href":"https:\/\/www.tribunanf.com.br\/blogdoralfereis\/wp-json\/wp\/v2\/tags?post=14664"}],"curies":[{"name":"wp","href":"https:\/\/api.w.org\/{rel}","templated":true}]}}