{"id":1465,"date":"2019-01-31T10:11:46","date_gmt":"2019-01-31T12:11:46","guid":{"rendered":"http:\/\/www.tribunanf.com.br\/blogdoralfereis\/?p=1465"},"modified":"2019-01-31T10:11:46","modified_gmt":"2019-01-31T12:11:46","slug":"moradores-de-travessao-e-sao-diogo-tambem-sao-vitimas-da-brasil-e-imtt","status":"publish","type":"post","link":"https:\/\/www.tribunanf.com.br\/blogdoralfereis\/2019\/01\/31\/moradores-de-travessao-e-sao-diogo-tambem-sao-vitimas-da-brasil-e-imtt\/","title":{"rendered":"Moradores de Travess\u00e3o e S\u00e3o Diogo tamb\u00e9m s\u00e3o v\u00edtimas da Brasil e IMTT"},"content":{"rendered":"<p><img loading=\"lazy\" decoding=\"async\" class=\"aligncenter  wp-image-1466\" src=\"http:\/\/www.tribunanf.com.br\/blogdoralfereis\/wp-content\/uploads\/sites\/11\/2019\/01\/onibus-brasil.jpg\" alt=\"\" width=\"644\" height=\"348\" srcset=\"https:\/\/www.tribunanf.com.br\/blogdoralfereis\/wp-content\/uploads\/sites\/11\/2019\/01\/onibus-brasil.jpg 448w, https:\/\/www.tribunanf.com.br\/blogdoralfereis\/wp-content\/uploads\/sites\/11\/2019\/01\/onibus-brasil-300x162.jpg 300w\" sizes=\"auto, (max-width: 644px) 100vw, 644px\" \/><\/p>\n<p style=\"text-align: justify;\">Os moradores da localidade de S\u00e3o Diogo e Travess\u00e3o est\u00e3o em desespero com a manobra que est\u00e1 sendo feita pela via\u00e7\u00e3o Brasil e o\u00a0Instituto Municipal de Tr\u00e2nsito e Transportes (IMTT) de Campos.<\/p>\n<p style=\"text-align: justify;\">O IMTT usurpando a compet\u00eancia fiscalizat\u00f3ria do Detro retira todo e qualquer tipo de transporte do passageiro de Campos para que a via\u00e7\u00e3o Brasil, que faz transporte intermunicipal, cobre a tarifa de R$ 9,90 de S\u00e3o Diogo ao Centro de Campos.<\/p>\n<p style=\"text-align: justify;\">Na verdade o munic\u00edpio deveria prover o transporte municipal, atrav\u00e9s do IMTT, cujo valor da tarifa, se existisse \u00f4nibus, teria de ser R$ 2,75.<\/p>\n<p style=\"text-align: justify;\">Ocorre que o IMTT coloca fiscaliza\u00e7\u00e3o no local e impede que o transporte alternativo socorra a popula\u00e7\u00e3o sendo, por conseguinte, obrigada a cair nos bra\u00e7os da via\u00e7\u00e3o Brasil.<\/p>\n<p style=\"text-align: justify;\">Essa den\u00fancia \u00e9 grave e o Detro deve tomar providencia no sentido de suspender ou cassar a permiss\u00e3o prec\u00e1ria da via\u00e7\u00e3o Brasil no per\u00edmetro de Campos x S\u00e3o Francisco x Barra do Itabapoana.<\/p>\n<p style=\"text-align: justify;\">A equa\u00e7\u00e3o \u00e9 simples o IMTT inviabiliza o transporte municipal, atrav\u00e9s do sucateamento, proibindo uma alternativa que abre caminho para a cobran\u00e7a do valor da tarifa tr\u00eas vezes mais do que seria devido ao passageiro.<\/p>\n<p style=\"text-align: justify;\">\u00c9 preciso que os deputados estaduais da regi\u00e3o tomem uma providencia junto ao Detro, vez que o IMTT est\u00e1 usando suas fun\u00e7\u00f5es em v\u00e1rios locais do munic\u00edpio, sempre em sintonia com a via\u00e7\u00e3o Brasil.<\/p>\n<p style=\"text-align: justify;\">O munic\u00edpio deveria e poderia fazer tudo isso se a popula\u00e7\u00e3o tivesse \u00f4nibus para se deslocar dentro do munic\u00edpio.<\/p>\n<p style=\"text-align: justify;\">Pela atual regra o empres\u00e1rio do transporte municipal pode receber mais parado do que andando. Coisas do governo Rafael Diniz.<\/p>\n","protected":false},"excerpt":{"rendered":"<p>Os moradores da localidade de S\u00e3o Diogo e Travess\u00e3o est\u00e3o em desespero com a manobra que est\u00e1 sendo feita pela&#8230;<\/p>\n","protected":false},"author":2,"featured_media":1466,"comment_status":"open","ping_status":"open","sticky":false,"template":"","format":"standard","meta":{"colormag_page_container_layout":"default_layout","colormag_page_sidebar_layout":"default_layout","jetpack_post_was_ever_published":false,"_jetpack_newsletter_access":"","_jetpack_dont_email_post_to_subs":false,"_jetpack_newsletter_tier_id":0,"_jetpack_memberships_contains_paywalled_content":false,"_jetpack_memberships_contains_paid_content":false,"footnotes":""},"categories":[2],"tags":[],"class_list":["post-1465","post","type-post","status-publish","format-standard","has-post-thumbnail","hentry","category-politica"],"jetpack_featured_media_url":"https:\/\/www.tribunanf.com.br\/blogdoralfereis\/wp-content\/uploads\/sites\/11\/2019\/01\/onibus-brasil.jpg","jetpack_sharing_enabled":true,"_links":{"self":[{"href":"https:\/\/www.tribunanf.com.br\/blogdoralfereis\/wp-json\/wp\/v2\/posts\/1465","targetHints":{"allow":["GET"]}}],"collection":[{"href":"https:\/\/www.tribunanf.com.br\/blogdoralfereis\/wp-json\/wp\/v2\/posts"}],"about":[{"href":"https:\/\/www.tribunanf.com.br\/blogdoralfereis\/wp-json\/wp\/v2\/types\/post"}],"author":[{"embeddable":true,"href":"https:\/\/www.tribunanf.com.br\/blogdoralfereis\/wp-json\/wp\/v2\/users\/2"}],"replies":[{"embeddable":true,"href":"https:\/\/www.tribunanf.com.br\/blogdoralfereis\/wp-json\/wp\/v2\/comments?post=1465"}],"version-history":[{"count":0,"href":"https:\/\/www.tribunanf.com.br\/blogdoralfereis\/wp-json\/wp\/v2\/posts\/1465\/revisions"}],"wp:featuredmedia":[{"embeddable":true,"href":"https:\/\/www.tribunanf.com.br\/blogdoralfereis\/wp-json\/wp\/v2\/media\/1466"}],"wp:attachment":[{"href":"https:\/\/www.tribunanf.com.br\/blogdoralfereis\/wp-json\/wp\/v2\/media?parent=1465"}],"wp:term":[{"taxonomy":"category","embeddable":true,"href":"https:\/\/www.tribunanf.com.br\/blogdoralfereis\/wp-json\/wp\/v2\/categories?post=1465"},{"taxonomy":"post_tag","embeddable":true,"href":"https:\/\/www.tribunanf.com.br\/blogdoralfereis\/wp-json\/wp\/v2\/tags?post=1465"}],"curies":[{"name":"wp","href":"https:\/\/api.w.org\/{rel}","templated":true}]}}