{"id":14549,"date":"2025-06-09T17:30:52","date_gmt":"2025-06-09T20:30:52","guid":{"rendered":"https:\/\/www.tribunanf.com.br\/blogdoralfereis\/?p=14549"},"modified":"2025-06-09T17:30:52","modified_gmt":"2025-06-09T20:30:52","slug":"andre-mendonca-cassa-liminar-de-joa-e-determina-nova-eleicao-para-prefeito-de-tres-rios","status":"publish","type":"post","link":"https:\/\/www.tribunanf.com.br\/blogdoralfereis\/2025\/06\/09\/andre-mendonca-cassa-liminar-de-joa-e-determina-nova-eleicao-para-prefeito-de-tres-rios\/","title":{"rendered":"Andr\u00e9 Mendon\u00e7a cassa liminar de Joa e determina nova elei\u00e7\u00e3o para prefeito de Tr\u00eas Rios"},"content":{"rendered":"<p><img loading=\"lazy\" decoding=\"async\" class=\"aligncenter size-full wp-image-3596\" src=\"https:\/\/www.tribunanf.com.br\/blogdoralfereis\/wp-content\/uploads\/sites\/11\/2020\/03\/urna-eletronica.jpg\" alt=\"\" width=\"940\" height=\"520\" srcset=\"https:\/\/www.tribunanf.com.br\/blogdoralfereis\/wp-content\/uploads\/sites\/11\/2020\/03\/urna-eletronica.jpg 940w, https:\/\/www.tribunanf.com.br\/blogdoralfereis\/wp-content\/uploads\/sites\/11\/2020\/03\/urna-eletronica-300x166.jpg 300w, https:\/\/www.tribunanf.com.br\/blogdoralfereis\/wp-content\/uploads\/sites\/11\/2020\/03\/urna-eletronica-768x425.jpg 768w\" sizes=\"auto, (max-width: 940px) 100vw, 940px\" \/><\/p>\n<p style=\"text-align: justify;\">O ministro do Tribunal Superior Eleitoral (TSE), Andr\u00e9 Mendon\u00e7a, cassou a liminar que ele havia concedida ao prefeito de Tr\u00eas Rios, Joa Barbaglio (REP), para permitir a sua diploma\u00e7\u00e3o como reeleito para o cargo em 2024. A decis\u00e3o foi nesta segunda-feira (9). Andr\u00e9 Mendon\u00e7a determinou a \u201cimediata comunica\u00e7\u00e3o \u00e0 presid\u00eancia do TRE\/RJ para a ado\u00e7\u00e3o das medidas cab\u00edveis\u201d.<\/p>\n<p style=\"text-align: justify;\">Desde 1\u00ba de janeiro, Joa vem governando tr\u00eas Rios atrav\u00e9s de um efeito suspensivo concedido pelo TSE, ap\u00f3s ter o registro barrado pelo Tribunal Regional Eleitoral do Rio (TRE). O ministro Nunes Marques havia pedido vista ao processo no TSE e ainda n\u00e3o devolveu para julgamento, mas Andr\u00e9 Mendon\u00e7a entendeu que n\u00e3o h\u00e1 necessidade de aguardar a devolu\u00e7\u00e3o da vista.<\/p>\n<p style=\"text-align: justify;\">Na senten\u00e7a desta segunda-feira, Mendon\u00e7a citou julgamento recente do TSE sobre um caso semelhante ao de Tr\u00eas Rios, referente \u00e0s elei\u00e7\u00f5es de prefeito na cidade de Bandeirantes, em S\u00e3o Paulo, em que a corte, por unanimidade, decidiu que vale a data do 1\u00ba turno para que a documenta\u00e7\u00e3o do candidato esteja devidamente correta na Justi\u00e7a Eleitoral.<\/p>\n<p style=\"text-align: justify;\">O caso contra Joa envolve o fato dele ter tido as contas de gest\u00e3o como presidente da C\u00e2mara Municipal de Tr\u00eas Rios reprovadas pelo Tribunal de Contas do Estado (TCE), em 2019. Joa disputou a elei\u00e7\u00e3o sub judice e foi o mais votado, com 60,99%. Vinicius Farah (Uni\u00e3o) ficou em segundo, com 31,29 %.<\/p>\n<p style=\"text-align: justify;\">Joa havia obtido uma liminar suspendendo a decis\u00e3o do TCE mas como a mudan\u00e7a ocorreu ap\u00f3s o 1\u00ba turno das elei\u00e7\u00f5es n\u00e3o tem valor para sustar sua inelegibilidade. Para o TRE e o TSE, a data da vota\u00e7\u00e3o \u00e9 o marco temporal para que um candidato apresente as condi\u00e7\u00f5es de elegibilidade, o que n\u00e3o seria o caso do prefeito em 6 de outubro.<\/p>\n<p style=\"text-align: justify;\">Fonte: Agenda do Poder<\/p>\n","protected":false},"excerpt":{"rendered":"<p>O ministro do Tribunal Superior Eleitoral (TSE), Andr\u00e9 Mendon\u00e7a, cassou a liminar que ele havia concedida ao prefeito de Tr\u00eas&#8230;<\/p>\n","protected":false},"author":2,"featured_media":3596,"comment_status":"open","ping_status":"open","sticky":false,"template":"","format":"standard","meta":{"colormag_page_container_layout":"default_layout","colormag_page_sidebar_layout":"default_layout","jetpack_post_was_ever_published":false,"_jetpack_newsletter_access":"","_jetpack_dont_email_post_to_subs":false,"_jetpack_newsletter_tier_id":0,"_jetpack_memberships_contains_paywalled_content":false,"_jetpack_memberships_contains_paid_content":false,"footnotes":""},"categories":[2],"tags":[],"class_list":["post-14549","post","type-post","status-publish","format-standard","has-post-thumbnail","hentry","category-politica"],"jetpack_featured_media_url":"https:\/\/www.tribunanf.com.br\/blogdoralfereis\/wp-content\/uploads\/sites\/11\/2020\/03\/urna-eletronica.jpg","jetpack_sharing_enabled":true,"_links":{"self":[{"href":"https:\/\/www.tribunanf.com.br\/blogdoralfereis\/wp-json\/wp\/v2\/posts\/14549","targetHints":{"allow":["GET"]}}],"collection":[{"href":"https:\/\/www.tribunanf.com.br\/blogdoralfereis\/wp-json\/wp\/v2\/posts"}],"about":[{"href":"https:\/\/www.tribunanf.com.br\/blogdoralfereis\/wp-json\/wp\/v2\/types\/post"}],"author":[{"embeddable":true,"href":"https:\/\/www.tribunanf.com.br\/blogdoralfereis\/wp-json\/wp\/v2\/users\/2"}],"replies":[{"embeddable":true,"href":"https:\/\/www.tribunanf.com.br\/blogdoralfereis\/wp-json\/wp\/v2\/comments?post=14549"}],"version-history":[{"count":2,"href":"https:\/\/www.tribunanf.com.br\/blogdoralfereis\/wp-json\/wp\/v2\/posts\/14549\/revisions"}],"predecessor-version":[{"id":14551,"href":"https:\/\/www.tribunanf.com.br\/blogdoralfereis\/wp-json\/wp\/v2\/posts\/14549\/revisions\/14551"}],"wp:featuredmedia":[{"embeddable":true,"href":"https:\/\/www.tribunanf.com.br\/blogdoralfereis\/wp-json\/wp\/v2\/media\/3596"}],"wp:attachment":[{"href":"https:\/\/www.tribunanf.com.br\/blogdoralfereis\/wp-json\/wp\/v2\/media?parent=14549"}],"wp:term":[{"taxonomy":"category","embeddable":true,"href":"https:\/\/www.tribunanf.com.br\/blogdoralfereis\/wp-json\/wp\/v2\/categories?post=14549"},{"taxonomy":"post_tag","embeddable":true,"href":"https:\/\/www.tribunanf.com.br\/blogdoralfereis\/wp-json\/wp\/v2\/tags?post=14549"}],"curies":[{"name":"wp","href":"https:\/\/api.w.org\/{rel}","templated":true}]}}