{"id":14530,"date":"2025-06-05T11:28:35","date_gmt":"2025-06-05T14:28:35","guid":{"rendered":"https:\/\/www.tribunanf.com.br\/blogdoralfereis\/?p=14530"},"modified":"2025-06-05T11:28:35","modified_gmt":"2025-06-05T14:28:35","slug":"caso-de-rachadinha-que-envolve-presidente-do-tce-rj-vai-para-o-stj","status":"publish","type":"post","link":"https:\/\/www.tribunanf.com.br\/blogdoralfereis\/2025\/06\/05\/caso-de-rachadinha-que-envolve-presidente-do-tce-rj-vai-para-o-stj\/","title":{"rendered":"Caso de \u2018rachadinha\u2019 que envolve presidente do TCE-RJ vai para o STJ"},"content":{"rendered":"<p><img loading=\"lazy\" decoding=\"async\" class=\"aligncenter size-large wp-image-13569\" src=\"https:\/\/www.tribunanf.com.br\/blogdoralfereis\/wp-content\/uploads\/sites\/11\/2024\/10\/marcio-pacheco_Easy-Resize.com_-1024x577.jpg\" alt=\"\" width=\"800\" height=\"451\" srcset=\"https:\/\/www.tribunanf.com.br\/blogdoralfereis\/wp-content\/uploads\/sites\/11\/2024\/10\/marcio-pacheco_Easy-Resize.com_-1024x577.jpg 1024w, https:\/\/www.tribunanf.com.br\/blogdoralfereis\/wp-content\/uploads\/sites\/11\/2024\/10\/marcio-pacheco_Easy-Resize.com_-300x169.jpg 300w, https:\/\/www.tribunanf.com.br\/blogdoralfereis\/wp-content\/uploads\/sites\/11\/2024\/10\/marcio-pacheco_Easy-Resize.com_-768x433.jpg 768w, https:\/\/www.tribunanf.com.br\/blogdoralfereis\/wp-content\/uploads\/sites\/11\/2024\/10\/marcio-pacheco_Easy-Resize.com_.jpg 1280w\" sizes=\"auto, (max-width: 800px) 100vw, 800px\" \/><\/p>\n<p style=\"text-align: justify;\">O processo criminal que envolve o atual presidente do Tribunal de Contas do Estado do Rio de Janeiro (TCE-RJ), M\u00e1rcio Pacheco, acusado de um esquema de rachadinha quando era deputado estadual, ser\u00e1 transferido da primeira inst\u00e2ncia da Justi\u00e7a do Rio para o Superior Tribunal de Justi\u00e7a (STJ), em Bras\u00edlia. A decis\u00e3o foi tomada pelo ministro Antonio Saldanha Palheiro, que acolheu um pedido apresentado pelo Minist\u00e9rio P\u00fablico do Rio (MP-RJ). As informa\u00e7\u00f5es s\u00e3o do portal g1.<\/p>\n<p style=\"text-align: justify;\">A promotoria argumentou que a 2\u00aa Vara Criminal Especializada do Rio de Janeiro, onde o caso tramitava, n\u00e3o tem compet\u00eancia para julgar o conselheiro. O MP se baseou em entendimento firmado pelo STJ em 2023, segundo o qual conselheiros de tribunais de contas t\u00eam direito a foro privilegiado, mesmo quando os supostos crimes n\u00e3o guardam rela\u00e7\u00e3o direta com o exerc\u00edcio da fun\u00e7\u00e3o e tenham ocorrido antes da nomea\u00e7\u00e3o ao cargo.<\/p>\n<p style=\"text-align: justify;\">O processo j\u00e1 se encontrava na fase final, com a apresenta\u00e7\u00e3o das alega\u00e7\u00f5es finais pelo MP. Nesta etapa, a promotoria formaliza seu posicionamento sobre a condena\u00e7\u00e3o ou absolvi\u00e7\u00e3o dos r\u00e9us com base nas provas reunidas ao longo da instru\u00e7\u00e3o. As testemunhas foram ouvidas, mas os acusados, incluindo Pacheco, n\u00e3o compareceram aos interrogat\u00f3rios.<\/p>\n<p style=\"text-align: justify;\">A investiga\u00e7\u00e3o aponta que mais de R$ 1 milh\u00e3o teriam sido desviados dos cofres p\u00fablicos por meio da pr\u00e1tica de rachadinha \u2014 a devolu\u00e7\u00e3o de parte dos sal\u00e1rios dos assessores \u2014 no gabinete de Pacheco na Assembleia Legislativa do Rio de Janeiro (Alerj). O caso teve origem em um relat\u00f3rio do Conselho de Controle de Atividades Financeiras (Coaf), que identificou movimenta\u00e7\u00f5es banc\u00e1rias suspeitas em contas de assessores parlamentares. Pacheco foi o primeiro deputado estadual citado formalmente entre os 22 investigados.<\/p>\n<p style=\"text-align: justify;\">Al\u00e9m de Pacheco, outras 11 pessoas foram denunciadas. Todos os r\u00e9us negam as acusa\u00e7\u00f5es.<\/p>\n<p style=\"text-align: justify;\">De acordo com o Minist\u00e9rio P\u00fablico, parte do dinheiro devolvido por assessores foi usada para pagar o aluguel de uma casa de luxo utilizada por Pacheco e para cobrir mensalidades escolares dos filhos. A den\u00fancia tamb\u00e9m relata que o ent\u00e3o parlamentar comprou um carro por R$ 90 mil em esp\u00e9cie, outro ind\u00edcio de poss\u00edvel lavagem de dinheiro.<\/p>\n<p style=\"text-align: justify;\">Pacheco foi denunciado \u00e0 Justi\u00e7a em junho de 2020. Dois anos depois, em junho de 2022, mesmo j\u00e1 respondendo \u00e0 acusa\u00e7\u00e3o, foi eleito pelos deputados estaduais para ocupar uma das cadeiras do TCE-RJ. O cargo lhe confere a responsabilidade de fiscalizar os gastos do governo estadual e das prefeituras fluminenses, al\u00e9m de zelar pelo uso correto dos recursos p\u00fablicos.<\/p>\n<p style=\"text-align: justify;\">Em outubro de 2024, Pacheco foi eleito presidente do TCE-RJ pelos demais conselheiros e assumiu a fun\u00e7\u00e3o em janeiro deste ano. Com a decis\u00e3o do STJ, o caso ser\u00e1 reavaliado sob o foro especial garantido a sua atual posi\u00e7\u00e3o.<\/p>\n","protected":false},"excerpt":{"rendered":"<p>O processo criminal que envolve o atual presidente do Tribunal de Contas do Estado do Rio de Janeiro (TCE-RJ), M\u00e1rcio&#8230;<\/p>\n","protected":false},"author":2,"featured_media":13569,"comment_status":"open","ping_status":"open","sticky":false,"template":"","format":"standard","meta":{"colormag_page_container_layout":"default_layout","colormag_page_sidebar_layout":"default_layout","jetpack_post_was_ever_published":false,"_jetpack_newsletter_access":"","_jetpack_dont_email_post_to_subs":false,"_jetpack_newsletter_tier_id":0,"_jetpack_memberships_contains_paywalled_content":false,"_jetpack_memberships_contains_paid_content":false,"footnotes":""},"categories":[2],"tags":[],"class_list":["post-14530","post","type-post","status-publish","format-standard","has-post-thumbnail","hentry","category-politica"],"jetpack_featured_media_url":"https:\/\/www.tribunanf.com.br\/blogdoralfereis\/wp-content\/uploads\/sites\/11\/2024\/10\/marcio-pacheco_Easy-Resize.com_.jpg","jetpack_sharing_enabled":true,"_links":{"self":[{"href":"https:\/\/www.tribunanf.com.br\/blogdoralfereis\/wp-json\/wp\/v2\/posts\/14530","targetHints":{"allow":["GET"]}}],"collection":[{"href":"https:\/\/www.tribunanf.com.br\/blogdoralfereis\/wp-json\/wp\/v2\/posts"}],"about":[{"href":"https:\/\/www.tribunanf.com.br\/blogdoralfereis\/wp-json\/wp\/v2\/types\/post"}],"author":[{"embeddable":true,"href":"https:\/\/www.tribunanf.com.br\/blogdoralfereis\/wp-json\/wp\/v2\/users\/2"}],"replies":[{"embeddable":true,"href":"https:\/\/www.tribunanf.com.br\/blogdoralfereis\/wp-json\/wp\/v2\/comments?post=14530"}],"version-history":[{"count":2,"href":"https:\/\/www.tribunanf.com.br\/blogdoralfereis\/wp-json\/wp\/v2\/posts\/14530\/revisions"}],"predecessor-version":[{"id":14532,"href":"https:\/\/www.tribunanf.com.br\/blogdoralfereis\/wp-json\/wp\/v2\/posts\/14530\/revisions\/14532"}],"wp:featuredmedia":[{"embeddable":true,"href":"https:\/\/www.tribunanf.com.br\/blogdoralfereis\/wp-json\/wp\/v2\/media\/13569"}],"wp:attachment":[{"href":"https:\/\/www.tribunanf.com.br\/blogdoralfereis\/wp-json\/wp\/v2\/media?parent=14530"}],"wp:term":[{"taxonomy":"category","embeddable":true,"href":"https:\/\/www.tribunanf.com.br\/blogdoralfereis\/wp-json\/wp\/v2\/categories?post=14530"},{"taxonomy":"post_tag","embeddable":true,"href":"https:\/\/www.tribunanf.com.br\/blogdoralfereis\/wp-json\/wp\/v2\/tags?post=14530"}],"curies":[{"name":"wp","href":"https:\/\/api.w.org\/{rel}","templated":true}]}}