{"id":14527,"date":"2025-06-05T10:23:34","date_gmt":"2025-06-05T13:23:34","guid":{"rendered":"https:\/\/www.tribunanf.com.br\/blogdoralfereis\/?p=14527"},"modified":"2025-06-05T10:23:34","modified_gmt":"2025-06-05T13:23:34","slug":"stf-marca-julgamento-de-recurso-da-pgr-que-pede-continuacao-de-investigacoes-contra-claudio-castro","status":"publish","type":"post","link":"https:\/\/www.tribunanf.com.br\/blogdoralfereis\/2025\/06\/05\/stf-marca-julgamento-de-recurso-da-pgr-que-pede-continuacao-de-investigacoes-contra-claudio-castro\/","title":{"rendered":"STF marca julgamento de recurso da PGR que pede continua\u00e7\u00e3o de investiga\u00e7\u00f5es contra Cl\u00e1udio Castro"},"content":{"rendered":"<p><img loading=\"lazy\" decoding=\"async\" class=\"aligncenter size-large wp-image-11152\" src=\"https:\/\/www.tribunanf.com.br\/blogdoralfereis\/wp-content\/uploads\/sites\/11\/2023\/05\/castro_Easy-Resize.com_-1024x683.jpg\" alt=\"\" width=\"800\" height=\"534\" srcset=\"https:\/\/www.tribunanf.com.br\/blogdoralfereis\/wp-content\/uploads\/sites\/11\/2023\/05\/castro_Easy-Resize.com_-1024x683.jpg 1024w, https:\/\/www.tribunanf.com.br\/blogdoralfereis\/wp-content\/uploads\/sites\/11\/2023\/05\/castro_Easy-Resize.com_-300x200.jpg 300w, https:\/\/www.tribunanf.com.br\/blogdoralfereis\/wp-content\/uploads\/sites\/11\/2023\/05\/castro_Easy-Resize.com_-768x512.jpg 768w, https:\/\/www.tribunanf.com.br\/blogdoralfereis\/wp-content\/uploads\/sites\/11\/2023\/05\/castro_Easy-Resize.com_.jpg 1280w\" sizes=\"auto, (max-width: 800px) 100vw, 800px\" \/><\/p>\n<p style=\"text-align: justify;\">A Segunda Turma do STF marcou para o pr\u00f3ximo dia 13 de junho o julgamento de um recurso da PGR contra a decis\u00e3o de Andr\u00e9 Mendon\u00e7a que mandou encerrar duas investiga\u00e7\u00f5es contra Cl\u00e1udio Castro, que corriam no STJ. A PGR quer que as apura\u00e7\u00f5es prossigam, informa a Coluna de Guilherme Amado, do Plat\u00f5BR.<\/p>\n<p style=\"text-align: justify;\">Os cinco ministros do colegiado v\u00e3o analisar o recurso em julgamento virtual, quando os magistrados n\u00e3o se re\u00fanem presencialmente e apresentam seus votos no sistema digital do Supremo. O julgamento termina em 24 de junho.<\/p>\n<p style=\"text-align: justify;\">Em outubro de 2024, Mendon\u00e7a acolheu um pedido da defesa de Castro e mandou trancar dois inqu\u00e9ritos que o miravam. Ele era investigado no STJ por supostas fraudes em contratos da Funda\u00e7\u00e3o Le\u00e3o XIII, \u00f3rg\u00e3o do governo do Rio respons\u00e1vel por pol\u00edticas de assist\u00eancia social no estado.<\/p>\n<p style=\"text-align: justify;\">O ministro do STF entendeu que, como o governador tem foro no STJ, as dela\u00e7\u00f5es premiadas que baseavam as apura\u00e7\u00f5es n\u00e3o poderiam ter sido conduzidas pelo Minist\u00e9rio P\u00fablico estadual do Rio de Janeiro, e sim pelo Minist\u00e9rio P\u00fablico Federal.<\/p>\n","protected":false},"excerpt":{"rendered":"<p>A Segunda Turma do STF marcou para o pr\u00f3ximo dia 13 de junho o julgamento de um recurso da PGR&#8230;<\/p>\n","protected":false},"author":2,"featured_media":11152,"comment_status":"open","ping_status":"open","sticky":false,"template":"","format":"standard","meta":{"colormag_page_container_layout":"default_layout","colormag_page_sidebar_layout":"default_layout","jetpack_post_was_ever_published":false,"_jetpack_newsletter_access":"","_jetpack_dont_email_post_to_subs":false,"_jetpack_newsletter_tier_id":0,"_jetpack_memberships_contains_paywalled_content":false,"_jetpack_memberships_contains_paid_content":false,"footnotes":""},"categories":[2],"tags":[],"class_list":["post-14527","post","type-post","status-publish","format-standard","has-post-thumbnail","hentry","category-politica"],"jetpack_featured_media_url":"https:\/\/www.tribunanf.com.br\/blogdoralfereis\/wp-content\/uploads\/sites\/11\/2023\/05\/castro_Easy-Resize.com_.jpg","jetpack_sharing_enabled":true,"_links":{"self":[{"href":"https:\/\/www.tribunanf.com.br\/blogdoralfereis\/wp-json\/wp\/v2\/posts\/14527","targetHints":{"allow":["GET"]}}],"collection":[{"href":"https:\/\/www.tribunanf.com.br\/blogdoralfereis\/wp-json\/wp\/v2\/posts"}],"about":[{"href":"https:\/\/www.tribunanf.com.br\/blogdoralfereis\/wp-json\/wp\/v2\/types\/post"}],"author":[{"embeddable":true,"href":"https:\/\/www.tribunanf.com.br\/blogdoralfereis\/wp-json\/wp\/v2\/users\/2"}],"replies":[{"embeddable":true,"href":"https:\/\/www.tribunanf.com.br\/blogdoralfereis\/wp-json\/wp\/v2\/comments?post=14527"}],"version-history":[{"count":2,"href":"https:\/\/www.tribunanf.com.br\/blogdoralfereis\/wp-json\/wp\/v2\/posts\/14527\/revisions"}],"predecessor-version":[{"id":14529,"href":"https:\/\/www.tribunanf.com.br\/blogdoralfereis\/wp-json\/wp\/v2\/posts\/14527\/revisions\/14529"}],"wp:featuredmedia":[{"embeddable":true,"href":"https:\/\/www.tribunanf.com.br\/blogdoralfereis\/wp-json\/wp\/v2\/media\/11152"}],"wp:attachment":[{"href":"https:\/\/www.tribunanf.com.br\/blogdoralfereis\/wp-json\/wp\/v2\/media?parent=14527"}],"wp:term":[{"taxonomy":"category","embeddable":true,"href":"https:\/\/www.tribunanf.com.br\/blogdoralfereis\/wp-json\/wp\/v2\/categories?post=14527"},{"taxonomy":"post_tag","embeddable":true,"href":"https:\/\/www.tribunanf.com.br\/blogdoralfereis\/wp-json\/wp\/v2\/tags?post=14527"}],"curies":[{"name":"wp","href":"https:\/\/api.w.org\/{rel}","templated":true}]}}