{"id":14518,"date":"2025-06-04T22:58:31","date_gmt":"2025-06-05T01:58:31","guid":{"rendered":"https:\/\/www.tribunanf.com.br\/blogdoralfereis\/?p=14518"},"modified":"2025-06-04T22:58:31","modified_gmt":"2025-06-05T01:58:31","slug":"washington-reis-e-carlos-portinho-desafiam-castro-e-bacellar-e-embolam-corrida-ao-senado-e-governo-na-direita-do-rio","status":"publish","type":"post","link":"https:\/\/www.tribunanf.com.br\/blogdoralfereis\/2025\/06\/04\/washington-reis-e-carlos-portinho-desafiam-castro-e-bacellar-e-embolam-corrida-ao-senado-e-governo-na-direita-do-rio\/","title":{"rendered":"Washington Reis e Carlos Portinho desafiam Castro e Bacellar e embolam corrida ao Senado e Governo na direita do Rio"},"content":{"rendered":"<p><img loading=\"lazy\" decoding=\"async\" class=\"aligncenter size-large wp-image-14519\" src=\"https:\/\/www.tribunanf.com.br\/blogdoralfereis\/wp-content\/uploads\/sites\/11\/2025\/06\/Claudio-Castro-1_Easy-Resize.com_-1024x682.jpg\" alt=\"\" width=\"800\" height=\"533\" srcset=\"https:\/\/www.tribunanf.com.br\/blogdoralfereis\/wp-content\/uploads\/sites\/11\/2025\/06\/Claudio-Castro-1_Easy-Resize.com_-1024x682.jpg 1024w, https:\/\/www.tribunanf.com.br\/blogdoralfereis\/wp-content\/uploads\/sites\/11\/2025\/06\/Claudio-Castro-1_Easy-Resize.com_-300x200.jpg 300w, https:\/\/www.tribunanf.com.br\/blogdoralfereis\/wp-content\/uploads\/sites\/11\/2025\/06\/Claudio-Castro-1_Easy-Resize.com_-768x512.jpg 768w, https:\/\/www.tribunanf.com.br\/blogdoralfereis\/wp-content\/uploads\/sites\/11\/2025\/06\/Claudio-Castro-1_Easy-Resize.com_.jpg 1280w\" sizes=\"auto, (max-width: 800px) 100vw, 800px\" \/><\/p>\n<p style=\"text-align: justify;\">Por Thiago Prado na newsletter Jogo Pol\u00edtico<\/p>\n<p style=\"text-align: justify;\">O governador Cl\u00e1udio Castro (PL) resolveu a quest\u00e3o envolvendo o seu ex-vice Thiago Pampolha (MDB), agora conselheiro do Tribunal de Contas do Estado (TCE) e fora do caminho da candidatura de Rodrigo Bacellar (Uni\u00e3o Brasil) ao Pal\u00e1cio Guanabara. H\u00e1, no entanto, outros dois problemas ainda mais espinhosos para serem solucionados sobre as elei\u00e7\u00f5es de 2026.<\/p>\n<p style=\"text-align: justify;\">O primeiro deles: Castro sinaliza querer ser candidato ao Senado no ano que vem quando duas vagas estar\u00e3o em disputa, mas os atuais ocupantes dos cargos (Fl\u00e1vio Bolsonaro e Carlos Portinho) tamb\u00e9m desejam os postos novamente. Como Fl\u00e1vio tem a posi\u00e7\u00e3o garantida por ser filho do ex-presidente Jair Bolsonaro, resta a disputa dentro do PL entre Castro e Portinho, o suplente que virou senador ap\u00f3s a morte de Arolde de Oliveira em 2020.<\/p>\n<p style=\"text-align: justify;\">Nos \u00faltimos meses, Portinho fez claros movimentos de aproxima\u00e7\u00e3o com setores da direita ao atacar o Supremo Tribunal Federal (STF) de maneira mais contundente em discursos.<\/p>\n<p style=\"text-align: justify;\">\u2014 Tenho conversado muito com Bolsonaro e vamos ver o que ele vai decidir. Sou pr\u00e9-candidato ao Senado e, se o Cl\u00e1udio tamb\u00e9m quiser ser, algu\u00e9m vai ter que deixar o PL. Fui eleito o melhor senador do Brasil no Ranking dos Pol\u00edticos e n\u00e3o est\u00e1 no meu horizonte ser candidato a deputado. Como diz o Rom\u00e1rio, estou sentado na janela. Al\u00e9m disso, estou disposto a concorrer e correr o risco de perder. O Cl\u00e1udio tamb\u00e9m est\u00e1 disposto a isso? \u2014 desafia Portinho, para depois dar declara\u00e7\u00f5es em sintonia com o deputado federal Carlos Jordy, que na segunda feira, acusou Castro em O GLOBO de ser \u201cpr\u00f3ximo do STF\u201d. \u2014 Eu assinei todos os pedidos de impeachment do Alexandre de Moraes. Essa, de fato, \u00e9 uma quest\u00e3o a ser respondida pelo Cl\u00e1udio. Ele vai ser a favor?<\/p>\n<p style=\"text-align: justify;\">Cobrado pelo bolsonarismo por uma postura mais agressiva contra o STF, Castro tem uma s\u00e9rie de assuntos do seu interesse tramitando em inst\u00e2ncias superiores. O governo do estado est\u00e1 mantido no Regime de Recupera\u00e7\u00e3o Fiscal desde dezembro gra\u00e7as a uma decis\u00e3o do ministro Dias Toffoli. Al\u00e9m disso, o Tribunal Superior Eleitoral (TSE) vai julgar ainda este ano o recurso do Minist\u00e9rio P\u00fablico Eleitoral da absolvi\u00e7\u00e3o de Castro no Tribunal Regional Eleitoral (TRE) no caso Ceperj. Em 2022, as investiga\u00e7\u00f5es apontaram que a estrutura da funda\u00e7\u00e3o foi usada para a contrata\u00e7\u00e3o de cabos eleitorais para a campanha do governador.<\/p>\n<p style=\"text-align: justify;\">O segundo n\u00f3 a ser desatado por Castro tem nome e sobrenome: Washington Reis, ex-prefeito de Duque de Caxias e secret\u00e1rio estadual de Transportes. Uma cena inusitada no telejornal RJTV desta semana exp\u00f4s o descompasso entre o governador e o popular pol\u00edtico da Baixada Fluminense.<\/p>\n<p style=\"text-align: justify;\">O jornalista Edmilson \u00c1villa anunciou ao vivo que haveria redu\u00e7\u00e3o nos pre\u00e7os das passagens do trem e do metr\u00f4 para R$ 4,70 a partir de informa\u00e7\u00f5es dadas por Reis, mas teve que voltar atr\u00e1s no ar minutos depois. Castro lhe telefonou dizendo que a medida n\u00e3o seria tomada pelo governo. O secret\u00e1rio dobrou a aposta, recebeu uma equipe de reportagem da TV Globo em seu gabinete e jogou a bola de novo no colo do Pal\u00e1cio Guanabara ao dizer que \u201cconhece o governador e que ele sabe que a tarifa do Rio \u00e9 a mais cara do Brasil\u201d. Ou seja, colocou Castro no impopular papel de pol\u00edtico contra a redu\u00e7\u00e3o das passagens no transporte p\u00fablico.<\/p>\n<p style=\"text-align: justify;\">H\u00e1 mais movimentos recentes de Reis incomodando o Pal\u00e1cio Guanabara. No fim do m\u00eas passado, ele posou para uma fotografia com os ex-governadores Anthony e Rosinha Garotinho, rivais da dupla Castro e Bacellar. O casal de Campos dos Goytacazes defende que o ex-prefeito seja candidato a governador no ano que vem caso consiga reverter a sua inegibilidade em Bras\u00edlia. O seu caso est\u00e1 parado no STF pelo placar de 3 a 1 contra Reis ap\u00f3s uma condena\u00e7\u00e3o em segunda inst\u00e2ncia na segunda turma da Corte por crime ambiental.<\/p>\n<p style=\"text-align: justify;\">Com necessidade de ter aliados fora da capital, o prefeito do Rio, Eduardo Paes (PSD), cotado para se candidatar a governador em 2026, vem dizendo nos bastidores que far\u00e1 o que for poss\u00edvel para ajudar Reis na revers\u00e3o da sua pena no Supremo. Para isso, acena com uma vaga na sua chapa para o Senado, que j\u00e1 tem o ex-deputado federal Alessandro Molon como especulado. Com as tamb\u00e9m anunciadas pr\u00e9-candidaturas dos deputados federais evang\u00e9licos Otoni de Paula (PRTB) e Marcelo Crivella (Republicanos), o ex-governador S\u00e9rgio Cabral, consultor de Bacellar, vem dizendo a aliados que talvez seja melhor Castro vir candidato a deputado federal no ano que vem diante de tanta concorr\u00eancia.<\/p>\n<p style=\"text-align: justify;\">Procurado para falar sobre 2026, Washington Reis riu e desconversou.<\/p>\n<p style=\"text-align: justify;\">\u2014 Minha fam\u00edlia me fez prometer que eu n\u00e3o falaria de elei\u00e7\u00f5es em ano \u00edmpar. Tudo o que eu disser pode ser usado contra mim nos tribunais.<\/p>\n<p style=\"text-align: justify;\">Ao responder sobre Bacellar, o candidato que Castro j\u00e1 anunciou que quer apoiar no ano que vem, ironizou:<\/p>\n<p style=\"text-align: justify;\">\u2014 Bacelar \u00e9 candidato mesmo? N\u00e3o to sabendo disso n\u00e3o. Acho que ele vai ter que falar mais alto isso porque l\u00e1 em Xer\u00e9m, minha terra, essa informa\u00e7\u00e3o n\u00e3o chegou ainda n\u00e3o.<\/p>\n<p style=\"text-align: justify;\">Fonte: O Globo<\/p>\n","protected":false},"excerpt":{"rendered":"<p>Por Thiago Prado na newsletter Jogo Pol\u00edtico O governador Cl\u00e1udio Castro (PL) resolveu a quest\u00e3o envolvendo o seu ex-vice Thiago&#8230;<\/p>\n","protected":false},"author":2,"featured_media":14519,"comment_status":"open","ping_status":"open","sticky":false,"template":"","format":"standard","meta":{"colormag_page_container_layout":"default_layout","colormag_page_sidebar_layout":"default_layout","jetpack_post_was_ever_published":false,"_jetpack_newsletter_access":"","_jetpack_dont_email_post_to_subs":false,"_jetpack_newsletter_tier_id":0,"_jetpack_memberships_contains_paywalled_content":false,"_jetpack_memberships_contains_paid_content":false,"footnotes":""},"categories":[2],"tags":[],"class_list":["post-14518","post","type-post","status-publish","format-standard","has-post-thumbnail","hentry","category-politica"],"jetpack_featured_media_url":"https:\/\/www.tribunanf.com.br\/blogdoralfereis\/wp-content\/uploads\/sites\/11\/2025\/06\/Claudio-Castro-1_Easy-Resize.com_.jpg","jetpack_sharing_enabled":true,"_links":{"self":[{"href":"https:\/\/www.tribunanf.com.br\/blogdoralfereis\/wp-json\/wp\/v2\/posts\/14518","targetHints":{"allow":["GET"]}}],"collection":[{"href":"https:\/\/www.tribunanf.com.br\/blogdoralfereis\/wp-json\/wp\/v2\/posts"}],"about":[{"href":"https:\/\/www.tribunanf.com.br\/blogdoralfereis\/wp-json\/wp\/v2\/types\/post"}],"author":[{"embeddable":true,"href":"https:\/\/www.tribunanf.com.br\/blogdoralfereis\/wp-json\/wp\/v2\/users\/2"}],"replies":[{"embeddable":true,"href":"https:\/\/www.tribunanf.com.br\/blogdoralfereis\/wp-json\/wp\/v2\/comments?post=14518"}],"version-history":[{"count":1,"href":"https:\/\/www.tribunanf.com.br\/blogdoralfereis\/wp-json\/wp\/v2\/posts\/14518\/revisions"}],"predecessor-version":[{"id":14520,"href":"https:\/\/www.tribunanf.com.br\/blogdoralfereis\/wp-json\/wp\/v2\/posts\/14518\/revisions\/14520"}],"wp:featuredmedia":[{"embeddable":true,"href":"https:\/\/www.tribunanf.com.br\/blogdoralfereis\/wp-json\/wp\/v2\/media\/14519"}],"wp:attachment":[{"href":"https:\/\/www.tribunanf.com.br\/blogdoralfereis\/wp-json\/wp\/v2\/media?parent=14518"}],"wp:term":[{"taxonomy":"category","embeddable":true,"href":"https:\/\/www.tribunanf.com.br\/blogdoralfereis\/wp-json\/wp\/v2\/categories?post=14518"},{"taxonomy":"post_tag","embeddable":true,"href":"https:\/\/www.tribunanf.com.br\/blogdoralfereis\/wp-json\/wp\/v2\/tags?post=14518"}],"curies":[{"name":"wp","href":"https:\/\/api.w.org\/{rel}","templated":true}]}}