{"id":14508,"date":"2025-06-04T21:34:51","date_gmt":"2025-06-05T00:34:51","guid":{"rendered":"https:\/\/www.tribunanf.com.br\/blogdoralfereis\/?p=14508"},"modified":"2025-06-04T22:10:34","modified_gmt":"2025-06-05T01:10:34","slug":"ao-suspender-portaria-do-imtt-e-autorizar-circulacao-de-caminhoes-juiza-manda-incluir-governo-de-claudio-castro-no-processo","status":"publish","type":"post","link":"https:\/\/www.tribunanf.com.br\/blogdoralfereis\/2025\/06\/04\/ao-suspender-portaria-do-imtt-e-autorizar-circulacao-de-caminhoes-juiza-manda-incluir-governo-de-claudio-castro-no-processo\/","title":{"rendered":"Ao suspender portaria do IMTT e autorizar circula\u00e7\u00e3o de caminh\u00f5es, ju\u00edza manda incluir governo de Cl\u00e1udio Castro no processo"},"content":{"rendered":"<p><img loading=\"lazy\" decoding=\"async\" class=\"aligncenter size-large wp-image-14510\" src=\"https:\/\/www.tribunanf.com.br\/blogdoralfereis\/wp-content\/uploads\/sites\/11\/2025\/06\/with-235401_Easy-Resize.com-1-1024x682.jpg\" alt=\"\" width=\"800\" height=\"533\" srcset=\"https:\/\/www.tribunanf.com.br\/blogdoralfereis\/wp-content\/uploads\/sites\/11\/2025\/06\/with-235401_Easy-Resize.com-1-1024x682.jpg 1024w, https:\/\/www.tribunanf.com.br\/blogdoralfereis\/wp-content\/uploads\/sites\/11\/2025\/06\/with-235401_Easy-Resize.com-1-300x200.jpg 300w, https:\/\/www.tribunanf.com.br\/blogdoralfereis\/wp-content\/uploads\/sites\/11\/2025\/06\/with-235401_Easy-Resize.com-1-768x512.jpg 768w, https:\/\/www.tribunanf.com.br\/blogdoralfereis\/wp-content\/uploads\/sites\/11\/2025\/06\/with-235401_Easy-Resize.com-1.jpg 1280w\" sizes=\"auto, (max-width: 800px) 100vw, 800px\" \/><\/p>\n<p style=\"text-align: justify;\">A ju\u00edza Helenice Rangel Gonzaga, da 3\u00aa Vara C\u00edvel de Campos dos Goytacazes, que atendeu na noite desta quarta-feira (4) um pedido do Complexo Porto do A\u00e7u para suspender a portaria do IMTT e autorizar a circula\u00e7\u00e3o de caminh\u00f5es de 4 eixos no per\u00edmetro urbano da cidade, tamb\u00e9m determinou a inclus\u00e3o do governo do Estado no processo.<\/p>\n<p style=\"text-align: justify;\">&#8220;..Por fim, observo que a quest\u00e3o n\u00e3o envolve apenas interesse municipal. Como bem afirmou o pr\u00f3prio requerente na peti\u00e7\u00e3o inicial, a situa\u00e7\u00e3o tem impacto regional e, acaso seja a tutela revogada no curso do processo ou em raz\u00e3o de eventual senten\u00e7a de m\u00e9rito de improced\u00eancia, a consequ\u00eancia poder\u00e1, em tese, ser a utiliza\u00e7\u00e3o da via RJ-238, sob jurisdi\u00e7\u00e3o estadual. Ademais, <strong>a real solu\u00e7\u00e3o do lit\u00edgio envolve n\u00e3o s\u00f3 o Munic\u00edpio de Campos dos Goytacazes, mas tamb\u00e9m o Estado do Rio de Janeiro, raz\u00e3o pela qual dever\u00e1 ser inclu\u00eddo no polo passivo da demanda<\/strong>, possibilitando tamb\u00e9m a an\u00e1lise de solu\u00e7\u00e3o ou acordo provis\u00f3rio entre a parte requerente e os entes municipal e estadual, inclusive a rean\u00e1lise do sistema \u201cpare e siga\u201d.\u201d, decidiu a magistrada.<\/p>\n<p style=\"text-align: justify;\">Confira \u00e0 \u00edntegra da decis\u00e3o na publica\u00e7\u00e3o anterior, no link abaixo:<\/p>\n<blockquote class=\"wp-embedded-content\" data-secret=\"BKxr3FnAvd\"><p><a href=\"https:\/\/www.tribunanf.com.br\/blogdoralfereis\/2025\/06\/04\/exclusivo-justica-suspende-portaria-do-imtt-e-autoriza-circulacao-de-caminhoes-de-4-eixos-no-perimetro-urbano-de-campos\/\">Exclusivo: Justi\u00e7a suspende portaria do IMTT e autoriza circula\u00e7\u00e3o de caminh\u00f5es de 4 eixos no per\u00edmetro urbano de Campos<\/a><\/p><\/blockquote>\n<p><iframe loading=\"lazy\" class=\"wp-embedded-content\" sandbox=\"allow-scripts\" security=\"restricted\" style=\"position: absolute; visibility: hidden;\" title=\"&#8220;Exclusivo: Justi\u00e7a suspende portaria do IMTT e autoriza circula\u00e7\u00e3o de caminh\u00f5es de 4 eixos no per\u00edmetro urbano de Campos&#8221; &#8212; Blog do Ralfe Reis\" src=\"https:\/\/www.tribunanf.com.br\/blogdoralfereis\/2025\/06\/04\/exclusivo-justica-suspende-portaria-do-imtt-e-autoriza-circulacao-de-caminhoes-de-4-eixos-no-perimetro-urbano-de-campos\/embed\/#?secret=gNgj69zZkI#?secret=BKxr3FnAvd\" data-secret=\"BKxr3FnAvd\" width=\"600\" height=\"338\" frameborder=\"0\" marginwidth=\"0\" marginheight=\"0\" scrolling=\"no\"><\/iframe><\/p>\n","protected":false},"excerpt":{"rendered":"<p>A ju\u00edza Helenice Rangel Gonzaga, da 3\u00aa Vara C\u00edvel de Campos dos Goytacazes, que atendeu na noite desta quarta-feira (4)&#8230;<\/p>\n","protected":false},"author":2,"featured_media":14510,"comment_status":"open","ping_status":"open","sticky":false,"template":"","format":"standard","meta":{"colormag_page_container_layout":"default_layout","colormag_page_sidebar_layout":"default_layout","jetpack_post_was_ever_published":false,"_jetpack_newsletter_access":"","_jetpack_dont_email_post_to_subs":false,"_jetpack_newsletter_tier_id":0,"_jetpack_memberships_contains_paywalled_content":false,"_jetpack_memberships_contains_paid_content":false,"footnotes":""},"categories":[2],"tags":[],"class_list":["post-14508","post","type-post","status-publish","format-standard","has-post-thumbnail","hentry","category-politica"],"jetpack_featured_media_url":"https:\/\/www.tribunanf.com.br\/blogdoralfereis\/wp-content\/uploads\/sites\/11\/2025\/06\/with-235401_Easy-Resize.com-1.jpg","jetpack_sharing_enabled":true,"_links":{"self":[{"href":"https:\/\/www.tribunanf.com.br\/blogdoralfereis\/wp-json\/wp\/v2\/posts\/14508","targetHints":{"allow":["GET"]}}],"collection":[{"href":"https:\/\/www.tribunanf.com.br\/blogdoralfereis\/wp-json\/wp\/v2\/posts"}],"about":[{"href":"https:\/\/www.tribunanf.com.br\/blogdoralfereis\/wp-json\/wp\/v2\/types\/post"}],"author":[{"embeddable":true,"href":"https:\/\/www.tribunanf.com.br\/blogdoralfereis\/wp-json\/wp\/v2\/users\/2"}],"replies":[{"embeddable":true,"href":"https:\/\/www.tribunanf.com.br\/blogdoralfereis\/wp-json\/wp\/v2\/comments?post=14508"}],"version-history":[{"count":6,"href":"https:\/\/www.tribunanf.com.br\/blogdoralfereis\/wp-json\/wp\/v2\/posts\/14508\/revisions"}],"predecessor-version":[{"id":14517,"href":"https:\/\/www.tribunanf.com.br\/blogdoralfereis\/wp-json\/wp\/v2\/posts\/14508\/revisions\/14517"}],"wp:featuredmedia":[{"embeddable":true,"href":"https:\/\/www.tribunanf.com.br\/blogdoralfereis\/wp-json\/wp\/v2\/media\/14510"}],"wp:attachment":[{"href":"https:\/\/www.tribunanf.com.br\/blogdoralfereis\/wp-json\/wp\/v2\/media?parent=14508"}],"wp:term":[{"taxonomy":"category","embeddable":true,"href":"https:\/\/www.tribunanf.com.br\/blogdoralfereis\/wp-json\/wp\/v2\/categories?post=14508"},{"taxonomy":"post_tag","embeddable":true,"href":"https:\/\/www.tribunanf.com.br\/blogdoralfereis\/wp-json\/wp\/v2\/tags?post=14508"}],"curies":[{"name":"wp","href":"https:\/\/api.w.org\/{rel}","templated":true}]}}