{"id":14495,"date":"2025-06-04T13:55:21","date_gmt":"2025-06-04T16:55:21","guid":{"rendered":"https:\/\/www.tribunanf.com.br\/blogdoralfereis\/?p=14495"},"modified":"2025-06-04T13:55:21","modified_gmt":"2025-06-04T16:55:21","slug":"professores-da-rede-estadual-do-rj-fazem-paralisacao-e-reivindicam-reajuste-salarial","status":"publish","type":"post","link":"https:\/\/www.tribunanf.com.br\/blogdoralfereis\/2025\/06\/04\/professores-da-rede-estadual-do-rj-fazem-paralisacao-e-reivindicam-reajuste-salarial\/","title":{"rendered":"Professores da rede estadual do RJ fazem paralisa\u00e7\u00e3o e reivindicam reajuste salarial"},"content":{"rendered":"<p><img loading=\"lazy\" decoding=\"async\" class=\"aligncenter size-large wp-image-14496\" src=\"https:\/\/www.tribunanf.com.br\/blogdoralfereis\/wp-content\/uploads\/sites\/11\/2025\/06\/13653878_Easy-Resize.com_-1024x576.jpg\" alt=\"\" width=\"800\" height=\"450\" srcset=\"https:\/\/www.tribunanf.com.br\/blogdoralfereis\/wp-content\/uploads\/sites\/11\/2025\/06\/13653878_Easy-Resize.com_-1024x576.jpg 1024w, https:\/\/www.tribunanf.com.br\/blogdoralfereis\/wp-content\/uploads\/sites\/11\/2025\/06\/13653878_Easy-Resize.com_-300x169.jpg 300w, https:\/\/www.tribunanf.com.br\/blogdoralfereis\/wp-content\/uploads\/sites\/11\/2025\/06\/13653878_Easy-Resize.com_-768x432.jpg 768w, https:\/\/www.tribunanf.com.br\/blogdoralfereis\/wp-content\/uploads\/sites\/11\/2025\/06\/13653878_Easy-Resize.com_.jpg 1280w\" sizes=\"auto, (max-width: 800px) 100vw, 800px\" \/><\/p>\n<p style=\"text-align: justify;\">Servidores da rede estadual de ensino do Rio de Janeiro est\u00e3o fazendo uma paralisa\u00e7\u00e3o desde o in\u00edcio da manh\u00e3 desta quarta-feira (4). Eles querem uma reuni\u00e3o com o governador Cl\u00e1udio Castro.<\/p>\n<p style=\"text-align: justify;\">Entre as exig\u00eancias da categoria, est\u00e3o:<\/p>\n<div id=\"chunk-bcvds\">\n<div class=\"mc-column content-text active-extra-styles\" data-block-type=\"raw\" data-block-weight=\"13\" data-block-id=\"6\">\n<ul class=\"content-unordered-list\" style=\"text-align: justify;\">\n<li>Reajuste salarial<\/li>\n<li>Recomposi\u00e7\u00e3o salarial<\/li>\n<li>Pagamento do piso salarial dos professores e funcion\u00e1rios administrativos<\/li>\n<\/ul>\n<p style=\"text-align: justify;\">Membros do Sindicato Estadual dos Profissionais de Educa\u00e7\u00e3o (Sepe) se reuniram no Largo do Machado e come\u00e7aram sua caminhada em dire\u00e7\u00e3o ao Pal\u00e1cio Guanabara, sede do governo Estadual. Eles alegam que o sal\u00e1rio est\u00e1 defasado em 40%.<\/p>\n<p>Veja mais reivindica\u00e7\u00f5es no site do Sepe-RJ<\/p>\n<blockquote class=\"wp-embedded-content\" data-secret=\"br9iF9WYFR\"><p><a href=\"https:\/\/seperj.org.br\/rede-estadual-fara-assembleia-ato-e-passeata-ao-palacio-guanabara-no-dia-4-de-junho-veja-como-foi-a-assembleia-do-dia-10-5\/\" target=\"_blank\" rel=\"noopener\">Rede estadual far\u00e1 paralisa\u00e7\u00e3o nesta quarta (04\/06), com assembleia no Largo do Machado (9h), ato e passeata ao Pal\u00e1cio<\/a><\/p><\/blockquote>\n<p><iframe loading=\"lazy\" class=\"wp-embedded-content\" sandbox=\"allow-scripts\" security=\"restricted\" style=\"position: absolute; visibility: hidden;\" title=\"&#8220;Rede estadual far\u00e1 paralisa\u00e7\u00e3o nesta quarta (04\/06), com assembleia no Largo do Machado (9h), ato e passeata ao Pal\u00e1cio&#8221; &#8212; Sepe\" src=\"https:\/\/seperj.org.br\/rede-estadual-fara-assembleia-ato-e-passeata-ao-palacio-guanabara-no-dia-4-de-junho-veja-como-foi-a-assembleia-do-dia-10-5\/embed\/#?secret=TPhCKlHfWp#?secret=br9iF9WYFR\" data-secret=\"br9iF9WYFR\" width=\"600\" height=\"338\" frameborder=\"0\" marginwidth=\"0\" marginheight=\"0\" scrolling=\"no\"><\/iframe><\/p>\n<\/div>\n<\/div>\n","protected":false},"excerpt":{"rendered":"<p>Servidores da rede estadual de ensino do Rio de Janeiro est\u00e3o fazendo uma paralisa\u00e7\u00e3o desde o in\u00edcio da manh\u00e3 desta&#8230;<\/p>\n","protected":false},"author":2,"featured_media":14496,"comment_status":"open","ping_status":"open","sticky":false,"template":"","format":"standard","meta":{"colormag_page_container_layout":"default_layout","colormag_page_sidebar_layout":"default_layout","jetpack_post_was_ever_published":false,"_jetpack_newsletter_access":"","_jetpack_dont_email_post_to_subs":false,"_jetpack_newsletter_tier_id":0,"_jetpack_memberships_contains_paywalled_content":false,"_jetpack_memberships_contains_paid_content":false,"footnotes":""},"categories":[2],"tags":[],"class_list":["post-14495","post","type-post","status-publish","format-standard","has-post-thumbnail","hentry","category-politica"],"jetpack_featured_media_url":"https:\/\/www.tribunanf.com.br\/blogdoralfereis\/wp-content\/uploads\/sites\/11\/2025\/06\/13653878_Easy-Resize.com_.jpg","jetpack_sharing_enabled":true,"_links":{"self":[{"href":"https:\/\/www.tribunanf.com.br\/blogdoralfereis\/wp-json\/wp\/v2\/posts\/14495","targetHints":{"allow":["GET"]}}],"collection":[{"href":"https:\/\/www.tribunanf.com.br\/blogdoralfereis\/wp-json\/wp\/v2\/posts"}],"about":[{"href":"https:\/\/www.tribunanf.com.br\/blogdoralfereis\/wp-json\/wp\/v2\/types\/post"}],"author":[{"embeddable":true,"href":"https:\/\/www.tribunanf.com.br\/blogdoralfereis\/wp-json\/wp\/v2\/users\/2"}],"replies":[{"embeddable":true,"href":"https:\/\/www.tribunanf.com.br\/blogdoralfereis\/wp-json\/wp\/v2\/comments?post=14495"}],"version-history":[{"count":1,"href":"https:\/\/www.tribunanf.com.br\/blogdoralfereis\/wp-json\/wp\/v2\/posts\/14495\/revisions"}],"predecessor-version":[{"id":14498,"href":"https:\/\/www.tribunanf.com.br\/blogdoralfereis\/wp-json\/wp\/v2\/posts\/14495\/revisions\/14498"}],"wp:featuredmedia":[{"embeddable":true,"href":"https:\/\/www.tribunanf.com.br\/blogdoralfereis\/wp-json\/wp\/v2\/media\/14496"}],"wp:attachment":[{"href":"https:\/\/www.tribunanf.com.br\/blogdoralfereis\/wp-json\/wp\/v2\/media?parent=14495"}],"wp:term":[{"taxonomy":"category","embeddable":true,"href":"https:\/\/www.tribunanf.com.br\/blogdoralfereis\/wp-json\/wp\/v2\/categories?post=14495"},{"taxonomy":"post_tag","embeddable":true,"href":"https:\/\/www.tribunanf.com.br\/blogdoralfereis\/wp-json\/wp\/v2\/tags?post=14495"}],"curies":[{"name":"wp","href":"https:\/\/api.w.org\/{rel}","templated":true}]}}