{"id":1443,"date":"2019-01-27T13:44:48","date_gmt":"2019-01-27T15:44:48","guid":{"rendered":"http:\/\/www.tribunanf.com.br\/blogdoralfereis\/?p=1443"},"modified":"2019-01-27T13:44:48","modified_gmt":"2019-01-27T15:44:48","slug":"ex-vereador-e-condenado-a-prisao-por-ficar-com-parte-do-salario-de-seus-funcionarios","status":"publish","type":"post","link":"https:\/\/www.tribunanf.com.br\/blogdoralfereis\/2019\/01\/27\/ex-vereador-e-condenado-a-prisao-por-ficar-com-parte-do-salario-de-seus-funcionarios\/","title":{"rendered":"Ex-vereador \u00e9 condenado \u00e0 pris\u00e3o por ficar com parte do sal\u00e1rio de seus funcion\u00e1rios"},"content":{"rendered":"<p><img loading=\"lazy\" decoding=\"async\" class=\"aligncenter size-full wp-image-1447\" src=\"http:\/\/www.tribunanf.com.br\/blogdoralfereis\/wp-content\/uploads\/sites\/11\/2019\/01\/laranja-1.jpg\" alt=\"\" width=\"1374\" height=\"1050\" srcset=\"https:\/\/www.tribunanf.com.br\/blogdoralfereis\/wp-content\/uploads\/sites\/11\/2019\/01\/laranja-1.jpg 1374w, https:\/\/www.tribunanf.com.br\/blogdoralfereis\/wp-content\/uploads\/sites\/11\/2019\/01\/laranja-1-300x229.jpg 300w, https:\/\/www.tribunanf.com.br\/blogdoralfereis\/wp-content\/uploads\/sites\/11\/2019\/01\/laranja-1-768x587.jpg 768w, https:\/\/www.tribunanf.com.br\/blogdoralfereis\/wp-content\/uploads\/sites\/11\/2019\/01\/laranja-1-1024x783.jpg 1024w\" sizes=\"auto, (max-width: 1374px) 100vw, 1374px\" \/><\/p>\n<p style=\"text-align: justify;\">Sabe essa malandragem de alguns pol\u00edticos, de embolsar parte do sal\u00e1rio dos assessores nomeados por eles?<\/p>\n<p style=\"text-align: justify;\">Em Casimiro de Abreu, no interior do Rio, o ex-presidente da C\u00e2mara Municipal Alessandro Macabu Ara\u00fajo acaba de ser condenado a 36 anos de pris\u00e3o pelo juiz da cidade.<\/p>\n<p style=\"text-align: justify;\">\u00c9 que ele nomeava servidores municipais para ocupar os cargos, desde que fizessem a ele um repasse mensal de parte dos vencimentos.<\/p>\n<p style=\"text-align: justify;\">At\u00e9 a sogra do chefe de gabinete foi nomeada. Dos R$ 5 mil de sal\u00e1rio, ela ficava com s\u00f3 R$ 500,00.<\/p>\n<p style=\"text-align: justify;\">Fonte: Blog do Ancelmo Gois, O Globo<\/p>\n","protected":false},"excerpt":{"rendered":"<p>Sabe essa malandragem de alguns pol\u00edticos, de embolsar parte do sal\u00e1rio dos assessores nomeados por eles? Em Casimiro de Abreu,&#8230;<\/p>\n","protected":false},"author":2,"featured_media":1447,"comment_status":"open","ping_status":"open","sticky":false,"template":"","format":"standard","meta":{"colormag_page_container_layout":"default_layout","colormag_page_sidebar_layout":"default_layout","jetpack_post_was_ever_published":false,"_jetpack_newsletter_access":"","_jetpack_dont_email_post_to_subs":false,"_jetpack_newsletter_tier_id":0,"_jetpack_memberships_contains_paywalled_content":false,"_jetpack_memberships_contains_paid_content":false,"footnotes":""},"categories":[2],"tags":[],"class_list":["post-1443","post","type-post","status-publish","format-standard","has-post-thumbnail","hentry","category-politica"],"jetpack_featured_media_url":"https:\/\/www.tribunanf.com.br\/blogdoralfereis\/wp-content\/uploads\/sites\/11\/2019\/01\/laranja-1.jpg","jetpack_sharing_enabled":true,"_links":{"self":[{"href":"https:\/\/www.tribunanf.com.br\/blogdoralfereis\/wp-json\/wp\/v2\/posts\/1443","targetHints":{"allow":["GET"]}}],"collection":[{"href":"https:\/\/www.tribunanf.com.br\/blogdoralfereis\/wp-json\/wp\/v2\/posts"}],"about":[{"href":"https:\/\/www.tribunanf.com.br\/blogdoralfereis\/wp-json\/wp\/v2\/types\/post"}],"author":[{"embeddable":true,"href":"https:\/\/www.tribunanf.com.br\/blogdoralfereis\/wp-json\/wp\/v2\/users\/2"}],"replies":[{"embeddable":true,"href":"https:\/\/www.tribunanf.com.br\/blogdoralfereis\/wp-json\/wp\/v2\/comments?post=1443"}],"version-history":[{"count":0,"href":"https:\/\/www.tribunanf.com.br\/blogdoralfereis\/wp-json\/wp\/v2\/posts\/1443\/revisions"}],"wp:featuredmedia":[{"embeddable":true,"href":"https:\/\/www.tribunanf.com.br\/blogdoralfereis\/wp-json\/wp\/v2\/media\/1447"}],"wp:attachment":[{"href":"https:\/\/www.tribunanf.com.br\/blogdoralfereis\/wp-json\/wp\/v2\/media?parent=1443"}],"wp:term":[{"taxonomy":"category","embeddable":true,"href":"https:\/\/www.tribunanf.com.br\/blogdoralfereis\/wp-json\/wp\/v2\/categories?post=1443"},{"taxonomy":"post_tag","embeddable":true,"href":"https:\/\/www.tribunanf.com.br\/blogdoralfereis\/wp-json\/wp\/v2\/tags?post=1443"}],"curies":[{"name":"wp","href":"https:\/\/api.w.org\/{rel}","templated":true}]}}