{"id":14390,"date":"2025-05-27T10:02:36","date_gmt":"2025-05-27T13:02:36","guid":{"rendered":"https:\/\/www.tribunanf.com.br\/blogdoralfereis\/?p=14390"},"modified":"2025-05-27T10:05:42","modified_gmt":"2025-05-27T13:05:42","slug":"pesquisa-aponta-alta-rejeicao-de-claudio-castro","status":"publish","type":"post","link":"https:\/\/www.tribunanf.com.br\/blogdoralfereis\/2025\/05\/27\/pesquisa-aponta-alta-rejeicao-de-claudio-castro\/","title":{"rendered":"Pesquisa aponta alta rejei\u00e7\u00e3o de Cl\u00e1udio Castro"},"content":{"rendered":"<p><img loading=\"lazy\" decoding=\"async\" class=\"aligncenter size-large wp-image-11152\" src=\"https:\/\/www.tribunanf.com.br\/blogdoralfereis\/wp-content\/uploads\/sites\/11\/2023\/05\/castro_Easy-Resize.com_-1024x683.jpg\" alt=\"\" width=\"800\" height=\"534\" srcset=\"https:\/\/www.tribunanf.com.br\/blogdoralfereis\/wp-content\/uploads\/sites\/11\/2023\/05\/castro_Easy-Resize.com_-1024x683.jpg 1024w, https:\/\/www.tribunanf.com.br\/blogdoralfereis\/wp-content\/uploads\/sites\/11\/2023\/05\/castro_Easy-Resize.com_-300x200.jpg 300w, https:\/\/www.tribunanf.com.br\/blogdoralfereis\/wp-content\/uploads\/sites\/11\/2023\/05\/castro_Easy-Resize.com_-768x512.jpg 768w, https:\/\/www.tribunanf.com.br\/blogdoralfereis\/wp-content\/uploads\/sites\/11\/2023\/05\/castro_Easy-Resize.com_.jpg 1280w\" sizes=\"auto, (max-width: 800px) 100vw, 800px\" \/><\/p>\n<p style=\"text-align: justify;\">O levantamento do instituto Paran\u00e1 Pesquisas, divulgado nesta ter\u00e7a-feira (27), tamb\u00e9m avaliou o governo de Cl\u00e1udio Castro. Segundo os dados, o ainda governador tem alta rejei\u00e7\u00e3o.<\/p>\n<p style=\"text-align: justify;\">Entre os entrevistados, 35,1% avaliaram a gest\u00e3o como ruim ou p\u00e9ssima, 36% como regular e 26,9% classificaram como boa ou \u00f3tima, enquanto 2% n\u00e3o souberam opinar. J\u00e1 aprova\u00e7\u00e3o de Cl\u00e1udio Castro conta com apoio de 46% dos entrevistados, enquanto 49% desaprovam o governo. Os que n\u00e3o sabem ou n\u00e3o opinaram somam 4,9%.<\/p>\n<p><img loading=\"lazy\" decoding=\"async\" class=\"aligncenter wp-image-14391\" src=\"https:\/\/www.tribunanf.com.br\/blogdoralfereis\/wp-content\/uploads\/sites\/11\/2025\/05\/AVALIACAO-CLAUDIO-CASTRO_Easy-Resize.com_-1024x594.jpg\" alt=\"\" width=\"710\" height=\"412\" srcset=\"https:\/\/www.tribunanf.com.br\/blogdoralfereis\/wp-content\/uploads\/sites\/11\/2025\/05\/AVALIACAO-CLAUDIO-CASTRO_Easy-Resize.com_-1024x594.jpg 1024w, https:\/\/www.tribunanf.com.br\/blogdoralfereis\/wp-content\/uploads\/sites\/11\/2025\/05\/AVALIACAO-CLAUDIO-CASTRO_Easy-Resize.com_-300x174.jpg 300w, https:\/\/www.tribunanf.com.br\/blogdoralfereis\/wp-content\/uploads\/sites\/11\/2025\/05\/AVALIACAO-CLAUDIO-CASTRO_Easy-Resize.com_-768x446.jpg 768w, https:\/\/www.tribunanf.com.br\/blogdoralfereis\/wp-content\/uploads\/sites\/11\/2025\/05\/AVALIACAO-CLAUDIO-CASTRO_Easy-Resize.com_.jpg 1280w\" sizes=\"auto, (max-width: 710px) 100vw, 710px\" \/><\/p>\n<p style=\"text-align: justify;\">Os dados s\u00e3o alarmantes para Cl\u00e1udio Castro, uma vez que busca se cacifar para disputar ao senado em 2026.<\/p>\n<p style=\"text-align: justify;\">A pesquisa foi realizada entre os dias 19 e 23 de maio e entrevistou 1680 eleitores em 58 munic\u00edpios fluminenses. A margem de erro \u00e9 de 2,4 pontos para mais ou para menos e o \u00edndice de confian\u00e7a \u00e9 de 95%.<\/p>\n<p style=\"text-align: justify;\">Confira outros dados da pesquisa nos links abaixo:<\/p>\n<p>&nbsp;<\/p>\n<blockquote class=\"wp-embedded-content\" data-secret=\"3bTxrsykCs\"><p><a href=\"https:\/\/www.tribunanf.com.br\/pesquisa-parana-mostra-lideranca-de-flavio-bolsonaro-para-o-senado-segunda-vaga-e-disputada-por-benedita-castro-e-clarissa-garotinho\/\">Pesquisa Paran\u00e1 mostra lideran\u00e7a de Fl\u00e1vio Bolsonaro para o Senado; segunda vaga \u00e9 disputada por Benedita, Castro e Clarissa Garotinho<\/a><\/p><\/blockquote>\n<p><iframe loading=\"lazy\" class=\"wp-embedded-content\" sandbox=\"allow-scripts\" security=\"restricted\" style=\"position: absolute; visibility: hidden;\" title=\"&#8220;Pesquisa Paran\u00e1 mostra lideran\u00e7a de Fl\u00e1vio Bolsonaro para o Senado; segunda vaga \u00e9 disputada por Benedita, Castro e Clarissa Garotinho&#8221; &#8212; Tribuna NF\" src=\"https:\/\/www.tribunanf.com.br\/pesquisa-parana-mostra-lideranca-de-flavio-bolsonaro-para-o-senado-segunda-vaga-e-disputada-por-benedita-castro-e-clarissa-garotinho\/embed\/#?secret=2Xij3wZLHY#?secret=3bTxrsykCs\" data-secret=\"3bTxrsykCs\" width=\"600\" height=\"338\" frameborder=\"0\" marginwidth=\"0\" marginheight=\"0\" scrolling=\"no\"><\/iframe><\/p>\n<p>&nbsp;<\/p>\n<p><a href=\"https:\/\/www.tribunanf.com.br\/eleicoes-2026-eduardo-paes-seria-eleito-no-primeiro-turno-aponta-pesquisa-parana\/\">https:\/\/www.tribunanf.com.br\/eleicoes-2026-eduardo-paes-seria-eleito-no-primeiro-turno-aponta-pesquisa-parana\/<\/a><\/p>\n","protected":false},"excerpt":{"rendered":"<p>O levantamento do instituto Paran\u00e1 Pesquisas, divulgado nesta ter\u00e7a-feira (27), tamb\u00e9m avaliou o governo de Cl\u00e1udio Castro. Segundo os dados,&#8230;<\/p>\n","protected":false},"author":2,"featured_media":11152,"comment_status":"open","ping_status":"open","sticky":false,"template":"","format":"standard","meta":{"colormag_page_container_layout":"default_layout","colormag_page_sidebar_layout":"default_layout","jetpack_post_was_ever_published":false,"_jetpack_newsletter_access":"","_jetpack_dont_email_post_to_subs":false,"_jetpack_newsletter_tier_id":0,"_jetpack_memberships_contains_paywalled_content":false,"_jetpack_memberships_contains_paid_content":false,"footnotes":""},"categories":[2],"tags":[],"class_list":["post-14390","post","type-post","status-publish","format-standard","has-post-thumbnail","hentry","category-politica"],"jetpack_featured_media_url":"https:\/\/www.tribunanf.com.br\/blogdoralfereis\/wp-content\/uploads\/sites\/11\/2023\/05\/castro_Easy-Resize.com_.jpg","jetpack_sharing_enabled":true,"_links":{"self":[{"href":"https:\/\/www.tribunanf.com.br\/blogdoralfereis\/wp-json\/wp\/v2\/posts\/14390","targetHints":{"allow":["GET"]}}],"collection":[{"href":"https:\/\/www.tribunanf.com.br\/blogdoralfereis\/wp-json\/wp\/v2\/posts"}],"about":[{"href":"https:\/\/www.tribunanf.com.br\/blogdoralfereis\/wp-json\/wp\/v2\/types\/post"}],"author":[{"embeddable":true,"href":"https:\/\/www.tribunanf.com.br\/blogdoralfereis\/wp-json\/wp\/v2\/users\/2"}],"replies":[{"embeddable":true,"href":"https:\/\/www.tribunanf.com.br\/blogdoralfereis\/wp-json\/wp\/v2\/comments?post=14390"}],"version-history":[{"count":0,"href":"https:\/\/www.tribunanf.com.br\/blogdoralfereis\/wp-json\/wp\/v2\/posts\/14390\/revisions"}],"wp:featuredmedia":[{"embeddable":true,"href":"https:\/\/www.tribunanf.com.br\/blogdoralfereis\/wp-json\/wp\/v2\/media\/11152"}],"wp:attachment":[{"href":"https:\/\/www.tribunanf.com.br\/blogdoralfereis\/wp-json\/wp\/v2\/media?parent=14390"}],"wp:term":[{"taxonomy":"category","embeddable":true,"href":"https:\/\/www.tribunanf.com.br\/blogdoralfereis\/wp-json\/wp\/v2\/categories?post=14390"},{"taxonomy":"post_tag","embeddable":true,"href":"https:\/\/www.tribunanf.com.br\/blogdoralfereis\/wp-json\/wp\/v2\/tags?post=14390"}],"curies":[{"name":"wp","href":"https:\/\/api.w.org\/{rel}","templated":true}]}}