{"id":14379,"date":"2025-05-23T20:56:51","date_gmt":"2025-05-23T23:56:51","guid":{"rendered":"https:\/\/www.tribunanf.com.br\/blogdoralfereis\/?p=14379"},"modified":"2025-05-23T20:56:51","modified_gmt":"2025-05-23T23:56:51","slug":"stf-notifica-tse-sobre-decisao-no-caso-das-sobras-eleitorais","status":"publish","type":"post","link":"https:\/\/www.tribunanf.com.br\/blogdoralfereis\/2025\/05\/23\/stf-notifica-tse-sobre-decisao-no-caso-das-sobras-eleitorais\/","title":{"rendered":"STF notifica TSE sobre decis\u00e3o no caso das \u201csobras eleitorais\u201d"},"content":{"rendered":"<figure id=\"attachment_5929\" aria-describedby=\"caption-attachment-5929\" style=\"width: 800px\" class=\"wp-caption aligncenter\"><img loading=\"lazy\" decoding=\"async\" class=\"size-large wp-image-5929\" src=\"https:\/\/www.tribunanf.com.br\/blogdoralfereis\/wp-content\/uploads\/sites\/11\/2021\/01\/stf-1024x613.jpg\" alt=\"\" width=\"800\" height=\"479\" \/><figcaption id=\"caption-attachment-5929\" class=\"wp-caption-text\">STF &#8211; Supremo Tribunal Federal (Valter Campanato\/Ag\u00eancia Brasil)<\/figcaption><\/figure>\n<p style=\"text-align: justify;\">O ministro Fl\u00e1vio Dino, do Supremo Tribunal Federal (STF), determinou a notifica\u00e7\u00e3o do Tribunal Superior Eleitoral (TSE) para adotar as provid\u00eancias relacionadas \u00e0 distribui\u00e7\u00e3o das chamadas \u201csobras eleitorais\u201d. Decis\u00f5es anteriores do STF fixaram que todos os partidos pol\u00edticos devem participar da \u00faltima fase de divis\u00e3o das sobras e que esse entendimento vale a partir das elei\u00e7\u00f5es de 2022.<\/p>\n<p style=\"text-align: justify;\">O despacho do ministro foi dado depois da publica\u00e7\u00e3o, em 21 de maio, do ac\u00f3rd\u00e3o do julgamento que definiu esse entendimento. Dino manda dar ci\u00eancia \u00e0 presidente do TSE, ministra C\u00e1rmen L\u00facia, para as medidas de compet\u00eancia da Justi\u00e7a Eleitoral. A decis\u00e3o no caso das sobras deve afetar a composi\u00e7\u00e3o da C\u00e2mara dos Deputados na atual legislatura.<\/p>\n<p style=\"text-align: justify;\">O tema \u00e9 discutido nas A\u00e7\u00f5es Diretas de Inconstitucionalidade (ADIs)\u00a0<strong><a href=\"https:\/\/portal.stf.jus.br\/processos\/detalhe.asp?incidente=6458957\" target=\"_blank\" rel=\"noreferrer noopener\" data-type=\"link\" data-id=\"https:\/\/portal.stf.jus.br\/processos\/detalhe.asp?incidente=6458957\">7228<\/a><\/strong>\u00a0e\u00a0<strong><a href=\"https:\/\/portal.stf.jus.br\/processos\/detalhe.asp?incidente=6513675\" target=\"_blank\" rel=\"noreferrer noopener\" data-type=\"link\" data-id=\"https:\/\/portal.stf.jus.br\/processos\/detalhe.asp?incidente=6513675\">7263<\/a><\/strong>.<\/p>\n<p style=\"text-align: justify;\"><strong>A partir de 2022\u00a0<\/strong><\/p>\n<p style=\"text-align: justify;\">Em 2024, o Plen\u00e1rio invalidou a regra do C\u00f3digo Eleitoral que restringia a segunda etapa de distribui\u00e7\u00e3o das sobras eleitorais (vagas n\u00e3o preenchidas nas elei\u00e7\u00f5es proporcionais) aos partidos que atingissem 80% do quociente eleitoral e aos candidatos que atingissem 20%. Com essa decis\u00e3o, todos os partidos passaram a poder participar do rateio. Na ocasi\u00e3o, por seis votos a cinco, ficou decidido que essas mudan\u00e7as seriam aplicadas somente a partir das elei\u00e7\u00f5es de 2024, sem afetar os resultados de 2022.<\/p>\n<p style=\"text-align: justify;\">Em mar\u00e7o deste ano, analisando recursos sobre essa decis\u00e3o, o STF entendeu que essa mudan\u00e7a deveria valer a partir das elei\u00e7\u00f5es de 2022.<\/p>\n<p style=\"text-align: justify;\">Leia a\u00a0<strong><a href=\"https:\/\/portal.stf.jus.br\/processos\/downloadPeca.asp?id=15377057386&amp;ext=.pdf\" target=\"_blank\" rel=\"noreferrer noopener\" data-type=\"link\" data-id=\"https:\/\/portal.stf.jus.br\/processos\/downloadPeca.asp?id=15377057386&amp;ext=.pdf\">\u00edntegra do despacho<\/a><\/strong>.<\/p>\n<p style=\"text-align: justify;\">Fonte: STF<\/p>\n","protected":false},"excerpt":{"rendered":"<p>O ministro Fl\u00e1vio Dino, do Supremo Tribunal Federal (STF), determinou a notifica\u00e7\u00e3o do Tribunal Superior Eleitoral (TSE) para adotar as&#8230;<\/p>\n","protected":false},"author":2,"featured_media":5929,"comment_status":"open","ping_status":"open","sticky":false,"template":"","format":"standard","meta":{"colormag_page_container_layout":"default_layout","colormag_page_sidebar_layout":"default_layout","jetpack_post_was_ever_published":false,"_jetpack_newsletter_access":"","_jetpack_dont_email_post_to_subs":false,"_jetpack_newsletter_tier_id":0,"_jetpack_memberships_contains_paywalled_content":false,"_jetpack_memberships_contains_paid_content":false,"footnotes":""},"categories":[2],"tags":[],"class_list":["post-14379","post","type-post","status-publish","format-standard","has-post-thumbnail","hentry","category-politica"],"jetpack_featured_media_url":"https:\/\/www.tribunanf.com.br\/blogdoralfereis\/wp-content\/uploads\/sites\/11\/2021\/01\/stf-e1610546871358.jpg","jetpack_sharing_enabled":true,"_links":{"self":[{"href":"https:\/\/www.tribunanf.com.br\/blogdoralfereis\/wp-json\/wp\/v2\/posts\/14379","targetHints":{"allow":["GET"]}}],"collection":[{"href":"https:\/\/www.tribunanf.com.br\/blogdoralfereis\/wp-json\/wp\/v2\/posts"}],"about":[{"href":"https:\/\/www.tribunanf.com.br\/blogdoralfereis\/wp-json\/wp\/v2\/types\/post"}],"author":[{"embeddable":true,"href":"https:\/\/www.tribunanf.com.br\/blogdoralfereis\/wp-json\/wp\/v2\/users\/2"}],"replies":[{"embeddable":true,"href":"https:\/\/www.tribunanf.com.br\/blogdoralfereis\/wp-json\/wp\/v2\/comments?post=14379"}],"version-history":[{"count":0,"href":"https:\/\/www.tribunanf.com.br\/blogdoralfereis\/wp-json\/wp\/v2\/posts\/14379\/revisions"}],"wp:featuredmedia":[{"embeddable":true,"href":"https:\/\/www.tribunanf.com.br\/blogdoralfereis\/wp-json\/wp\/v2\/media\/5929"}],"wp:attachment":[{"href":"https:\/\/www.tribunanf.com.br\/blogdoralfereis\/wp-json\/wp\/v2\/media?parent=14379"}],"wp:term":[{"taxonomy":"category","embeddable":true,"href":"https:\/\/www.tribunanf.com.br\/blogdoralfereis\/wp-json\/wp\/v2\/categories?post=14379"},{"taxonomy":"post_tag","embeddable":true,"href":"https:\/\/www.tribunanf.com.br\/blogdoralfereis\/wp-json\/wp\/v2\/tags?post=14379"}],"curies":[{"name":"wp","href":"https:\/\/api.w.org\/{rel}","templated":true}]}}