{"id":14377,"date":"2025-05-23T09:55:39","date_gmt":"2025-05-23T12:55:39","guid":{"rendered":"https:\/\/www.tribunanf.com.br\/blogdoralfereis\/?p=14377"},"modified":"2025-05-23T09:55:39","modified_gmt":"2025-05-23T12:55:39","slug":"cabral-ve-risco-de-voltar-a-cadeia-e-quer-apressar-stj","status":"publish","type":"post","link":"https:\/\/www.tribunanf.com.br\/blogdoralfereis\/2025\/05\/23\/cabral-ve-risco-de-voltar-a-cadeia-e-quer-apressar-stj\/","title":{"rendered":"Cabral v\u00ea risco de voltar \u00e0 cadeia e quer apressar STJ"},"content":{"rendered":"<p><img loading=\"lazy\" decoding=\"async\" class=\"aligncenter size-large wp-image-9765\" src=\"https:\/\/www.tribunanf.com.br\/blogdoralfereis\/wp-content\/uploads\/sites\/11\/2022\/07\/cabral_Easy-Resize.com_-1024x618.jpg\" alt=\"\" width=\"800\" height=\"483\" srcset=\"https:\/\/www.tribunanf.com.br\/blogdoralfereis\/wp-content\/uploads\/sites\/11\/2022\/07\/cabral_Easy-Resize.com_-1024x618.jpg 1024w, https:\/\/www.tribunanf.com.br\/blogdoralfereis\/wp-content\/uploads\/sites\/11\/2022\/07\/cabral_Easy-Resize.com_-300x181.jpg 300w, https:\/\/www.tribunanf.com.br\/blogdoralfereis\/wp-content\/uploads\/sites\/11\/2022\/07\/cabral_Easy-Resize.com_-768x464.jpg 768w, https:\/\/www.tribunanf.com.br\/blogdoralfereis\/wp-content\/uploads\/sites\/11\/2022\/07\/cabral_Easy-Resize.com_.jpg 1280w\" sizes=\"auto, (max-width: 800px) 100vw, 800px\" \/><\/p>\n<p style=\"text-align: justify;\">Solto em dezembro de 2022 ap\u00f3s seis anos preso na Lava Jato, S\u00e9rgio Cabral v\u00ea riscos de voltar \u00e0 cadeia em breve. O motivo seria a condena\u00e7\u00e3o dele em um processo por corrup\u00e7\u00e3o passiva e lavagem de dinheiro envolvendo o Complexo Petroqu\u00edmico do Rio de Janeiro (Comperj), informa a Coluna de Guilherme Amado, do site Plat\u00f5BR.<\/p>\n<p style=\"text-align: justify;\">A defesa de Cabral tenta, por meio de um habeas corpus no STJ, restabelecer os efeitos da decis\u00e3o do juiz federal Eduardo Appio, um dos sucessores de Sergio Moro na vara da Lava Jato, que considerou Moro parcial e anulou todas as decis\u00f5es dele contra o ex-governador, incluindo essa condena\u00e7\u00e3o.<\/p>\n<p style=\"text-align: justify;\">O pedido ao STJ para revalidar a decis\u00e3o de Appio foi apresentado em fevereiro de 2024, mas ainda n\u00e3o foi julgado.<\/p>\n<p style=\"text-align: justify;\">Enquanto isso, o recurso contra a condena\u00e7\u00e3o propriamente dita j\u00e1 chegou ao STF e teve uma decis\u00e3o contr\u00e1ria de Edson Fachin em 6 de maio. Ou seja, para a defesa, h\u00e1 risco de a senten\u00e7a transitar em julgado em breve e Cabral voltar a ser preso.<\/p>\n<p style=\"text-align: justify;\">Por esse motivo, nessa quinta-feira, 21, os advogados pediram para o Supremo mandar o STJ marcar logo o julgamento do habeas corpus sobre a decis\u00e3o de Appio, que anulou a condena\u00e7\u00e3o. A defesa afirmou que a demora do STJ \u201ccoloca em risco iminente a liberdade de S\u00e9rgio Cabral\u201d.<\/p>\n<p style=\"text-align: justify;\">\u201cA omiss\u00e3o da presta\u00e7\u00e3o jurisdicional promovida pelo STJ afeta diretamente a liberdade do Paciente, que v\u00ea contra si a perpetua\u00e7\u00e3o de uma senten\u00e7a condenat\u00f3ria exarada por um magistrado flagrantemente parcial, podendo, inclusive, com esta demora, causar o tr\u00e2nsito em julgado de uma senten\u00e7a manifestamente ilegal\u201d, disse o pedido ao STF.<\/p>\n<p style=\"text-align: justify;\">Al\u00e9m da pressa no STJ, a defesa quer que a tramita\u00e7\u00e3o do recurso contra a condena\u00e7\u00e3o seja suspensa no STF \u2014 assim, n\u00e3o haveria risco de a senten\u00e7a transitar em julgado.<\/p>\n","protected":false},"excerpt":{"rendered":"<p>Solto em dezembro de 2022 ap\u00f3s seis anos preso na Lava Jato, S\u00e9rgio Cabral v\u00ea riscos de voltar \u00e0 cadeia&#8230;<\/p>\n","protected":false},"author":2,"featured_media":9765,"comment_status":"open","ping_status":"open","sticky":false,"template":"","format":"standard","meta":{"colormag_page_container_layout":"default_layout","colormag_page_sidebar_layout":"default_layout","jetpack_post_was_ever_published":false,"_jetpack_newsletter_access":"","_jetpack_dont_email_post_to_subs":false,"_jetpack_newsletter_tier_id":0,"_jetpack_memberships_contains_paywalled_content":false,"_jetpack_memberships_contains_paid_content":false,"footnotes":""},"categories":[2],"tags":[],"class_list":["post-14377","post","type-post","status-publish","format-standard","has-post-thumbnail","hentry","category-politica"],"jetpack_featured_media_url":"https:\/\/www.tribunanf.com.br\/blogdoralfereis\/wp-content\/uploads\/sites\/11\/2022\/07\/cabral_Easy-Resize.com_.jpg","jetpack_sharing_enabled":true,"_links":{"self":[{"href":"https:\/\/www.tribunanf.com.br\/blogdoralfereis\/wp-json\/wp\/v2\/posts\/14377","targetHints":{"allow":["GET"]}}],"collection":[{"href":"https:\/\/www.tribunanf.com.br\/blogdoralfereis\/wp-json\/wp\/v2\/posts"}],"about":[{"href":"https:\/\/www.tribunanf.com.br\/blogdoralfereis\/wp-json\/wp\/v2\/types\/post"}],"author":[{"embeddable":true,"href":"https:\/\/www.tribunanf.com.br\/blogdoralfereis\/wp-json\/wp\/v2\/users\/2"}],"replies":[{"embeddable":true,"href":"https:\/\/www.tribunanf.com.br\/blogdoralfereis\/wp-json\/wp\/v2\/comments?post=14377"}],"version-history":[{"count":0,"href":"https:\/\/www.tribunanf.com.br\/blogdoralfereis\/wp-json\/wp\/v2\/posts\/14377\/revisions"}],"wp:featuredmedia":[{"embeddable":true,"href":"https:\/\/www.tribunanf.com.br\/blogdoralfereis\/wp-json\/wp\/v2\/media\/9765"}],"wp:attachment":[{"href":"https:\/\/www.tribunanf.com.br\/blogdoralfereis\/wp-json\/wp\/v2\/media?parent=14377"}],"wp:term":[{"taxonomy":"category","embeddable":true,"href":"https:\/\/www.tribunanf.com.br\/blogdoralfereis\/wp-json\/wp\/v2\/categories?post=14377"},{"taxonomy":"post_tag","embeddable":true,"href":"https:\/\/www.tribunanf.com.br\/blogdoralfereis\/wp-json\/wp\/v2\/tags?post=14377"}],"curies":[{"name":"wp","href":"https:\/\/api.w.org\/{rel}","templated":true}]}}