{"id":14315,"date":"2025-05-09T07:55:51","date_gmt":"2025-05-09T10:55:51","guid":{"rendered":"https:\/\/www.tribunanf.com.br\/blogdoralfereis\/?p=14315"},"modified":"2025-05-09T07:55:51","modified_gmt":"2025-05-09T10:55:51","slug":"justica-mantem-bloqueio-de-bens-do-banco-do-brasil-securities-por-conduta-que-resultou-em-prejuizos-ao-rioprevidencia","status":"publish","type":"post","link":"https:\/\/www.tribunanf.com.br\/blogdoralfereis\/2025\/05\/09\/justica-mantem-bloqueio-de-bens-do-banco-do-brasil-securities-por-conduta-que-resultou-em-prejuizos-ao-rioprevidencia\/","title":{"rendered":"Justi\u00e7a mant\u00e9m bloqueio de bens do Banco do Brasil Securities por conduta que resultou em preju\u00edzos ao Rioprevid\u00eancia"},"content":{"rendered":"<p><img loading=\"lazy\" decoding=\"async\" class=\"aligncenter size-large wp-image-13000\" src=\"https:\/\/www.tribunanf.com.br\/blogdoralfereis\/wp-content\/uploads\/sites\/11\/2024\/05\/rioprevidencia_Easy-Resize.com_-1024x640.jpg\" alt=\"\" width=\"800\" height=\"500\" srcset=\"https:\/\/www.tribunanf.com.br\/blogdoralfereis\/wp-content\/uploads\/sites\/11\/2024\/05\/rioprevidencia_Easy-Resize.com_-1024x640.jpg 1024w, https:\/\/www.tribunanf.com.br\/blogdoralfereis\/wp-content\/uploads\/sites\/11\/2024\/05\/rioprevidencia_Easy-Resize.com_-300x188.jpg 300w, https:\/\/www.tribunanf.com.br\/blogdoralfereis\/wp-content\/uploads\/sites\/11\/2024\/05\/rioprevidencia_Easy-Resize.com_-768x480.jpg 768w, https:\/\/www.tribunanf.com.br\/blogdoralfereis\/wp-content\/uploads\/sites\/11\/2024\/05\/rioprevidencia_Easy-Resize.com_.jpg 1280w\" sizes=\"auto, (max-width: 800px) 100vw, 800px\" \/><\/p>\n<p style=\"text-align: justify;\">Seguindo parecer do Minist\u00e9rio P\u00fablico do Estado do Rio de Janeiro (MPRJ), atrav\u00e9s da 11\u00aa Procuradoria, o Tribunal de Justi\u00e7a (TJRJ) manteve em segundo grau a decis\u00e3o que determinou a penhora e a indisponibilidade de mais de R$ 106 milh\u00f5es do Banco do Brasil Securities LLC. A decis\u00e3o agravada foi proferida pela 7\u00aa Vara de Fazenda P\u00fablica da Comarca da Capital em a\u00e7\u00e3o civil p\u00fablica ajuizada pelo GAESF\/MPRJ contra o ex-governador do Estado do Rio de Janeiro, Luiz Fernando de Souza Pez\u00e3o, o ex-diretor-presidente do Fundo \u00danico de Previd\u00eancia Social do Estado do Rio de Janeiro (Rioprevid\u00eancia), Gustavo Barbosa, e o Banco do Brasil Securities LLC.<\/p>\n<p style=\"text-align: justify;\">O GAESF\/MPRJ demonstrou que Pez\u00e3o e Gustavo Barbosa causaram preju\u00edzo de mais de R$ 912 milh\u00f5es ao Rioprevid\u00eancia, em decorr\u00eancia de uma renegocia\u00e7\u00e3o contratual assessorada pelo BB Securities no \u00e2mbito da opera\u00e7\u00e3o de securitiza\u00e7\u00e3o dos royalties do petr\u00f3leo, conhecida como Opera\u00e7\u00e3o Delaware. A a\u00e7\u00e3o detalha que os r\u00e9us, de forma consciente, violaram normas que garantem a prud\u00eancia e seguran\u00e7a dos ativos previdenci\u00e1rios, tendo realizado opera\u00e7\u00e3o sabidamente antiecon\u00f4mica, o que enseja a aplica\u00e7\u00e3o de san\u00e7\u00f5es pela pr\u00e1tica do ato de improbidade administrativa e a repara\u00e7\u00e3o do dano sofrido pelo Rioprevid\u00eancia.<\/p>\n<p style=\"text-align: justify;\">O BB Securities recorreu da decis\u00e3o de primeira inst\u00e2ncia, alegando que seria parte ileg\u00edtima no polo passivo do processo, excesso do montante de penhora, entre outras raz\u00f5es. Em parecer contra o recurso, o MPRJ destacou os fartos elementos de convic\u00e7\u00e3o reunidos no inqu\u00e9rito civil que demonstram a participa\u00e7\u00e3o da institui\u00e7\u00e3o no dano causado ao fundo previdenci\u00e1rio, especialmente por ter induzido os termos da renegocia\u00e7\u00e3o antiecon\u00f4mica que violaram a Lei de Responsabilidade Fiscal. Foram destacados tamb\u00e9m os requisitos para a manuten\u00e7\u00e3o da indisponibilidade dos bens, sendo registrado que &#8220;por mais onerosa que seja a tempor\u00e1ria restri\u00e7\u00e3o ao direito de propriedade imposta pela indisponibilidade de bens, a fundada not\u00edcia da pr\u00e1tica de improbidade n\u00e3o s\u00f3 recomenda como autoriza a relativiza\u00e7\u00e3o de um direito individual em prol do interesse p\u00fablico na apura\u00e7\u00e3o de conduta que pode resultar no dever de ressarcimento integral dos preju\u00edzos causados ao er\u00e1rio&#8221;.<\/p>\n<p style=\"text-align: justify;\">Ao proferir seu voto, a desembargadora relatora reconheceu que a decis\u00e3o recorrida n\u00e3o se mostra &#8220;teratol\u00f3gica, ilegal, ou mesmo contr\u00e1ria \u00e0s provas dos autos, devendo permanecer tal como lan\u00e7ada&#8221;.<\/p>\n<p style=\"text-align: justify;\"><em>Por MPRJ<\/em><\/p>\n","protected":false},"excerpt":{"rendered":"<p>Seguindo parecer do Minist\u00e9rio P\u00fablico do Estado do Rio de Janeiro (MPRJ), atrav\u00e9s da 11\u00aa Procuradoria, o Tribunal de Justi\u00e7a&#8230;<\/p>\n","protected":false},"author":2,"featured_media":13000,"comment_status":"open","ping_status":"open","sticky":false,"template":"","format":"standard","meta":{"colormag_page_container_layout":"default_layout","colormag_page_sidebar_layout":"default_layout","jetpack_post_was_ever_published":false,"_jetpack_newsletter_access":"","_jetpack_dont_email_post_to_subs":false,"_jetpack_newsletter_tier_id":0,"_jetpack_memberships_contains_paywalled_content":false,"_jetpack_memberships_contains_paid_content":false,"footnotes":""},"categories":[2],"tags":[],"class_list":["post-14315","post","type-post","status-publish","format-standard","has-post-thumbnail","hentry","category-politica"],"jetpack_featured_media_url":"https:\/\/www.tribunanf.com.br\/blogdoralfereis\/wp-content\/uploads\/sites\/11\/2024\/05\/rioprevidencia_Easy-Resize.com_.jpg","jetpack_sharing_enabled":true,"_links":{"self":[{"href":"https:\/\/www.tribunanf.com.br\/blogdoralfereis\/wp-json\/wp\/v2\/posts\/14315","targetHints":{"allow":["GET"]}}],"collection":[{"href":"https:\/\/www.tribunanf.com.br\/blogdoralfereis\/wp-json\/wp\/v2\/posts"}],"about":[{"href":"https:\/\/www.tribunanf.com.br\/blogdoralfereis\/wp-json\/wp\/v2\/types\/post"}],"author":[{"embeddable":true,"href":"https:\/\/www.tribunanf.com.br\/blogdoralfereis\/wp-json\/wp\/v2\/users\/2"}],"replies":[{"embeddable":true,"href":"https:\/\/www.tribunanf.com.br\/blogdoralfereis\/wp-json\/wp\/v2\/comments?post=14315"}],"version-history":[{"count":0,"href":"https:\/\/www.tribunanf.com.br\/blogdoralfereis\/wp-json\/wp\/v2\/posts\/14315\/revisions"}],"wp:featuredmedia":[{"embeddable":true,"href":"https:\/\/www.tribunanf.com.br\/blogdoralfereis\/wp-json\/wp\/v2\/media\/13000"}],"wp:attachment":[{"href":"https:\/\/www.tribunanf.com.br\/blogdoralfereis\/wp-json\/wp\/v2\/media?parent=14315"}],"wp:term":[{"taxonomy":"category","embeddable":true,"href":"https:\/\/www.tribunanf.com.br\/blogdoralfereis\/wp-json\/wp\/v2\/categories?post=14315"},{"taxonomy":"post_tag","embeddable":true,"href":"https:\/\/www.tribunanf.com.br\/blogdoralfereis\/wp-json\/wp\/v2\/tags?post=14315"}],"curies":[{"name":"wp","href":"https:\/\/api.w.org\/{rel}","templated":true}]}}