{"id":14281,"date":"2025-04-25T11:12:18","date_gmt":"2025-04-25T14:12:18","guid":{"rendered":"https:\/\/www.tribunanf.com.br\/blogdoralfereis\/?p=14281"},"modified":"2025-04-25T11:12:18","modified_gmt":"2025-04-25T14:12:18","slug":"decisao-do-stf-afetara-diretamente-servidores-admitidos-sem-concurso-antes-de-1988-informa-prefeitura-de-campos","status":"publish","type":"post","link":"https:\/\/www.tribunanf.com.br\/blogdoralfereis\/2025\/04\/25\/decisao-do-stf-afetara-diretamente-servidores-admitidos-sem-concurso-antes-de-1988-informa-prefeitura-de-campos\/","title":{"rendered":"Decis\u00e3o do STF afetar\u00e1 diretamente servidores admitidos sem concurso antes de 1988, informa Prefeitura de Campos"},"content":{"rendered":"<p><img loading=\"lazy\" decoding=\"async\" class=\"aligncenter size-large wp-image-7440\" src=\"https:\/\/www.tribunanf.com.br\/blogdoralfereis\/wp-content\/uploads\/sites\/11\/2021\/08\/prefeitura-campos-1024x682.jpg\" alt=\"\" width=\"800\" height=\"533\" \/><\/p>\n<p style=\"text-align: justify;\">Uma decis\u00e3o do Supremo Tribunal Federal afetar\u00e1 severamente a vida de funcion\u00e1rios que adentraram ao servi\u00e7o p\u00fablico usando a janela da Constitui\u00e7\u00e3o de 1988. O entendimento da Corte diz que servidor admitido sem concurso p\u00fablico, celetista, antes da promulga\u00e7\u00e3o da Constitui\u00e7\u00e3o da Rep\u00fablica de 1988 n\u00e3o tem direito a efetividade no regime pr\u00f3prio de previd\u00eancia social (RPPS) e, portanto, deve ser reintegrado ao Regime Geral de Previd\u00eancia Social (RGPS). Em termos pr\u00e1ticos, tais servidores devem ser exclu\u00eddos do PREVICAMPOS e retornar ao INSS. A decis\u00e3o, decorrente de a\u00e7\u00e3o proposta pelo Minist\u00e9rio P\u00fablico do Estado do Rio de Janeiro no ano de 2007, j\u00e1 est\u00e1 transitada em julgado e n\u00e3o cabe recurso.<\/p>\n<p style=\"text-align: justify;\">Em Campos, a Justi\u00e7a local determinou que a Prefeitura proceda ao cumprimento da senten\u00e7a e, com isso, em muitos casos, significa \u201cdesaposentar\u201d pessoas j\u00e1 em idade avan\u00e7ada, bem como pensionistas oriundos de servidores da mesma situa\u00e7\u00e3o. A tese fixada foi de que somente s\u00e3o admitidos no regime pr\u00f3prio de previd\u00eancia social exclusivamente os servidores p\u00fablicos civis detentores de cargo efetivo (art. 40, CF, na reda\u00e7\u00e3o dada pela EC n\u00ba 20\/98), o que exclui os est\u00e1veis na forma do art. 19 do ADCT (que ingressaram ao servi\u00e7o p\u00fablico entre 5 de outubro de 1983 e 4 de outubro de 1988) e demais servidores admitidos sem concurso p\u00fablico.<\/p>\n<p style=\"text-align: justify;\">A Prefeitura de Campos informa que a determina\u00e7\u00e3o \u00e9 no sentido de \u201cinvalidar todas as transforma\u00e7\u00f5es de v\u00ednculos celetistas em cargos p\u00fablicos efetivos, com o desfazimento de todos os atos administrativos praticados com base na referida norma, incluindo pagamentos de vencimentos, aposentadorias e pens\u00f5es\u201d, cumprindo assim os preceitos contidos no art. 19 dos Atos das Disposi\u00e7\u00f5es Constitucionais Transit\u00f3rias da Constitui\u00e7\u00e3o da Rep\u00fablica de 1988, como restou destacado na decis\u00e3o.<\/p>\n<p>Fonte: Prefeitura de Campos<\/p>\n","protected":false},"excerpt":{"rendered":"<p>Uma decis\u00e3o do Supremo Tribunal Federal afetar\u00e1 severamente a vida de funcion\u00e1rios que adentraram ao servi\u00e7o p\u00fablico usando a janela&#8230;<\/p>\n","protected":false},"author":2,"featured_media":7440,"comment_status":"open","ping_status":"open","sticky":false,"template":"","format":"standard","meta":{"colormag_page_container_layout":"default_layout","colormag_page_sidebar_layout":"default_layout","jetpack_post_was_ever_published":false,"_jetpack_newsletter_access":"","_jetpack_dont_email_post_to_subs":false,"_jetpack_newsletter_tier_id":0,"_jetpack_memberships_contains_paywalled_content":false,"_jetpack_memberships_contains_paid_content":false,"footnotes":""},"categories":[45],"tags":[],"class_list":["post-14281","post","type-post","status-publish","format-standard","has-post-thumbnail","hentry","category-variedade"],"jetpack_featured_media_url":"https:\/\/www.tribunanf.com.br\/blogdoralfereis\/wp-content\/uploads\/sites\/11\/2021\/08\/prefeitura-campos-e1629389961928.jpg","jetpack_sharing_enabled":true,"_links":{"self":[{"href":"https:\/\/www.tribunanf.com.br\/blogdoralfereis\/wp-json\/wp\/v2\/posts\/14281","targetHints":{"allow":["GET"]}}],"collection":[{"href":"https:\/\/www.tribunanf.com.br\/blogdoralfereis\/wp-json\/wp\/v2\/posts"}],"about":[{"href":"https:\/\/www.tribunanf.com.br\/blogdoralfereis\/wp-json\/wp\/v2\/types\/post"}],"author":[{"embeddable":true,"href":"https:\/\/www.tribunanf.com.br\/blogdoralfereis\/wp-json\/wp\/v2\/users\/2"}],"replies":[{"embeddable":true,"href":"https:\/\/www.tribunanf.com.br\/blogdoralfereis\/wp-json\/wp\/v2\/comments?post=14281"}],"version-history":[{"count":0,"href":"https:\/\/www.tribunanf.com.br\/blogdoralfereis\/wp-json\/wp\/v2\/posts\/14281\/revisions"}],"wp:featuredmedia":[{"embeddable":true,"href":"https:\/\/www.tribunanf.com.br\/blogdoralfereis\/wp-json\/wp\/v2\/media\/7440"}],"wp:attachment":[{"href":"https:\/\/www.tribunanf.com.br\/blogdoralfereis\/wp-json\/wp\/v2\/media?parent=14281"}],"wp:term":[{"taxonomy":"category","embeddable":true,"href":"https:\/\/www.tribunanf.com.br\/blogdoralfereis\/wp-json\/wp\/v2\/categories?post=14281"},{"taxonomy":"post_tag","embeddable":true,"href":"https:\/\/www.tribunanf.com.br\/blogdoralfereis\/wp-json\/wp\/v2\/tags?post=14281"}],"curies":[{"name":"wp","href":"https:\/\/api.w.org\/{rel}","templated":true}]}}