{"id":1426,"date":"2019-01-23T21:42:09","date_gmt":"2019-01-23T23:42:09","guid":{"rendered":"http:\/\/www.tribunanf.com.br\/blogdoralfereis\/?p=1426"},"modified":"2019-01-23T21:42:09","modified_gmt":"2019-01-23T23:42:09","slug":"grupo-ok-supermercado-na-cidade-de-campos","status":"publish","type":"post","link":"https:\/\/www.tribunanf.com.br\/blogdoralfereis\/2019\/01\/23\/grupo-ok-supermercado-na-cidade-de-campos\/","title":{"rendered":"Grupo OK Supermercado na cidade de Campos"},"content":{"rendered":"<figure id=\"attachment_1427\" aria-describedby=\"caption-attachment-1427\" style=\"width: 1600px\" class=\"wp-caption aligncenter\"><img loading=\"lazy\" decoding=\"async\" class=\"size-full wp-image-1427\" src=\"http:\/\/www.tribunanf.com.br\/blogdoralfereis\/wp-content\/uploads\/sites\/11\/2019\/01\/Ok-supermercado.jpg\" alt=\"\" width=\"1600\" height=\"853\" srcset=\"https:\/\/www.tribunanf.com.br\/blogdoralfereis\/wp-content\/uploads\/sites\/11\/2019\/01\/Ok-supermercado.jpg 1600w, https:\/\/www.tribunanf.com.br\/blogdoralfereis\/wp-content\/uploads\/sites\/11\/2019\/01\/Ok-supermercado-300x160.jpg 300w, https:\/\/www.tribunanf.com.br\/blogdoralfereis\/wp-content\/uploads\/sites\/11\/2019\/01\/Ok-supermercado-768x409.jpg 768w, https:\/\/www.tribunanf.com.br\/blogdoralfereis\/wp-content\/uploads\/sites\/11\/2019\/01\/Ok-supermercado-1024x546.jpg 1024w\" sizes=\"auto, (max-width: 1600px) 100vw, 1600px\" \/><figcaption id=\"caption-attachment-1427\" class=\"wp-caption-text\">Ok Supermercado do ES<\/figcaption><\/figure>\n<p style=\"text-align: justify;\">O grupo Ok Supermercado, procedente do estado do Esp\u00edrito Santo, em parceria com a fam\u00edlia Roncetti, leia-se Joel Roncetti, est\u00e1 construindo uma filial do grupo, nas imedia\u00e7\u00f5es do HGG, em Guarus, no caro\u00e7o do abacate.<\/p>\n<p style=\"text-align: justify;\">Salvo melhor ju\u00edzo esse supermercado do Grupo OK ficar\u00e1 ao lado de uma loja do Superbom.<\/p>\n<p style=\"text-align: justify;\">Depois de alguns anos o Sr. Joel Roncetti dever\u00e1 provar seu sucesso no ramo.<\/p>\n","protected":false},"excerpt":{"rendered":"<p>O grupo Ok Supermercado, procedente do estado do Esp\u00edrito Santo, em parceria com a fam\u00edlia Roncetti, leia-se Joel Roncetti, est\u00e1&#8230;<\/p>\n","protected":false},"author":2,"featured_media":1427,"comment_status":"open","ping_status":"open","sticky":false,"template":"","format":"standard","meta":{"colormag_page_container_layout":"default_layout","colormag_page_sidebar_layout":"default_layout","jetpack_post_was_ever_published":false,"_jetpack_newsletter_access":"","_jetpack_dont_email_post_to_subs":false,"_jetpack_newsletter_tier_id":0,"_jetpack_memberships_contains_paywalled_content":false,"_jetpack_memberships_contains_paid_content":false,"footnotes":""},"categories":[7],"tags":[],"class_list":["post-1426","post","type-post","status-publish","format-standard","has-post-thumbnail","hentry","category-economia"],"jetpack_featured_media_url":"https:\/\/www.tribunanf.com.br\/blogdoralfereis\/wp-content\/uploads\/sites\/11\/2019\/01\/Ok-supermercado.jpg","jetpack_sharing_enabled":true,"_links":{"self":[{"href":"https:\/\/www.tribunanf.com.br\/blogdoralfereis\/wp-json\/wp\/v2\/posts\/1426","targetHints":{"allow":["GET"]}}],"collection":[{"href":"https:\/\/www.tribunanf.com.br\/blogdoralfereis\/wp-json\/wp\/v2\/posts"}],"about":[{"href":"https:\/\/www.tribunanf.com.br\/blogdoralfereis\/wp-json\/wp\/v2\/types\/post"}],"author":[{"embeddable":true,"href":"https:\/\/www.tribunanf.com.br\/blogdoralfereis\/wp-json\/wp\/v2\/users\/2"}],"replies":[{"embeddable":true,"href":"https:\/\/www.tribunanf.com.br\/blogdoralfereis\/wp-json\/wp\/v2\/comments?post=1426"}],"version-history":[{"count":0,"href":"https:\/\/www.tribunanf.com.br\/blogdoralfereis\/wp-json\/wp\/v2\/posts\/1426\/revisions"}],"wp:featuredmedia":[{"embeddable":true,"href":"https:\/\/www.tribunanf.com.br\/blogdoralfereis\/wp-json\/wp\/v2\/media\/1427"}],"wp:attachment":[{"href":"https:\/\/www.tribunanf.com.br\/blogdoralfereis\/wp-json\/wp\/v2\/media?parent=1426"}],"wp:term":[{"taxonomy":"category","embeddable":true,"href":"https:\/\/www.tribunanf.com.br\/blogdoralfereis\/wp-json\/wp\/v2\/categories?post=1426"},{"taxonomy":"post_tag","embeddable":true,"href":"https:\/\/www.tribunanf.com.br\/blogdoralfereis\/wp-json\/wp\/v2\/tags?post=1426"}],"curies":[{"name":"wp","href":"https:\/\/api.w.org\/{rel}","templated":true}]}}