{"id":14214,"date":"2025-04-07T15:40:17","date_gmt":"2025-04-07T18:40:17","guid":{"rendered":"https:\/\/www.tribunanf.com.br\/blogdoralfereis\/?p=14214"},"modified":"2025-04-07T15:40:17","modified_gmt":"2025-04-07T18:40:17","slug":"cpi-aprova-convocacao-do-secretario-de-transformacao-digital-e-do-presidente-do-proderj","status":"publish","type":"post","link":"https:\/\/www.tribunanf.com.br\/blogdoralfereis\/2025\/04\/07\/cpi-aprova-convocacao-do-secretario-de-transformacao-digital-e-do-presidente-do-proderj\/","title":{"rendered":"CPI aprova convoca\u00e7\u00e3o do secret\u00e1rio de Transforma\u00e7\u00e3o Digital e do presidente do Proderj"},"content":{"rendered":"<p><img loading=\"lazy\" decoding=\"async\" class=\"aligncenter size-large wp-image-12991\" src=\"https:\/\/www.tribunanf.com.br\/blogdoralfereis\/wp-content\/uploads\/sites\/11\/2024\/05\/Nova-sede-da-Alerj_Easy-Resize.com_-1024x640.jpg\" alt=\"\" width=\"800\" height=\"500\" srcset=\"https:\/\/www.tribunanf.com.br\/blogdoralfereis\/wp-content\/uploads\/sites\/11\/2024\/05\/Nova-sede-da-Alerj_Easy-Resize.com_-1024x640.jpg 1024w, https:\/\/www.tribunanf.com.br\/blogdoralfereis\/wp-content\/uploads\/sites\/11\/2024\/05\/Nova-sede-da-Alerj_Easy-Resize.com_-300x188.jpg 300w, https:\/\/www.tribunanf.com.br\/blogdoralfereis\/wp-content\/uploads\/sites\/11\/2024\/05\/Nova-sede-da-Alerj_Easy-Resize.com_-768x480.jpg 768w, https:\/\/www.tribunanf.com.br\/blogdoralfereis\/wp-content\/uploads\/sites\/11\/2024\/05\/Nova-sede-da-Alerj_Easy-Resize.com_.jpg 1280w\" sizes=\"auto, (max-width: 800px) 100vw, 800px\" \/><\/p>\n<p style=\"text-align: justify;\">Os gastos milion\u00e1rios da Secretaria estadual de Transforma\u00e7\u00e3o Digital entraram de vez na mira da CPI da Transpar\u00eancia, da Assembleia Legislativa (Alerj). O colegiado aprovou, nesta segunda-feira, a convoca\u00e7\u00e3o do atual chefe da pasta, Feu Braga, e do presidente do Proderj, Flavio Rodrigues, para oitivas.<\/p>\n<p style=\"text-align: justify;\">O Proderj \u00e9 o Centro de Tecnologia da Informa\u00e7\u00e3o e Comunica\u00e7\u00e3o do Estado, que est\u00e1 na estrutura da secretaria. Braga e Rodrigues dever\u00e3o ser ouvidos pelos deputados em reuni\u00e3o na pr\u00f3xima semana. A aprova\u00e7\u00e3o das convoca\u00e7\u00f5es aconteceu em encontro extraordin\u00e1rio da CPI, realizado nesta segunda.<\/p>\n<p style=\"text-align: justify;\">Em 18 de mar\u00e7o, a Alerj aprovou, em discuss\u00e3o \u00fanica, a prorroga\u00e7\u00e3o por 60 dias da comiss\u00e3o. O colegiado, tamb\u00e9m chamado de CPI do Fim do Mundo, tem o objetivo de investigar, entre outros indicativos de falta de transpar\u00eancia no governo do estado, o descumprimento da Lei de Acesso \u00e0 Informa\u00e7\u00e3o e irregularidades nos processos do Sistema Estadual de Informa\u00e7\u00f5es (SEI) do governo do estado.<\/p>\n<p style=\"text-align: justify;\">Fonte: site Tempo Real<\/p>\n","protected":false},"excerpt":{"rendered":"<p>Os gastos milion\u00e1rios da Secretaria estadual de Transforma\u00e7\u00e3o Digital entraram de vez na mira da CPI da Transpar\u00eancia, da Assembleia&#8230;<\/p>\n","protected":false},"author":2,"featured_media":12991,"comment_status":"open","ping_status":"open","sticky":false,"template":"","format":"standard","meta":{"colormag_page_container_layout":"default_layout","colormag_page_sidebar_layout":"default_layout","jetpack_post_was_ever_published":false,"_jetpack_newsletter_access":"","_jetpack_dont_email_post_to_subs":false,"_jetpack_newsletter_tier_id":0,"_jetpack_memberships_contains_paywalled_content":false,"_jetpack_memberships_contains_paid_content":false,"footnotes":""},"categories":[2],"tags":[],"class_list":["post-14214","post","type-post","status-publish","format-standard","has-post-thumbnail","hentry","category-politica"],"jetpack_featured_media_url":"https:\/\/www.tribunanf.com.br\/blogdoralfereis\/wp-content\/uploads\/sites\/11\/2024\/05\/Nova-sede-da-Alerj_Easy-Resize.com_.jpg","jetpack_sharing_enabled":true,"_links":{"self":[{"href":"https:\/\/www.tribunanf.com.br\/blogdoralfereis\/wp-json\/wp\/v2\/posts\/14214","targetHints":{"allow":["GET"]}}],"collection":[{"href":"https:\/\/www.tribunanf.com.br\/blogdoralfereis\/wp-json\/wp\/v2\/posts"}],"about":[{"href":"https:\/\/www.tribunanf.com.br\/blogdoralfereis\/wp-json\/wp\/v2\/types\/post"}],"author":[{"embeddable":true,"href":"https:\/\/www.tribunanf.com.br\/blogdoralfereis\/wp-json\/wp\/v2\/users\/2"}],"replies":[{"embeddable":true,"href":"https:\/\/www.tribunanf.com.br\/blogdoralfereis\/wp-json\/wp\/v2\/comments?post=14214"}],"version-history":[{"count":0,"href":"https:\/\/www.tribunanf.com.br\/blogdoralfereis\/wp-json\/wp\/v2\/posts\/14214\/revisions"}],"wp:featuredmedia":[{"embeddable":true,"href":"https:\/\/www.tribunanf.com.br\/blogdoralfereis\/wp-json\/wp\/v2\/media\/12991"}],"wp:attachment":[{"href":"https:\/\/www.tribunanf.com.br\/blogdoralfereis\/wp-json\/wp\/v2\/media?parent=14214"}],"wp:term":[{"taxonomy":"category","embeddable":true,"href":"https:\/\/www.tribunanf.com.br\/blogdoralfereis\/wp-json\/wp\/v2\/categories?post=14214"},{"taxonomy":"post_tag","embeddable":true,"href":"https:\/\/www.tribunanf.com.br\/blogdoralfereis\/wp-json\/wp\/v2\/tags?post=14214"}],"curies":[{"name":"wp","href":"https:\/\/api.w.org\/{rel}","templated":true}]}}