{"id":14173,"date":"2025-03-28T18:28:33","date_gmt":"2025-03-28T21:28:33","guid":{"rendered":"https:\/\/www.tribunanf.com.br\/blogdoralfereis\/?p=14173"},"modified":"2025-03-28T18:28:33","modified_gmt":"2025-03-28T21:28:33","slug":"stj-confirma-condenacao-da-petrobras-a-cerca-de-r-36-milhoes-por-dano-ambiental-na-bacia-de-campos","status":"publish","type":"post","link":"https:\/\/www.tribunanf.com.br\/blogdoralfereis\/2025\/03\/28\/stj-confirma-condenacao-da-petrobras-a-cerca-de-r-36-milhoes-por-dano-ambiental-na-bacia-de-campos\/","title":{"rendered":"STJ confirma condena\u00e7\u00e3o da Petrobras a cerca de R$ 36 milh\u00f5es por dano ambiental na Bacia de Campos"},"content":{"rendered":"<p><img loading=\"lazy\" decoding=\"async\" class=\"aligncenter size-large wp-image-14174\" src=\"https:\/\/www.tribunanf.com.br\/blogdoralfereis\/wp-content\/uploads\/sites\/11\/2025\/03\/petrobras_Easy-Resize.com_-1024x664.jpg\" alt=\"\" width=\"800\" height=\"519\" srcset=\"https:\/\/www.tribunanf.com.br\/blogdoralfereis\/wp-content\/uploads\/sites\/11\/2025\/03\/petrobras_Easy-Resize.com_-1024x664.jpg 1024w, https:\/\/www.tribunanf.com.br\/blogdoralfereis\/wp-content\/uploads\/sites\/11\/2025\/03\/petrobras_Easy-Resize.com_-300x195.jpg 300w, https:\/\/www.tribunanf.com.br\/blogdoralfereis\/wp-content\/uploads\/sites\/11\/2025\/03\/petrobras_Easy-Resize.com_-768x498.jpg 768w, https:\/\/www.tribunanf.com.br\/blogdoralfereis\/wp-content\/uploads\/sites\/11\/2025\/03\/petrobras_Easy-Resize.com_.jpg 1280w\" sizes=\"auto, (max-width: 800px) 100vw, 800px\" \/><\/p>\n<p style=\"text-align: justify;\">O Minist\u00e9rio P\u00fablico Federal (MPF) obteve uma vit\u00f3ria significativa no Superior Tribunal de Justi\u00e7a (STJ), que confirmou a condena\u00e7\u00e3o da Petrobras a pagar cerca de R$ 36,2 milh\u00f5es por danos ambientais causados por polui\u00e7\u00e3o marinha na Bacia de Campos, litoral do Rio de Janeiro. A decis\u00e3o marca um avan\u00e7o importante na responsabiliza\u00e7\u00e3o da empresa pelos impactos ambientais de suas atividades.<\/p>\n<p style=\"text-align: justify;\">A a\u00e7\u00e3o civil p\u00fablica movida pelo MPF teve como base tr\u00eas epis\u00f3dios de polui\u00e7\u00e3o marinha, ocorridos ao longo de opera\u00e7\u00f5es da Petrobras, entre 2012 e 2019, que causaram danos significativos ao ecossistema local. Entre os eventos destacados, est\u00e3o: derramamento de 7,05 m\u00b3 de mistura oleosa; vazamento de 15,36 m\u00b3 de petr\u00f3leo; e descarte irregular de efluentes sanit\u00e1rios e \u00e1guas cinzas sem tratamento em alto mar.<\/p>\n<p style=\"text-align: justify;\">A Bacia de Campos, respons\u00e1vel por mais de 80% da produ\u00e7\u00e3o de petr\u00f3leo do Brasil, abriga um ecossistema marinho de alta biodiversidade, incluindo esp\u00e9cies amea\u00e7adas de extin\u00e7\u00e3o como a baleia jubarte e a tartaruga-de-pente. Os incidentes de polui\u00e7\u00e3o causaram danos significativos a esses habitats, impactando a cadeia alimentar marinha e a pesca artesanal, essencial para a economia local.<\/p>\n<p style=\"text-align: justify;\">Para o procurador da Rep\u00fablica F\u00e1bio Sanches, que atuou no caso, esses incidentes foram considerados como evid\u00eancias de danos ambientais irrepar\u00e1veis e o valor da condena\u00e7\u00e3o ser\u00e1 utilizado para financiar a\u00e7\u00f5es de repara\u00e7\u00e3o e prote\u00e7\u00e3o ambiental. \u201cA explora\u00e7\u00e3o de petr\u00f3leo na regi\u00e3o gera um passivo ambiental significativo, com riscos constantes de vazamentos e derramamentos\u201d, alerta.<\/p>\n<p style=\"text-align: justify;\">Repara\u00e7\u00e3o \u2013 A atua\u00e7\u00e3o do MPF pela repara\u00e7\u00e3o dos danos causados pela Petrobras teve in\u00edcio com a proposi\u00e7\u00e3o de uma a\u00e7\u00e3o civil p\u00fablica, em 2022, inicialmente rejeitada pela 1\u00aa Vara Federal de Maca\u00e9, que considerou os argumentos do Minist\u00e9rio P\u00fablico improcedentes. No entanto, a persist\u00eancia do MPF levou \u00e0 revers\u00e3o da decis\u00e3o pelo Tribunal Regional Federal da 2\u00aa Regi\u00e3o (TRF-2), que determinou, em julho de 2023, a condena\u00e7\u00e3o da Petrobras.<\/p>\n<p style=\"text-align: justify;\">Na a\u00e7\u00e3o, o MPF acusou a Petrobras de derramamento de subst\u00e2ncias no mar, descumprimento de licen\u00e7a ambiental e descarte irregular de esgoto, fundamentando a a\u00e7\u00e3o em leis ambientais e princ\u00edpios jur\u00eddicos como o da responsabilidade objetiva e do poluidor-pagador.<\/p>\n<p style=\"text-align: justify;\">Em 25 de mar\u00e7o de 2025, a decis\u00e3o do TRF-2 foi definitivamente confirmada pelo STJ, que manteve o ac\u00f3rd\u00e3o sem altera\u00e7\u00f5es, encerrando a disputa judicial.<\/p>\n<p style=\"text-align: justify;\">F\u00e1bio Sanches comemorou o desfecho da a\u00e7\u00e3o. \u201cDe in\u00edcio, o Ju\u00edzo de Maca\u00e9 julgou nosso pedido improcedente, mas conseguimos reverter essa decis\u00e3o no TRF-2. O STJ manteve o ac\u00f3rd\u00e3o, e a condena\u00e7\u00e3o final supera os R$ 36 milh\u00f5es. Este valor ser\u00e1 atualizado com juros e corre\u00e7\u00e3o monet\u00e1ria\u201d, afirmou Sanches.<\/p>\n<p style=\"text-align: justify;\">Fundamenta\u00e7\u00e3o jur\u00eddica &#8211; O Tribunal Regional Federal da 2\u00aa Regi\u00e3o baseou sua decis\u00e3o em princ\u00edpios fundamentais do direito ambiental, como a responsabilidade objetiva e a teoria do risco integral, que estabelece que a empresa respons\u00e1vel pela atividade poluente deve arcar com os custos de repara\u00e7\u00e3o, independentemente de culpa. Al\u00e9m disso, o princ\u00edpio do poluidor-pagador e o da repara\u00e7\u00e3o integral do dano ambiental garantem que os valores da condena\u00e7\u00e3o sejam totalmente revertidos para a prote\u00e7\u00e3o dos direitos difusos, como o meio ambiente.<\/p>\n<p style=\"text-align: justify;\">Os recursos provenientes da condena\u00e7\u00e3o ser\u00e3o destinados ao Fundo de Defesa dos Direitos Difusos, uma iniciativa que visa financiar a prote\u00e7\u00e3o ambiental e a recupera\u00e7\u00e3o dos danos causados a bens de uso comum, como os ecossistemas marinhos afetados.<\/p>\n<p style=\"text-align: justify;\">\u201cA decis\u00e3o definitiva do STJ fortalece a atua\u00e7\u00e3o do MPF na defesa do meio ambiente e refor\u00e7a a necessidade de responsabiliza\u00e7\u00e3o de empresas que causam danos irrevers\u00edveis aos ecossistemas. Com esse desfecho, o MPF d\u00e1 um passo importante na preserva\u00e7\u00e3o dos direitos da coletividade e na promo\u00e7\u00e3o da justi\u00e7a ambiental\u201d, destacou o procurador.<\/p>\n<p style=\"text-align: justify;\">A\u00e7\u00e3o Civil P\u00fablica 5000274-87.2022.4.02.5116\/RJ<\/p>\n<p style=\"text-align: justify;\">Recurso Especial 2132809\/RJ<\/p>\n<p style=\"text-align: justify;\">AscomMPF*<\/p>\n","protected":false},"excerpt":{"rendered":"<p>O Minist\u00e9rio P\u00fablico Federal (MPF) obteve uma vit\u00f3ria significativa no Superior Tribunal de Justi\u00e7a (STJ), que confirmou a condena\u00e7\u00e3o da&#8230;<\/p>\n","protected":false},"author":2,"featured_media":14174,"comment_status":"open","ping_status":"open","sticky":false,"template":"","format":"standard","meta":{"colormag_page_container_layout":"default_layout","colormag_page_sidebar_layout":"default_layout","jetpack_post_was_ever_published":false,"_jetpack_newsletter_access":"","_jetpack_dont_email_post_to_subs":false,"_jetpack_newsletter_tier_id":0,"_jetpack_memberships_contains_paywalled_content":false,"_jetpack_memberships_contains_paid_content":false,"footnotes":""},"categories":[45],"tags":[],"class_list":["post-14173","post","type-post","status-publish","format-standard","has-post-thumbnail","hentry","category-variedade"],"jetpack_featured_media_url":"https:\/\/www.tribunanf.com.br\/blogdoralfereis\/wp-content\/uploads\/sites\/11\/2025\/03\/petrobras_Easy-Resize.com_.jpg","jetpack_sharing_enabled":true,"_links":{"self":[{"href":"https:\/\/www.tribunanf.com.br\/blogdoralfereis\/wp-json\/wp\/v2\/posts\/14173","targetHints":{"allow":["GET"]}}],"collection":[{"href":"https:\/\/www.tribunanf.com.br\/blogdoralfereis\/wp-json\/wp\/v2\/posts"}],"about":[{"href":"https:\/\/www.tribunanf.com.br\/blogdoralfereis\/wp-json\/wp\/v2\/types\/post"}],"author":[{"embeddable":true,"href":"https:\/\/www.tribunanf.com.br\/blogdoralfereis\/wp-json\/wp\/v2\/users\/2"}],"replies":[{"embeddable":true,"href":"https:\/\/www.tribunanf.com.br\/blogdoralfereis\/wp-json\/wp\/v2\/comments?post=14173"}],"version-history":[{"count":0,"href":"https:\/\/www.tribunanf.com.br\/blogdoralfereis\/wp-json\/wp\/v2\/posts\/14173\/revisions"}],"wp:featuredmedia":[{"embeddable":true,"href":"https:\/\/www.tribunanf.com.br\/blogdoralfereis\/wp-json\/wp\/v2\/media\/14174"}],"wp:attachment":[{"href":"https:\/\/www.tribunanf.com.br\/blogdoralfereis\/wp-json\/wp\/v2\/media?parent=14173"}],"wp:term":[{"taxonomy":"category","embeddable":true,"href":"https:\/\/www.tribunanf.com.br\/blogdoralfereis\/wp-json\/wp\/v2\/categories?post=14173"},{"taxonomy":"post_tag","embeddable":true,"href":"https:\/\/www.tribunanf.com.br\/blogdoralfereis\/wp-json\/wp\/v2\/tags?post=14173"}],"curies":[{"name":"wp","href":"https:\/\/api.w.org\/{rel}","templated":true}]}}