{"id":14105,"date":"2025-03-20T09:55:16","date_gmt":"2025-03-20T12:55:16","guid":{"rendered":"https:\/\/www.tribunanf.com.br\/blogdoralfereis\/?p=14105"},"modified":"2025-03-20T10:08:03","modified_gmt":"2025-03-20T13:08:03","slug":"exclusivo-policia-federal-pede-cooperacao-ao-tce-rj-para-investigacao-criminal-contra-ex-secretario-de-educacao-de-campos-na-gestao-rafaelista-e-caso-vai-ao-tcu","status":"publish","type":"post","link":"https:\/\/www.tribunanf.com.br\/blogdoralfereis\/2025\/03\/20\/exclusivo-policia-federal-pede-cooperacao-ao-tce-rj-para-investigacao-criminal-contra-ex-secretario-de-educacao-de-campos-na-gestao-rafaelista-e-caso-vai-ao-tcu\/","title":{"rendered":"Exclusivo: Pol\u00edcia Federal pede coopera\u00e7\u00e3o ao TCE-RJ para investiga\u00e7\u00e3o criminal contra ex-secret\u00e1rio de Educa\u00e7\u00e3o de Campos na gest\u00e3o Rafaelista, e caso vai ao TCU"},"content":{"rendered":"<p><img loading=\"lazy\" decoding=\"async\" class=\"aligncenter size-large wp-image-12972\" src=\"https:\/\/www.tribunanf.com.br\/blogdoralfereis\/wp-content\/uploads\/sites\/11\/2024\/05\/educacao_large_Easy-Resize.com_-1024x682.jpg\" alt=\"\" width=\"800\" height=\"533\" srcset=\"https:\/\/www.tribunanf.com.br\/blogdoralfereis\/wp-content\/uploads\/sites\/11\/2024\/05\/educacao_large_Easy-Resize.com_-1024x682.jpg 1024w, https:\/\/www.tribunanf.com.br\/blogdoralfereis\/wp-content\/uploads\/sites\/11\/2024\/05\/educacao_large_Easy-Resize.com_-300x200.jpg 300w, https:\/\/www.tribunanf.com.br\/blogdoralfereis\/wp-content\/uploads\/sites\/11\/2024\/05\/educacao_large_Easy-Resize.com_-768x512.jpg 768w, https:\/\/www.tribunanf.com.br\/blogdoralfereis\/wp-content\/uploads\/sites\/11\/2024\/05\/educacao_large_Easy-Resize.com_.jpg 1280w\" sizes=\"auto, (max-width: 800px) 100vw, 800px\" \/><\/p>\n<p style=\"text-align: justify;\">A Pol\u00edcia Federal investiga um suposto uso inadequado de recursos p\u00fablicos federais por servidores da Secretaria de Educa\u00e7\u00e3o de Campos dos Goytacazes, na gest\u00e3o do ex-prefeito Rafael Diniz, e dos ex-secret\u00e1rios Brad Arenari e Luciana.<\/p>\n<p style=\"text-align: justify;\">O inqu\u00e9rito tramita desde 2020, e no fim de 2024, a PF requereu Tomada de Contas junto ao Tribunal de Contas do Estado. Diz o relat\u00f3rio:<\/p>\n<p style=\"text-align: justify;\">\u201c<em>Em s\u00edntese, informa o ilustre Delegado de Pol\u00edcia a apura\u00e7\u00e3o, no bojo do Inqu\u00e9rito Policial <\/em><em>(n.\u00ba) de poss\u00edvel crimes contra a administra\u00e7\u00e3o p\u00fablica decorrentes do uso inadequado de recursos p\u00fablicos de origem federal pelos agentes p\u00fablicos municipais, sob o per\u00edodo de gest\u00e3o do ex-secret\u00e1rio de educa\u00e7\u00e3o, BRANDI ARENARI e da ex-secret\u00e1ria, LUCIANA ECCARD RODRIGUES, tendo o primeiro autorizado como ordenador de despesas a aquisi\u00e7\u00e3o dos Kits alimenta\u00e7\u00e3o para distribui\u00e7\u00e3o aos alunos da rede p\u00fablica municipal de ensino durante a pandemia causada pelo Covid19 e, a segunda, dado sequ\u00eancia aos seus atos, em procedimento com dispensa de licita\u00e7\u00e3o sob a alega\u00e7\u00e3o de situa\u00e7\u00e3o emergencial\u201d.\u00a0<\/em><\/p>\n<p style=\"text-align: justify;\">Por sua vez, o Tribunal de Contas do Estado entendeu que por se tratar de recursos federais o caso n\u00e3o seria de compet\u00eancia da Corte de Contas estadual, e decidiu pelo n\u00e3o conhecimento da Representa\u00e7\u00e3o, e determinou o encaminhamento do caso para o Tribunal de Contas da Uni\u00e3o, \u00f3rg\u00e3o competente para fiscalizar o uso de recursos federais.<\/p>\n<p style=\"text-align: justify;\">&#8220;<em>O Minist\u00e9rio P\u00fablico de Contas, representado pelo Procurador-Geral Henrique Cunha de Lima, opinou favoravelmente \u00e0s medidas preconizadas pelo Corpo T\u00e9cnico, na forma do parecer, acrescendo a sugest\u00e3o pela expedi\u00e7\u00e3o de of\u00edcio ao Tribunal de Contas da Uni\u00e3o, para ci\u00eancia ado\u00e7\u00e3o das provid\u00eancias cab\u00edveis no \u00e2mbito da sua compet\u00eancia.<\/em><\/p>\n<p style=\"text-align: justify;\"><em>Como sinalizado em oportunidades anteriores1, \u00e9 atribui\u00e7\u00e3o do Tribunal de Contas da Uni\u00e3o o exame de feitos administrativos que envolvem a aplica\u00e7\u00e3o de recursos federais, situa\u00e7\u00e3o que se amolda ao caso em concreto<\/em>.&#8221;, pontua o conselheiro do TCE.<\/p>\n<p style=\"text-align: justify;\">O caso, que tramita desde 2020, n\u00e3o houve nenhuma medida mais en\u00e9rgica para aprofundar as investiga\u00e7\u00f5es, e nem desfecho.<\/p>\n<p>O espa\u00e7o est\u00e1 aberto para os ex-secret\u00e1rio se manifestarem*<\/p>\n","protected":false},"excerpt":{"rendered":"<p>A Pol\u00edcia Federal investiga um suposto uso inadequado de recursos p\u00fablicos federais por servidores da Secretaria de Educa\u00e7\u00e3o de Campos&#8230;<\/p>\n","protected":false},"author":2,"featured_media":12972,"comment_status":"open","ping_status":"open","sticky":false,"template":"","format":"standard","meta":{"colormag_page_container_layout":"default_layout","colormag_page_sidebar_layout":"default_layout","jetpack_post_was_ever_published":false,"_jetpack_newsletter_access":"","_jetpack_dont_email_post_to_subs":false,"_jetpack_newsletter_tier_id":0,"_jetpack_memberships_contains_paywalled_content":false,"_jetpack_memberships_contains_paid_content":false,"footnotes":""},"categories":[2],"tags":[],"class_list":["post-14105","post","type-post","status-publish","format-standard","has-post-thumbnail","hentry","category-politica"],"jetpack_featured_media_url":"https:\/\/www.tribunanf.com.br\/blogdoralfereis\/wp-content\/uploads\/sites\/11\/2024\/05\/educacao_large_Easy-Resize.com_.jpg","jetpack_sharing_enabled":true,"_links":{"self":[{"href":"https:\/\/www.tribunanf.com.br\/blogdoralfereis\/wp-json\/wp\/v2\/posts\/14105","targetHints":{"allow":["GET"]}}],"collection":[{"href":"https:\/\/www.tribunanf.com.br\/blogdoralfereis\/wp-json\/wp\/v2\/posts"}],"about":[{"href":"https:\/\/www.tribunanf.com.br\/blogdoralfereis\/wp-json\/wp\/v2\/types\/post"}],"author":[{"embeddable":true,"href":"https:\/\/www.tribunanf.com.br\/blogdoralfereis\/wp-json\/wp\/v2\/users\/2"}],"replies":[{"embeddable":true,"href":"https:\/\/www.tribunanf.com.br\/blogdoralfereis\/wp-json\/wp\/v2\/comments?post=14105"}],"version-history":[{"count":0,"href":"https:\/\/www.tribunanf.com.br\/blogdoralfereis\/wp-json\/wp\/v2\/posts\/14105\/revisions"}],"wp:featuredmedia":[{"embeddable":true,"href":"https:\/\/www.tribunanf.com.br\/blogdoralfereis\/wp-json\/wp\/v2\/media\/12972"}],"wp:attachment":[{"href":"https:\/\/www.tribunanf.com.br\/blogdoralfereis\/wp-json\/wp\/v2\/media?parent=14105"}],"wp:term":[{"taxonomy":"category","embeddable":true,"href":"https:\/\/www.tribunanf.com.br\/blogdoralfereis\/wp-json\/wp\/v2\/categories?post=14105"},{"taxonomy":"post_tag","embeddable":true,"href":"https:\/\/www.tribunanf.com.br\/blogdoralfereis\/wp-json\/wp\/v2\/tags?post=14105"}],"curies":[{"name":"wp","href":"https:\/\/api.w.org\/{rel}","templated":true}]}}