{"id":14100,"date":"2025-03-19T18:17:52","date_gmt":"2025-03-19T21:17:52","guid":{"rendered":"https:\/\/www.tribunanf.com.br\/blogdoralfereis\/?p=14100"},"modified":"2025-03-19T18:17:52","modified_gmt":"2025-03-19T21:17:52","slug":"claudio-castro-e-roberta-barreto-cade-os-11-bilhoes-dos-royalties-da-educacao-questiona-o-sepe","status":"publish","type":"post","link":"https:\/\/www.tribunanf.com.br\/blogdoralfereis\/2025\/03\/19\/claudio-castro-e-roberta-barreto-cade-os-11-bilhoes-dos-royalties-da-educacao-questiona-o-sepe\/","title":{"rendered":"&#8220;Cl\u00e1udio Castro e Roberta Barreto, cad\u00ea os 11 bilh\u00f5es dos royalties da Educa\u00e7\u00e3o?&#8221;, questiona o SEPE"},"content":{"rendered":"<p><img loading=\"lazy\" decoding=\"async\" class=\"aligncenter size-large wp-image-14102\" src=\"https:\/\/www.tribunanf.com.br\/blogdoralfereis\/wp-content\/uploads\/sites\/11\/2025\/03\/castro-e-roberta_Easy-Resize.com_-1024x674.jpg\" alt=\"\" width=\"800\" height=\"527\" srcset=\"https:\/\/www.tribunanf.com.br\/blogdoralfereis\/wp-content\/uploads\/sites\/11\/2025\/03\/castro-e-roberta_Easy-Resize.com_-1024x674.jpg 1024w, https:\/\/www.tribunanf.com.br\/blogdoralfereis\/wp-content\/uploads\/sites\/11\/2025\/03\/castro-e-roberta_Easy-Resize.com_-300x198.jpg 300w, https:\/\/www.tribunanf.com.br\/blogdoralfereis\/wp-content\/uploads\/sites\/11\/2025\/03\/castro-e-roberta_Easy-Resize.com_-768x506.jpg 768w, https:\/\/www.tribunanf.com.br\/blogdoralfereis\/wp-content\/uploads\/sites\/11\/2025\/03\/castro-e-roberta_Easy-Resize.com_.jpg 1280w\" sizes=\"auto, (max-width: 800px) 100vw, 800px\" \/><\/p>\n<p style=\"text-align: justify;\">O governo do Estado do Rio de Janeiro nunca cumpriu a Lei Federal 12.858\/2013 que disp\u00f5e sobre a destina\u00e7\u00e3o para<br \/>\nas \u00e1reas de educa\u00e7\u00e3o e sa\u00fade de parcela da participa\u00e7\u00e3o no resultado ou da compensa\u00e7\u00e3o financeira pela explora\u00e7\u00e3o de petr\u00f3leo e g\u00e1s natural. A lei tem a finalidade de cumprir a meta prevista no inciso VI do caput do art. 214 e no art. 196 da Constitui\u00e7\u00e3o Federal.<\/p>\n<p style=\"text-align: justify;\">Com isso, ao longo dos \u00faltimos anos, de 2021 a 2024 (quadro a seguir), o governo do Estado deixou de aplicar na educa\u00e7\u00e3o estadual R$10,9 bilh\u00f5es. Isso mostra o porqu\u00ea de o estado n\u00e3o cumpre o Piso Sal\u00e1rio Nacional do Magist\u00e9rio na estrutura da carreira.<\/p>\n<p>Fonte: Ascom SEPE-RJ<\/p>\n<p><img loading=\"lazy\" decoding=\"async\" class=\"aligncenter size-full wp-image-14101\" src=\"https:\/\/www.tribunanf.com.br\/blogdoralfereis\/wp-content\/uploads\/sites\/11\/2025\/03\/Capturar-717x550-1.jpg\" alt=\"\" width=\"717\" height=\"550\" srcset=\"https:\/\/www.tribunanf.com.br\/blogdoralfereis\/wp-content\/uploads\/sites\/11\/2025\/03\/Capturar-717x550-1.jpg 717w, https:\/\/www.tribunanf.com.br\/blogdoralfereis\/wp-content\/uploads\/sites\/11\/2025\/03\/Capturar-717x550-1-300x230.jpg 300w\" sizes=\"auto, (max-width: 717px) 100vw, 717px\" \/><\/p>\n","protected":false},"excerpt":{"rendered":"<p>O governo do Estado do Rio de Janeiro nunca cumpriu a Lei Federal 12.858\/2013 que disp\u00f5e sobre a destina\u00e7\u00e3o para&#8230;<\/p>\n","protected":false},"author":2,"featured_media":14102,"comment_status":"open","ping_status":"open","sticky":false,"template":"","format":"standard","meta":{"colormag_page_container_layout":"default_layout","colormag_page_sidebar_layout":"default_layout","jetpack_post_was_ever_published":false,"_jetpack_newsletter_access":"","_jetpack_dont_email_post_to_subs":false,"_jetpack_newsletter_tier_id":0,"_jetpack_memberships_contains_paywalled_content":false,"_jetpack_memberships_contains_paid_content":false,"footnotes":""},"categories":[2],"tags":[],"class_list":["post-14100","post","type-post","status-publish","format-standard","has-post-thumbnail","hentry","category-politica"],"jetpack_featured_media_url":"https:\/\/www.tribunanf.com.br\/blogdoralfereis\/wp-content\/uploads\/sites\/11\/2025\/03\/castro-e-roberta_Easy-Resize.com_.jpg","jetpack_sharing_enabled":true,"_links":{"self":[{"href":"https:\/\/www.tribunanf.com.br\/blogdoralfereis\/wp-json\/wp\/v2\/posts\/14100","targetHints":{"allow":["GET"]}}],"collection":[{"href":"https:\/\/www.tribunanf.com.br\/blogdoralfereis\/wp-json\/wp\/v2\/posts"}],"about":[{"href":"https:\/\/www.tribunanf.com.br\/blogdoralfereis\/wp-json\/wp\/v2\/types\/post"}],"author":[{"embeddable":true,"href":"https:\/\/www.tribunanf.com.br\/blogdoralfereis\/wp-json\/wp\/v2\/users\/2"}],"replies":[{"embeddable":true,"href":"https:\/\/www.tribunanf.com.br\/blogdoralfereis\/wp-json\/wp\/v2\/comments?post=14100"}],"version-history":[{"count":0,"href":"https:\/\/www.tribunanf.com.br\/blogdoralfereis\/wp-json\/wp\/v2\/posts\/14100\/revisions"}],"wp:featuredmedia":[{"embeddable":true,"href":"https:\/\/www.tribunanf.com.br\/blogdoralfereis\/wp-json\/wp\/v2\/media\/14102"}],"wp:attachment":[{"href":"https:\/\/www.tribunanf.com.br\/blogdoralfereis\/wp-json\/wp\/v2\/media?parent=14100"}],"wp:term":[{"taxonomy":"category","embeddable":true,"href":"https:\/\/www.tribunanf.com.br\/blogdoralfereis\/wp-json\/wp\/v2\/categories?post=14100"},{"taxonomy":"post_tag","embeddable":true,"href":"https:\/\/www.tribunanf.com.br\/blogdoralfereis\/wp-json\/wp\/v2\/tags?post=14100"}],"curies":[{"name":"wp","href":"https:\/\/api.w.org\/{rel}","templated":true}]}}