{"id":14092,"date":"2025-03-17T17:59:47","date_gmt":"2025-03-17T20:59:47","guid":{"rendered":"https:\/\/www.tribunanf.com.br\/blogdoralfereis\/?p=14092"},"modified":"2025-03-17T17:59:47","modified_gmt":"2025-03-17T20:59:47","slug":"wladimir-grava-propaganda-do-pp-o-futuro-do-estado-do-rio-e-a-nossa-prioridade-2026-e-logo-ali","status":"publish","type":"post","link":"https:\/\/www.tribunanf.com.br\/blogdoralfereis\/2025\/03\/17\/wladimir-grava-propaganda-do-pp-o-futuro-do-estado-do-rio-e-a-nossa-prioridade-2026-e-logo-ali\/","title":{"rendered":"Wladimir grava propaganda do PP: &#8220;O futuro do Estado do Rio \u00e9 a nossa prioridade, 2026 \u00e9 logo ali&#8221;"},"content":{"rendered":"<p><img loading=\"lazy\" decoding=\"async\" class=\"aligncenter size-large wp-image-14093\" src=\"https:\/\/www.tribunanf.com.br\/blogdoralfereis\/wp-content\/uploads\/sites\/11\/2025\/03\/Snapinst.app_485185802_18312279949230933_602944749014545696_n_1080_Easy-Resize.com_-1024x1024.jpg\" alt=\"\" width=\"800\" height=\"800\" srcset=\"https:\/\/www.tribunanf.com.br\/blogdoralfereis\/wp-content\/uploads\/sites\/11\/2025\/03\/Snapinst.app_485185802_18312279949230933_602944749014545696_n_1080_Easy-Resize.com_-1024x1024.jpg 1024w, https:\/\/www.tribunanf.com.br\/blogdoralfereis\/wp-content\/uploads\/sites\/11\/2025\/03\/Snapinst.app_485185802_18312279949230933_602944749014545696_n_1080_Easy-Resize.com_-300x300.jpg 300w, https:\/\/www.tribunanf.com.br\/blogdoralfereis\/wp-content\/uploads\/sites\/11\/2025\/03\/Snapinst.app_485185802_18312279949230933_602944749014545696_n_1080_Easy-Resize.com_-150x150.jpg 150w, https:\/\/www.tribunanf.com.br\/blogdoralfereis\/wp-content\/uploads\/sites\/11\/2025\/03\/Snapinst.app_485185802_18312279949230933_602944749014545696_n_1080_Easy-Resize.com_-768x768.jpg 768w, https:\/\/www.tribunanf.com.br\/blogdoralfereis\/wp-content\/uploads\/sites\/11\/2025\/03\/Snapinst.app_485185802_18312279949230933_602944749014545696_n_1080_Easy-Resize.com_.jpg 1280w\" sizes=\"auto, (max-width: 800px) 100vw, 800px\" \/><\/p>\n<p style=\"text-align: justify;\">Retornando das f\u00e9rias de 10 dias, o prefeito de Campos dos Goytacazes, Wladimir Garotinho, gravou nesta segunda-feira para propaganda partid\u00e1ria do seu partido Progressistas (PP).<\/p>\n<p style=\"text-align: justify;\">Wladimir gravou ao lado do presidente da sigla no Rio Dr. Luizinho.<\/p>\n<p style=\"text-align: justify;\">&#8220;Dia de grava\u00e7\u00e3o e de colocar a conversa em dia com o presidente estadual do @progressistas, meu amigo e Deputado Federal @doutorluizinho<\/p>\n<p style=\"text-align: justify;\">O futuro do Estado do Rio \u00e9 a nossa prioridade, 2026 \u00e9 logo ali&#8221;, disse Wladimir nas redes sociais.<\/p>\n<p style=\"text-align: justify;\">O Progressistas ser\u00e1 pe\u00e7a fundamental na composi\u00e7\u00e3o partid\u00e1ria nas elei\u00e7\u00f5es para do governo do Estado em 2026.<\/p>\n","protected":false},"excerpt":{"rendered":"<p>Retornando das f\u00e9rias de 10 dias, o prefeito de Campos dos Goytacazes, Wladimir Garotinho, gravou nesta segunda-feira para propaganda partid\u00e1ria&#8230;<\/p>\n","protected":false},"author":2,"featured_media":14093,"comment_status":"open","ping_status":"open","sticky":false,"template":"","format":"standard","meta":{"colormag_page_container_layout":"default_layout","colormag_page_sidebar_layout":"default_layout","jetpack_post_was_ever_published":false,"_jetpack_newsletter_access":"","_jetpack_dont_email_post_to_subs":false,"_jetpack_newsletter_tier_id":0,"_jetpack_memberships_contains_paywalled_content":false,"_jetpack_memberships_contains_paid_content":false,"footnotes":""},"categories":[2],"tags":[],"class_list":["post-14092","post","type-post","status-publish","format-standard","has-post-thumbnail","hentry","category-politica"],"jetpack_featured_media_url":"https:\/\/www.tribunanf.com.br\/blogdoralfereis\/wp-content\/uploads\/sites\/11\/2025\/03\/Snapinst.app_485185802_18312279949230933_602944749014545696_n_1080_Easy-Resize.com_.jpg","jetpack_sharing_enabled":true,"_links":{"self":[{"href":"https:\/\/www.tribunanf.com.br\/blogdoralfereis\/wp-json\/wp\/v2\/posts\/14092","targetHints":{"allow":["GET"]}}],"collection":[{"href":"https:\/\/www.tribunanf.com.br\/blogdoralfereis\/wp-json\/wp\/v2\/posts"}],"about":[{"href":"https:\/\/www.tribunanf.com.br\/blogdoralfereis\/wp-json\/wp\/v2\/types\/post"}],"author":[{"embeddable":true,"href":"https:\/\/www.tribunanf.com.br\/blogdoralfereis\/wp-json\/wp\/v2\/users\/2"}],"replies":[{"embeddable":true,"href":"https:\/\/www.tribunanf.com.br\/blogdoralfereis\/wp-json\/wp\/v2\/comments?post=14092"}],"version-history":[{"count":0,"href":"https:\/\/www.tribunanf.com.br\/blogdoralfereis\/wp-json\/wp\/v2\/posts\/14092\/revisions"}],"wp:featuredmedia":[{"embeddable":true,"href":"https:\/\/www.tribunanf.com.br\/blogdoralfereis\/wp-json\/wp\/v2\/media\/14093"}],"wp:attachment":[{"href":"https:\/\/www.tribunanf.com.br\/blogdoralfereis\/wp-json\/wp\/v2\/media?parent=14092"}],"wp:term":[{"taxonomy":"category","embeddable":true,"href":"https:\/\/www.tribunanf.com.br\/blogdoralfereis\/wp-json\/wp\/v2\/categories?post=14092"},{"taxonomy":"post_tag","embeddable":true,"href":"https:\/\/www.tribunanf.com.br\/blogdoralfereis\/wp-json\/wp\/v2\/tags?post=14092"}],"curies":[{"name":"wp","href":"https:\/\/api.w.org\/{rel}","templated":true}]}}