{"id":14002,"date":"2025-02-22T09:53:31","date_gmt":"2025-02-22T12:53:31","guid":{"rendered":"https:\/\/www.tribunanf.com.br\/blogdoralfereis\/?p=14002"},"modified":"2025-02-22T09:55:30","modified_gmt":"2025-02-22T12:55:30","slug":"tce-rj-suspende-licitacao-de-r-775-milhoes-da-secretaria-de-estado-de-habitacao","status":"publish","type":"post","link":"https:\/\/www.tribunanf.com.br\/blogdoralfereis\/2025\/02\/22\/tce-rj-suspende-licitacao-de-r-775-milhoes-da-secretaria-de-estado-de-habitacao\/","title":{"rendered":"TCE-RJ suspende licita\u00e7\u00e3o de R$ 77,5 milh\u00f5es da Secretaria de Estado de Habita\u00e7\u00e3o"},"content":{"rendered":"<p><img loading=\"lazy\" decoding=\"async\" class=\"aligncenter size-large wp-image-13233\" src=\"https:\/\/www.tribunanf.com.br\/blogdoralfereis\/wp-content\/uploads\/sites\/11\/2024\/07\/bruno-e-castro_Easy-Resize.com_-996x1024.jpg\" alt=\"\" width=\"800\" height=\"822\" srcset=\"https:\/\/www.tribunanf.com.br\/blogdoralfereis\/wp-content\/uploads\/sites\/11\/2024\/07\/bruno-e-castro_Easy-Resize.com_-996x1024.jpg 996w, https:\/\/www.tribunanf.com.br\/blogdoralfereis\/wp-content\/uploads\/sites\/11\/2024\/07\/bruno-e-castro_Easy-Resize.com_-292x300.jpg 292w, https:\/\/www.tribunanf.com.br\/blogdoralfereis\/wp-content\/uploads\/sites\/11\/2024\/07\/bruno-e-castro_Easy-Resize.com_-768x790.jpg 768w, https:\/\/www.tribunanf.com.br\/blogdoralfereis\/wp-content\/uploads\/sites\/11\/2024\/07\/bruno-e-castro_Easy-Resize.com_.jpg 1245w\" sizes=\"auto, (max-width: 800px) 100vw, 800px\" \/><\/p>\n<p style=\"text-align: justify;\">O Tribunal de Contas do Estado suspendeu, nessa sexta-feira (21), uma licita\u00e7\u00e3o da Secretaria de Estado de Habita\u00e7\u00e3o de Interesse Social \u2013 SEHIS, para contrata\u00e7\u00e3o de empresa especializada para presta\u00e7\u00e3o de servi\u00e7os de sondagem, no Estado do Rio de Janeiro, pelo sistema de Registro de Pre\u00e7os.<\/p>\n<p style=\"text-align: justify;\">O acerto foi homologado no valor de <strong>R$ 77.599.990,00<\/strong> (setenta e sete milh\u00f5es, quinhentos e noventa e nove mil, novecentos e noventa reais).<\/p>\n<p style=\"text-align: justify;\">A decis\u00e3o de suspens\u00e3o do certame \u00e9 do Conselheiro Christiano Lacerda Ghuerren, atendendo a um pedido de uma das empresas concorrentes. Na decis\u00e3o, o Conselheiro aponta que o secret\u00e1rio de Estado de Habita\u00e7\u00e3o ficou inerte, n\u00e3o apresentando defesa.<\/p>\n<p style=\"text-align: justify;\">A Representante ingressou com a presente Representa\u00e7\u00e3o alegando irregularidade na habilita\u00e7\u00e3o da empresa declarada vencedora do certame.<\/p>\n<p style=\"text-align: justify;\">Em sua narrativa, a Representante argumenta que, apesar daquela empresa n\u00e3o atender todos os requisitos m\u00ednimos de qualifica\u00e7\u00e3o t\u00e9cnica exigidos pelo Edital, fato este inclusive reconhecido pela pr\u00f3pria licitante e tamb\u00e9m pelo pr\u00f3prio setor t\u00e9cnico da SEHIS, o objeto licitado foi adjudicado em seu favor.<\/p>\n<p style=\"text-align: justify;\">Neste sentido, a Representante sustenta que houve viola\u00e7\u00e3o aos princ\u00edpios da vincula\u00e7\u00e3o ao instrumento convocat\u00f3rio e da isonomia pela comiss\u00e3o de licita\u00e7\u00e3o da SEHIS ao acatar o pedido da licitante vencedora para modifica\u00e7\u00e3o dos crit\u00e9rios exigidos ap\u00f3s a etapa de lances, concedendo tratamento diferenciado em detrimento das demais participantes. Argumenta, ainda, que houve preju\u00edzo \u00e0 competitividade e \u00e0 lisura do certame, j\u00e1 que a Administra\u00e7\u00e3o restringiu o n\u00famero de participantes ao lan\u00e7ar exig\u00eancia de qualifica\u00e7\u00e3o t\u00e9cnica mais severa para depois flexibilizar, quando deveria, ao identificar o v\u00edcio, ter promovido a anula\u00e7\u00e3o do certame com consequente publica\u00e7\u00e3o de novo Edital corrigido e n\u00e3o apenas ter promovido o ajustamento para beneficiar a licitante classificada em primeiro lugar.<\/p>\n<p style=\"text-align: justify;\">Em sua decis\u00e3o, o Conselheiro apontou risco iminente de dano ao er\u00e1rio ao verificar as supostas irregularidades.<\/p>\n<p style=\"text-align: justify;\"><em>&#8220;A par da caracteriza\u00e7\u00e3o do fumus boni iuris, tendo em vista o risco iminente de dano ao er\u00e1rio, uma vez que a irregularidade apontada pode ter prejudicado a obten\u00e7\u00e3o de proposta mais vantajosa,<strong> reputo necess\u00e1ria, com fundamento no poder geral de cautela, a concess\u00e3o da tutela provis\u00f3ria a fim de que seja suspenso o certame no <\/strong><strong>estado em que se encontra, abstendo-se o jurisdicionado de celebrar o contrato com a licitante declarada vencedora do certame, at\u00e9 o julgamento de m\u00e9rito da presente Representa\u00e7\u00e3o.&#8221;, <\/strong><\/em>decidiu o Conselheiro Christiano Lacerda Ghuerren.<\/p>\n<p style=\"text-align: justify;\">Confira \u00e0 \u00edntegra da decis\u00e3o: <a href=\"https:\/\/www.tribunanf.com.br\/blogdoralfereis\/wp-content\/uploads\/sites\/11\/2025\/02\/Decisao-Monocratica-Processo-114653_0_2024-Data-21_02_2025.pdf\">Decisao Monocr\u00e1tica &#8211; Processo 114653_0_2024 &#8211; Data 21_02_2025<\/a><\/p>\n","protected":false},"excerpt":{"rendered":"<p>O Tribunal de Contas do Estado suspendeu, nessa sexta-feira (21), uma licita\u00e7\u00e3o da Secretaria de Estado de Habita\u00e7\u00e3o de Interesse&#8230;<\/p>\n","protected":false},"author":2,"featured_media":13233,"comment_status":"open","ping_status":"open","sticky":false,"template":"","format":"standard","meta":{"colormag_page_container_layout":"default_layout","colormag_page_sidebar_layout":"default_layout","jetpack_post_was_ever_published":false,"_jetpack_newsletter_access":"","_jetpack_dont_email_post_to_subs":false,"_jetpack_newsletter_tier_id":0,"_jetpack_memberships_contains_paywalled_content":false,"_jetpack_memberships_contains_paid_content":false,"footnotes":""},"categories":[2],"tags":[],"class_list":["post-14002","post","type-post","status-publish","format-standard","has-post-thumbnail","hentry","category-politica"],"jetpack_featured_media_url":"https:\/\/www.tribunanf.com.br\/blogdoralfereis\/wp-content\/uploads\/sites\/11\/2024\/07\/bruno-e-castro_Easy-Resize.com_.jpg","jetpack_sharing_enabled":true,"_links":{"self":[{"href":"https:\/\/www.tribunanf.com.br\/blogdoralfereis\/wp-json\/wp\/v2\/posts\/14002","targetHints":{"allow":["GET"]}}],"collection":[{"href":"https:\/\/www.tribunanf.com.br\/blogdoralfereis\/wp-json\/wp\/v2\/posts"}],"about":[{"href":"https:\/\/www.tribunanf.com.br\/blogdoralfereis\/wp-json\/wp\/v2\/types\/post"}],"author":[{"embeddable":true,"href":"https:\/\/www.tribunanf.com.br\/blogdoralfereis\/wp-json\/wp\/v2\/users\/2"}],"replies":[{"embeddable":true,"href":"https:\/\/www.tribunanf.com.br\/blogdoralfereis\/wp-json\/wp\/v2\/comments?post=14002"}],"version-history":[{"count":0,"href":"https:\/\/www.tribunanf.com.br\/blogdoralfereis\/wp-json\/wp\/v2\/posts\/14002\/revisions"}],"wp:featuredmedia":[{"embeddable":true,"href":"https:\/\/www.tribunanf.com.br\/blogdoralfereis\/wp-json\/wp\/v2\/media\/13233"}],"wp:attachment":[{"href":"https:\/\/www.tribunanf.com.br\/blogdoralfereis\/wp-json\/wp\/v2\/media?parent=14002"}],"wp:term":[{"taxonomy":"category","embeddable":true,"href":"https:\/\/www.tribunanf.com.br\/blogdoralfereis\/wp-json\/wp\/v2\/categories?post=14002"},{"taxonomy":"post_tag","embeddable":true,"href":"https:\/\/www.tribunanf.com.br\/blogdoralfereis\/wp-json\/wp\/v2\/tags?post=14002"}],"curies":[{"name":"wp","href":"https:\/\/api.w.org\/{rel}","templated":true}]}}