{"id":13985,"date":"2025-02-21T07:59:50","date_gmt":"2025-02-21T10:59:50","guid":{"rendered":"https:\/\/www.tribunanf.com.br\/blogdoralfereis\/?p=13985"},"modified":"2025-02-21T07:59:50","modified_gmt":"2025-02-21T10:59:50","slug":"servidores-publicos-do-rio-de-janeiro-ganham-espaco-na-alerj-para-defesa-de-seus-direitos","status":"publish","type":"post","link":"https:\/\/www.tribunanf.com.br\/blogdoralfereis\/2025\/02\/21\/servidores-publicos-do-rio-de-janeiro-ganham-espaco-na-alerj-para-defesa-de-seus-direitos\/","title":{"rendered":"Servidores P\u00fablicos do Rio de Janeiro ganham espa\u00e7o na Alerj para defesa de seus direitos"},"content":{"rendered":"<p><img loading=\"lazy\" decoding=\"async\" class=\"aligncenter size-large wp-image-13986\" src=\"https:\/\/www.tribunanf.com.br\/blogdoralfereis\/wp-content\/uploads\/sites\/11\/2025\/02\/Foto-Hevelin-Costa_Easy-Resize.com_-1024x682.jpg\" alt=\"\" width=\"800\" height=\"533\" srcset=\"https:\/\/www.tribunanf.com.br\/blogdoralfereis\/wp-content\/uploads\/sites\/11\/2025\/02\/Foto-Hevelin-Costa_Easy-Resize.com_-1024x682.jpg 1024w, https:\/\/www.tribunanf.com.br\/blogdoralfereis\/wp-content\/uploads\/sites\/11\/2025\/02\/Foto-Hevelin-Costa_Easy-Resize.com_-300x200.jpg 300w, https:\/\/www.tribunanf.com.br\/blogdoralfereis\/wp-content\/uploads\/sites\/11\/2025\/02\/Foto-Hevelin-Costa_Easy-Resize.com_-768x512.jpg 768w, https:\/\/www.tribunanf.com.br\/blogdoralfereis\/wp-content\/uploads\/sites\/11\/2025\/02\/Foto-Hevelin-Costa_Easy-Resize.com_.jpg 1280w\" sizes=\"auto, (max-width: 800px) 100vw, 800px\" \/><\/p>\n<p style=\"text-align: justify;\"><em>Primeira reuni\u00e3o do Grupo de Trabalho com os servidores busca solu\u00e7\u00f5es urgentes para a valoriza\u00e7\u00e3o e cumprimento de acordos salariais<\/em><\/p>\n<p style=\"text-align: justify;\">Na \u00faltima quinta-feira, 20, a Assembleia Legislativa do Estado do Rio de Janeiro (Alerj) sediou a primeira reuni\u00e3o do Grupo de Trabalho (GT) das demandas dos servidores p\u00fablicos estaduais. O GT, anteriormente institu\u00eddo pelo presidente da Casa, Rodrigo Bacellar (Uni\u00e3o), tem o objetivo de promover uma discuss\u00e3o direta entre os parlamentares e representantes das categorias de servidores. Participaram do encontro os deputados Flavio Serafini (PSOL), Rodrigo Amorim (Uni\u00e3o), Luiz Paulo (PSD), Marcelo Dino (Uni\u00e3o), Lilian Behring (PCdoB), Elika Takimoto (PT) e Tia Ju (Republicanos).<\/p>\n<p style=\"text-align: justify;\">A reuni\u00e3o foi uma oportunidade para que os servidores, especialmente os vinculados ao F\u00f3rum dos Servidores P\u00fablicos do Estado (Fosperj), apresentassem suas demandas, com destaque para a recomposi\u00e7\u00e3o salarial e o pagamento imediato dos valores devidos pelo governo desde 2023, conforme acordado na aprova\u00e7\u00e3o do novo modelo de remunera\u00e7\u00e3o em 2021.<\/p>\n<p style=\"text-align: justify;\">Durante o encontro, a deputada Lilian Behring, que \u00e9 servidora p\u00fablica do estado, refor\u00e7ou seu compromisso com a luta pela valoriza\u00e7\u00e3o dos profissionais e destacou a import\u00e2ncia de buscar solu\u00e7\u00f5es concretas para a recomposi\u00e7\u00e3o or\u00e7ament\u00e1ria.<\/p>\n<p style=\"text-align: justify;\">&#8220;A valoriza\u00e7\u00e3o dos servidores p\u00fablicos deve ser o motor do desenvolvimento econ\u00f4mico do nosso estado. Vamos atuar em conjunto com os deputados e dialogar com o Executivo para garantir que os servidores recebam o que lhes \u00e9 devido e para promover um Rio de Janeiro mais forte e justo&#8221;, afirmou a deputada Lilian.<\/p>\n<p style=\"text-align: justify;\">O Grupo segue com o compromisso de trabalhar de forma colaborativa para garantir que as demandas dos servidores sejam atendidas com urg\u00eancia. O Poder Executivo precisa cumprir com a segunda parcela pendente, de 6,5%, correspondente ao ano passado, e ainda incluir o incremento previsto no or\u00e7amento de 2025.<\/p>\n<p style=\"text-align: justify;\">Ascom*<\/p>\n","protected":false},"excerpt":{"rendered":"<p>Primeira reuni\u00e3o do Grupo de Trabalho com os servidores busca solu\u00e7\u00f5es urgentes para a valoriza\u00e7\u00e3o e cumprimento de acordos salariais&#8230;<\/p>\n","protected":false},"author":2,"featured_media":13986,"comment_status":"open","ping_status":"open","sticky":false,"template":"","format":"standard","meta":{"colormag_page_container_layout":"default_layout","colormag_page_sidebar_layout":"default_layout","jetpack_post_was_ever_published":false,"_jetpack_newsletter_access":"","_jetpack_dont_email_post_to_subs":false,"_jetpack_newsletter_tier_id":0,"_jetpack_memberships_contains_paywalled_content":false,"_jetpack_memberships_contains_paid_content":false,"footnotes":""},"categories":[2],"tags":[],"class_list":["post-13985","post","type-post","status-publish","format-standard","has-post-thumbnail","hentry","category-politica"],"jetpack_featured_media_url":"https:\/\/www.tribunanf.com.br\/blogdoralfereis\/wp-content\/uploads\/sites\/11\/2025\/02\/Foto-Hevelin-Costa_Easy-Resize.com_.jpg","jetpack_sharing_enabled":true,"_links":{"self":[{"href":"https:\/\/www.tribunanf.com.br\/blogdoralfereis\/wp-json\/wp\/v2\/posts\/13985","targetHints":{"allow":["GET"]}}],"collection":[{"href":"https:\/\/www.tribunanf.com.br\/blogdoralfereis\/wp-json\/wp\/v2\/posts"}],"about":[{"href":"https:\/\/www.tribunanf.com.br\/blogdoralfereis\/wp-json\/wp\/v2\/types\/post"}],"author":[{"embeddable":true,"href":"https:\/\/www.tribunanf.com.br\/blogdoralfereis\/wp-json\/wp\/v2\/users\/2"}],"replies":[{"embeddable":true,"href":"https:\/\/www.tribunanf.com.br\/blogdoralfereis\/wp-json\/wp\/v2\/comments?post=13985"}],"version-history":[{"count":0,"href":"https:\/\/www.tribunanf.com.br\/blogdoralfereis\/wp-json\/wp\/v2\/posts\/13985\/revisions"}],"wp:featuredmedia":[{"embeddable":true,"href":"https:\/\/www.tribunanf.com.br\/blogdoralfereis\/wp-json\/wp\/v2\/media\/13986"}],"wp:attachment":[{"href":"https:\/\/www.tribunanf.com.br\/blogdoralfereis\/wp-json\/wp\/v2\/media?parent=13985"}],"wp:term":[{"taxonomy":"category","embeddable":true,"href":"https:\/\/www.tribunanf.com.br\/blogdoralfereis\/wp-json\/wp\/v2\/categories?post=13985"},{"taxonomy":"post_tag","embeddable":true,"href":"https:\/\/www.tribunanf.com.br\/blogdoralfereis\/wp-json\/wp\/v2\/tags?post=13985"}],"curies":[{"name":"wp","href":"https:\/\/api.w.org\/{rel}","templated":true}]}}