{"id":13965,"date":"2025-02-11T20:49:15","date_gmt":"2025-02-11T23:49:15","guid":{"rendered":"https:\/\/www.tribunanf.com.br\/blogdoralfereis\/?p=13965"},"modified":"2025-02-11T20:49:15","modified_gmt":"2025-02-11T23:49:15","slug":"governo-lanca-plataforma-que-facilita-participacao-de-meis-nas-compras-publicas","status":"publish","type":"post","link":"https:\/\/www.tribunanf.com.br\/blogdoralfereis\/2025\/02\/11\/governo-lanca-plataforma-que-facilita-participacao-de-meis-nas-compras-publicas\/","title":{"rendered":"Governo lan\u00e7a plataforma que facilita participa\u00e7\u00e3o de MEIs nas compras p\u00fablicas"},"content":{"rendered":"<p><img loading=\"lazy\" decoding=\"async\" class=\"aligncenter size-large wp-image-13966\" src=\"https:\/\/www.tribunanf.com.br\/blogdoralfereis\/wp-content\/uploads\/sites\/11\/2025\/02\/01f52027-bbcb-4ae2-a0c7-4588f2559cf8_Easy-Resize.com_-1024x684.jpg\" alt=\"\" width=\"800\" height=\"534\" srcset=\"https:\/\/www.tribunanf.com.br\/blogdoralfereis\/wp-content\/uploads\/sites\/11\/2025\/02\/01f52027-bbcb-4ae2-a0c7-4588f2559cf8_Easy-Resize.com_-1024x684.jpg 1024w, https:\/\/www.tribunanf.com.br\/blogdoralfereis\/wp-content\/uploads\/sites\/11\/2025\/02\/01f52027-bbcb-4ae2-a0c7-4588f2559cf8_Easy-Resize.com_-300x200.jpg 300w, https:\/\/www.tribunanf.com.br\/blogdoralfereis\/wp-content\/uploads\/sites\/11\/2025\/02\/01f52027-bbcb-4ae2-a0c7-4588f2559cf8_Easy-Resize.com_-768x513.jpg 768w, https:\/\/www.tribunanf.com.br\/blogdoralfereis\/wp-content\/uploads\/sites\/11\/2025\/02\/01f52027-bbcb-4ae2-a0c7-4588f2559cf8_Easy-Resize.com_.jpg 1280w\" sizes=\"auto, (max-width: 800px) 100vw, 800px\" \/><\/p>\n<p style=\"text-align: justify;\">Um milh\u00e3o de microempreendedores individuais devem se inscrever na plataforma para contrata\u00e7\u00e3o de pequenos servi\u00e7os pelas prefeituras. Essa \u00e9 a expectativa do governo federal para este ano com o sistema Contrata+Brasil.\u00a0<img decoding=\"async\" src=\"https:\/\/agenciabrasil.ebc.com.br\/ebc.png?id=1629945&amp;o=node\" \/><img decoding=\"async\" src=\"https:\/\/agenciabrasil.ebc.com.br\/ebc.gif?id=1629945&amp;o=node\" \/><\/p>\n<p style=\"text-align: justify;\">A plataforma foi lan\u00e7ada nesta ter\u00e7a-feira (11)\u00a0durante o Encontro Nacional de Novos Prefeitos e Prefeitas \u2013 Governo Federal Fortalecendo os Munic\u00edpios, que est\u00e1 sendo realizado no Centro de Conven\u00e7\u00f5es Ulysses Guimar\u00e3es, em Bras\u00edlia.<\/p>\n<p style=\"text-align: justify;\">O projeto foi baseado em uma experi\u00eancia da cidade do Recife. Na plataforma, as prefeituras anunciam servi\u00e7os de at\u00e9 R$\u00a012,5 mil, que n\u00e3o precisam de licita\u00e7\u00e3o, como um pequeno reparo em uma creche ou conserto de ar-condicionado. Os microempreendedores cadastrados recebem um alertas no celular e, pelo aparelho, decidem se aceitam o servi\u00e7o.<\/p>\n<p style=\"text-align: justify;\">De acordo com o ministro do\u00a0Empreendedorismo, da Microempresa e da Empresa de Pequeno Porte, M\u00e1rcio Fran\u00e7a, os governos federal, estaduais e municipais, estaduais gastam por ano mais Fran\u00e7a destacou que h\u00e1 um potencial grande, j\u00e1 que o pa\u00eds tem hoje 16 milh\u00f5es de microempreendedores individuais, mas apenas 70 mil s\u00e3o contratados por \u00f3rg\u00e3os p\u00fablicos.<\/p>\n<p>Um dos objetivos do novo programa \u00e9 aumentar a formaliza\u00e7\u00e3o. &#8220;Isso permite que a pessoa fa\u00e7a uma contrata\u00e7\u00e3o muito r\u00e1pida e muito mais f\u00e1cil, porque n\u00e3o tem aquele processo licitat\u00f3rio. Os MEIs [microempreendedores individuais] t\u00eam esse privil\u00e9gio de ter uma legisla\u00e7\u00e3o especial, e faltava exatamente um portal que permitisse isso\u201d, disse o ministro.<\/p>\n<p style=\"text-align: justify;\">A plataforma j\u00e1 est\u00e1 aberta e pode receber inscri\u00e7\u00e3o de MEIs e das oportunidades oferecidas pelas prefeituras. O Contrata+Brasil pode ser acessado\u00a0<strong><a href=\"http:\/\/gov.br\/contratamaisbrasil\" target=\"_blank\" rel=\"noopener\">neste endere\u00e7o<\/a>.<\/strong><\/p>\n<p style=\"text-align: justify;\">EBC*<\/p>\n","protected":false},"excerpt":{"rendered":"<p>Um milh\u00e3o de microempreendedores individuais devem se inscrever na plataforma para contrata\u00e7\u00e3o de pequenos servi\u00e7os pelas prefeituras. Essa \u00e9 a&#8230;<\/p>\n","protected":false},"author":2,"featured_media":13966,"comment_status":"open","ping_status":"open","sticky":false,"template":"","format":"standard","meta":{"colormag_page_container_layout":"default_layout","colormag_page_sidebar_layout":"default_layout","jetpack_post_was_ever_published":false,"_jetpack_newsletter_access":"","_jetpack_dont_email_post_to_subs":false,"_jetpack_newsletter_tier_id":0,"_jetpack_memberships_contains_paywalled_content":false,"_jetpack_memberships_contains_paid_content":false,"footnotes":""},"categories":[2],"tags":[],"class_list":["post-13965","post","type-post","status-publish","format-standard","has-post-thumbnail","hentry","category-politica"],"jetpack_featured_media_url":"https:\/\/www.tribunanf.com.br\/blogdoralfereis\/wp-content\/uploads\/sites\/11\/2025\/02\/01f52027-bbcb-4ae2-a0c7-4588f2559cf8_Easy-Resize.com_.jpg","jetpack_sharing_enabled":true,"_links":{"self":[{"href":"https:\/\/www.tribunanf.com.br\/blogdoralfereis\/wp-json\/wp\/v2\/posts\/13965","targetHints":{"allow":["GET"]}}],"collection":[{"href":"https:\/\/www.tribunanf.com.br\/blogdoralfereis\/wp-json\/wp\/v2\/posts"}],"about":[{"href":"https:\/\/www.tribunanf.com.br\/blogdoralfereis\/wp-json\/wp\/v2\/types\/post"}],"author":[{"embeddable":true,"href":"https:\/\/www.tribunanf.com.br\/blogdoralfereis\/wp-json\/wp\/v2\/users\/2"}],"replies":[{"embeddable":true,"href":"https:\/\/www.tribunanf.com.br\/blogdoralfereis\/wp-json\/wp\/v2\/comments?post=13965"}],"version-history":[{"count":0,"href":"https:\/\/www.tribunanf.com.br\/blogdoralfereis\/wp-json\/wp\/v2\/posts\/13965\/revisions"}],"wp:featuredmedia":[{"embeddable":true,"href":"https:\/\/www.tribunanf.com.br\/blogdoralfereis\/wp-json\/wp\/v2\/media\/13966"}],"wp:attachment":[{"href":"https:\/\/www.tribunanf.com.br\/blogdoralfereis\/wp-json\/wp\/v2\/media?parent=13965"}],"wp:term":[{"taxonomy":"category","embeddable":true,"href":"https:\/\/www.tribunanf.com.br\/blogdoralfereis\/wp-json\/wp\/v2\/categories?post=13965"},{"taxonomy":"post_tag","embeddable":true,"href":"https:\/\/www.tribunanf.com.br\/blogdoralfereis\/wp-json\/wp\/v2\/tags?post=13965"}],"curies":[{"name":"wp","href":"https:\/\/api.w.org\/{rel}","templated":true}]}}