{"id":13950,"date":"2025-02-06T18:53:38","date_gmt":"2025-02-06T21:53:38","guid":{"rendered":"https:\/\/www.tribunanf.com.br\/blogdoralfereis\/?p=13950"},"modified":"2025-02-06T18:53:38","modified_gmt":"2025-02-06T21:53:38","slug":"rumo-a-2026-eduardo-paes-mira-o-interior-e-sonda-wladimir-garotinho-para-vice","status":"publish","type":"post","link":"https:\/\/www.tribunanf.com.br\/blogdoralfereis\/2025\/02\/06\/rumo-a-2026-eduardo-paes-mira-o-interior-e-sonda-wladimir-garotinho-para-vice\/","title":{"rendered":"Rumo a 2026: Eduardo Paes mira o interior e sonda Wladimir Garotinho para vice"},"content":{"rendered":"<p><img loading=\"lazy\" decoding=\"async\" class=\"aligncenter size-large wp-image-13951\" src=\"https:\/\/www.tribunanf.com.br\/blogdoralfereis\/wp-content\/uploads\/sites\/11\/2025\/02\/WhatsApp-Image-2025-02-06-at-16.37.04-e1738870725942_Easy-Resize.com_-1024x903.jpg\" alt=\"\" width=\"800\" height=\"705\" srcset=\"https:\/\/www.tribunanf.com.br\/blogdoralfereis\/wp-content\/uploads\/sites\/11\/2025\/02\/WhatsApp-Image-2025-02-06-at-16.37.04-e1738870725942_Easy-Resize.com_-1024x903.jpg 1024w, https:\/\/www.tribunanf.com.br\/blogdoralfereis\/wp-content\/uploads\/sites\/11\/2025\/02\/WhatsApp-Image-2025-02-06-at-16.37.04-e1738870725942_Easy-Resize.com_-300x265.jpg 300w, https:\/\/www.tribunanf.com.br\/blogdoralfereis\/wp-content\/uploads\/sites\/11\/2025\/02\/WhatsApp-Image-2025-02-06-at-16.37.04-e1738870725942_Easy-Resize.com_-768x677.jpg 768w, https:\/\/www.tribunanf.com.br\/blogdoralfereis\/wp-content\/uploads\/sites\/11\/2025\/02\/WhatsApp-Image-2025-02-06-at-16.37.04-e1738870725942_Easy-Resize.com_.jpg 1280w\" sizes=\"auto, (max-width: 800px) 100vw, 800px\" \/><\/p>\n<p style=\"text-align: justify;\">Um jantar, no Pal\u00e1cio da Cidade, reuniu, na noite de ter\u00e7a-feira (04), os prefeitos do Rio, Eduardo Paes (PSD), e de Campos dos Goytacazes, Wladimir Garotinho (PP), revela a coluna de Berenice Seara, do site Tempo Real. O vice-prefeito Eduardo Cavaliere (PSD) e o terceiro suplente do PSD na C\u00e2mara dos Deputados, Caio Vianna, eram os outros comensais.<\/p>\n<p style=\"text-align: justify;\">Paes, que anda cativante como nunca com os pol\u00edticos do interior \u2014 o seu ponto fraco na prov\u00e1vel disputa pelo governo do estado \u2014 chegou a convidar Wladimir para ser o seu vice em 2026. N\u00e3o \u00e9 de hoje que o mo\u00e7o tenta atrair o coleguinha campista para o seu projeto.<\/p>\n<p style=\"text-align: justify;\">Uma parceria estrat\u00e9gica para Paes, caso o presidente da Assembleia Legislativa, Rodrigo Bacellar (Uni\u00e3o), seja o seu principal advers\u00e1rio. As fam\u00edlias Bacellar e Garotinho s\u00e3o advers\u00e1rias hist\u00f3ricas na regi\u00e3o de Campos \u2014 embora, nos \u00faltimos tempos, o presidente da Assembleia e Wladimir andem numa fase de paz.<\/p>\n<p style=\"text-align: justify;\">Mas, uma coisa \u00e9 uma coisa e a outra \u00e9 bem diferente, quando chega a \u00e9poca de elei\u00e7\u00e3o\u2026<\/p>\n<p style=\"text-align: justify;\">De quebra, com Wladimir de vice, o alcaide do Rio consolidaria uma alian\u00e7a com o PP, um antigo sonho de consumo. Para amolecer o cora\u00e7\u00e3o do rapaz, ainda prometeu elevar Vianna \u2014 um dos pol\u00edticos mais pr\u00f3ximos do prefeito de Campos \u2014 a titular na C\u00e2mara, convocando mais deputados do PSD para o seu primeiro escal\u00e3o no Rio.<\/p>\n<p style=\"text-align: justify;\"><strong>Wladimir, um bom ouvinte<\/strong><\/p>\n<p style=\"text-align: justify;\">Contam que Wladimir ouviu as propostas. Mas, a exemplo do que fez quando Pastor Everaldo o convidou a se filiar ao Podemos e ser o candidato do partido a governador em 2026, escapuliu.<\/p>\n<p style=\"text-align: justify;\">A Everaldo, o prefeito disse que agradecia o convite, e ficava muito honrado.<\/p>\n<p style=\"text-align: justify;\">\u201cMas n\u00e3o posso e nem farei nenhum movimento agora\u201d, disse Wladimir ao pastor presidente do Podemos.<\/p>\n<p style=\"text-align: justify;\">Parece que a resposta a Eduardo foi no mesmo sentido.<\/p>\n<p>Fonte:<a href=\"https:\/\/temporealrj.com\/rumo-a-2026-paes-mira-o-interior-e-sonda-wladimir-garotinho-para-vice\/\" target=\"_blank\" rel=\"noopener\"> Coluna de Berenice Seara, do site Tempo Real.<\/a><\/p>\n","protected":false},"excerpt":{"rendered":"<p>Um jantar, no Pal\u00e1cio da Cidade, reuniu, na noite de ter\u00e7a-feira (04), os prefeitos do Rio, Eduardo Paes (PSD), e&#8230;<\/p>\n","protected":false},"author":2,"featured_media":13951,"comment_status":"open","ping_status":"open","sticky":false,"template":"","format":"standard","meta":{"colormag_page_container_layout":"default_layout","colormag_page_sidebar_layout":"default_layout","jetpack_post_was_ever_published":false,"_jetpack_newsletter_access":"","_jetpack_dont_email_post_to_subs":false,"_jetpack_newsletter_tier_id":0,"_jetpack_memberships_contains_paywalled_content":false,"_jetpack_memberships_contains_paid_content":false,"footnotes":""},"categories":[2],"tags":[],"class_list":["post-13950","post","type-post","status-publish","format-standard","has-post-thumbnail","hentry","category-politica"],"jetpack_featured_media_url":"https:\/\/www.tribunanf.com.br\/blogdoralfereis\/wp-content\/uploads\/sites\/11\/2025\/02\/WhatsApp-Image-2025-02-06-at-16.37.04-e1738870725942_Easy-Resize.com_.jpg","jetpack_sharing_enabled":true,"_links":{"self":[{"href":"https:\/\/www.tribunanf.com.br\/blogdoralfereis\/wp-json\/wp\/v2\/posts\/13950","targetHints":{"allow":["GET"]}}],"collection":[{"href":"https:\/\/www.tribunanf.com.br\/blogdoralfereis\/wp-json\/wp\/v2\/posts"}],"about":[{"href":"https:\/\/www.tribunanf.com.br\/blogdoralfereis\/wp-json\/wp\/v2\/types\/post"}],"author":[{"embeddable":true,"href":"https:\/\/www.tribunanf.com.br\/blogdoralfereis\/wp-json\/wp\/v2\/users\/2"}],"replies":[{"embeddable":true,"href":"https:\/\/www.tribunanf.com.br\/blogdoralfereis\/wp-json\/wp\/v2\/comments?post=13950"}],"version-history":[{"count":0,"href":"https:\/\/www.tribunanf.com.br\/blogdoralfereis\/wp-json\/wp\/v2\/posts\/13950\/revisions"}],"wp:featuredmedia":[{"embeddable":true,"href":"https:\/\/www.tribunanf.com.br\/blogdoralfereis\/wp-json\/wp\/v2\/media\/13951"}],"wp:attachment":[{"href":"https:\/\/www.tribunanf.com.br\/blogdoralfereis\/wp-json\/wp\/v2\/media?parent=13950"}],"wp:term":[{"taxonomy":"category","embeddable":true,"href":"https:\/\/www.tribunanf.com.br\/blogdoralfereis\/wp-json\/wp\/v2\/categories?post=13950"},{"taxonomy":"post_tag","embeddable":true,"href":"https:\/\/www.tribunanf.com.br\/blogdoralfereis\/wp-json\/wp\/v2\/tags?post=13950"}],"curies":[{"name":"wp","href":"https:\/\/api.w.org\/{rel}","templated":true}]}}