{"id":13923,"date":"2025-01-31T16:49:19","date_gmt":"2025-01-31T19:49:19","guid":{"rendered":"https:\/\/www.tribunanf.com.br\/blogdoralfereis\/?p=13923"},"modified":"2025-01-31T16:49:19","modified_gmt":"2025-01-31T19:49:19","slug":"governo-estadual-do-rio-e-obrigado-a-aceitar-laudos-medicos-do-sus-para-licencas-de-servidores","status":"publish","type":"post","link":"https:\/\/www.tribunanf.com.br\/blogdoralfereis\/2025\/01\/31\/governo-estadual-do-rio-e-obrigado-a-aceitar-laudos-medicos-do-sus-para-licencas-de-servidores\/","title":{"rendered":"Governo estadual do Rio \u00e9 obrigado a aceitar laudos m\u00e9dicos do SUS para licen\u00e7as de servidores"},"content":{"rendered":"<p><img loading=\"lazy\" decoding=\"async\" class=\"aligncenter size-large wp-image-10508\" src=\"https:\/\/www.tribunanf.com.br\/blogdoralfereis\/wp-content\/uploads\/sites\/11\/2022\/11\/palacio-guanabara-2017-32_Easy-Resize.com_-1024x682.jpg\" alt=\"\" width=\"800\" height=\"533\" srcset=\"https:\/\/www.tribunanf.com.br\/blogdoralfereis\/wp-content\/uploads\/sites\/11\/2022\/11\/palacio-guanabara-2017-32_Easy-Resize.com_-1024x682.jpg 1024w, https:\/\/www.tribunanf.com.br\/blogdoralfereis\/wp-content\/uploads\/sites\/11\/2022\/11\/palacio-guanabara-2017-32_Easy-Resize.com_-300x200.jpg 300w, https:\/\/www.tribunanf.com.br\/blogdoralfereis\/wp-content\/uploads\/sites\/11\/2022\/11\/palacio-guanabara-2017-32_Easy-Resize.com_-768x512.jpg 768w, https:\/\/www.tribunanf.com.br\/blogdoralfereis\/wp-content\/uploads\/sites\/11\/2022\/11\/palacio-guanabara-2017-32_Easy-Resize.com_.jpg 1280w\" sizes=\"auto, (max-width: 800px) 100vw, 800px\" \/><\/p>\n<p style=\"text-align: justify;\">O Sindicato Estadual dos Profissionais da Educa\u00e7\u00e3o do Rio de Janeiro (Sepe) obteve uma vit\u00f3ria definitiva na Justi\u00e7a: o governo estadual do Rio de Janeiro foi condenado a aceitar laudos m\u00e9dicos do Sistema \u00danico de Sa\u00fade (SUS) para a concess\u00e3o de licen\u00e7as para tratamento de sa\u00fade a servidores da Educa\u00e7\u00e3o que trabalham em munic\u00edpios onde n\u00e3o h\u00e1 junta m\u00e9dica oficial. A decis\u00e3o, que j\u00e1 havia sido garantida por liminar, foi confirmada pelo Supremo Tribunal Federal (STF), e n\u00e3o cabe mais recurso.<\/p>\n<p style=\"text-align: justify;\">A a\u00e7\u00e3o civil p\u00fablica movida pelo Sepe tinha como objetivo garantir que as per\u00edcias fossem realizadas no pr\u00f3prio munic\u00edpio onde o servidor est\u00e1 lotado, conforme prev\u00ea o artigo 110 do Decreto 2.479\/1979. Como alternativa, o sindicato pleiteava que o estado aceitasse os laudos de m\u00e9dicos do SUS nos locais sem junta m\u00e9dica ou, pelo menos, que custeasse transporte e alimenta\u00e7\u00e3o dos servidores obrigados a se deslocar para per\u00edcia na capital.<\/p>\n<p style=\"text-align: justify;\">Decis\u00e3o<\/p>\n<p style=\"text-align: justify;\">Na decis\u00e3o, a 12\u00aa C\u00e2mara C\u00edvel do Tribunal de Justi\u00e7a do Rio de Janeiro (TJRJ) considerou que a exig\u00eancia de deslocamento at\u00e9 a capital impunha custos e desgastes desumanos aos servidores da educa\u00e7\u00e3o, muitos dos quais recebem sal\u00e1rios baixos. A relatora do caso, desembargadora Ge\u00f3rgia de Carvalho Lima, destacou que a obriga\u00e7\u00e3o do governo de aceitar os laudos m\u00e9dicos do SUS n\u00e3o gera aumento de despesas para o estado e corrige uma injusti\u00e7a hist\u00f3rica.<\/p>\n<p style=\"text-align: justify;\">Agora, o Sepe deu in\u00edcio \u00e0 execu\u00e7\u00e3o coletiva da senten\u00e7a, cobrando do governo estadual a comprova\u00e7\u00e3o do cumprimento da decis\u00e3o em todas as regionais.<\/p>\n<p style=\"text-align: justify;\">Fonte: Coluna do Servidor, do Jornal Extra<\/p>\n","protected":false},"excerpt":{"rendered":"<p>O Sindicato Estadual dos Profissionais da Educa\u00e7\u00e3o do Rio de Janeiro (Sepe) obteve uma vit\u00f3ria definitiva na Justi\u00e7a: o governo&#8230;<\/p>\n","protected":false},"author":2,"featured_media":10508,"comment_status":"open","ping_status":"open","sticky":false,"template":"","format":"standard","meta":{"colormag_page_container_layout":"default_layout","colormag_page_sidebar_layout":"default_layout","jetpack_post_was_ever_published":false,"_jetpack_newsletter_access":"","_jetpack_dont_email_post_to_subs":false,"_jetpack_newsletter_tier_id":0,"_jetpack_memberships_contains_paywalled_content":false,"_jetpack_memberships_contains_paid_content":false,"footnotes":""},"categories":[2],"tags":[],"class_list":["post-13923","post","type-post","status-publish","format-standard","has-post-thumbnail","hentry","category-politica"],"jetpack_featured_media_url":"https:\/\/www.tribunanf.com.br\/blogdoralfereis\/wp-content\/uploads\/sites\/11\/2022\/11\/palacio-guanabara-2017-32_Easy-Resize.com_.jpg","jetpack_sharing_enabled":true,"_links":{"self":[{"href":"https:\/\/www.tribunanf.com.br\/blogdoralfereis\/wp-json\/wp\/v2\/posts\/13923","targetHints":{"allow":["GET"]}}],"collection":[{"href":"https:\/\/www.tribunanf.com.br\/blogdoralfereis\/wp-json\/wp\/v2\/posts"}],"about":[{"href":"https:\/\/www.tribunanf.com.br\/blogdoralfereis\/wp-json\/wp\/v2\/types\/post"}],"author":[{"embeddable":true,"href":"https:\/\/www.tribunanf.com.br\/blogdoralfereis\/wp-json\/wp\/v2\/users\/2"}],"replies":[{"embeddable":true,"href":"https:\/\/www.tribunanf.com.br\/blogdoralfereis\/wp-json\/wp\/v2\/comments?post=13923"}],"version-history":[{"count":0,"href":"https:\/\/www.tribunanf.com.br\/blogdoralfereis\/wp-json\/wp\/v2\/posts\/13923\/revisions"}],"wp:featuredmedia":[{"embeddable":true,"href":"https:\/\/www.tribunanf.com.br\/blogdoralfereis\/wp-json\/wp\/v2\/media\/10508"}],"wp:attachment":[{"href":"https:\/\/www.tribunanf.com.br\/blogdoralfereis\/wp-json\/wp\/v2\/media?parent=13923"}],"wp:term":[{"taxonomy":"category","embeddable":true,"href":"https:\/\/www.tribunanf.com.br\/blogdoralfereis\/wp-json\/wp\/v2\/categories?post=13923"},{"taxonomy":"post_tag","embeddable":true,"href":"https:\/\/www.tribunanf.com.br\/blogdoralfereis\/wp-json\/wp\/v2\/tags?post=13923"}],"curies":[{"name":"wp","href":"https:\/\/api.w.org\/{rel}","templated":true}]}}