{"id":13902,"date":"2025-01-27T21:14:17","date_gmt":"2025-01-28T00:14:17","guid":{"rendered":"https:\/\/www.tribunanf.com.br\/blogdoralfereis\/?p=13902"},"modified":"2025-01-27T21:14:17","modified_gmt":"2025-01-28T00:14:17","slug":"tce-da-cinco-dias-para-castro-explicar-repasses-da-previdencia-para-pagar-dividas-com-a-uniao","status":"publish","type":"post","link":"https:\/\/www.tribunanf.com.br\/blogdoralfereis\/2025\/01\/27\/tce-da-cinco-dias-para-castro-explicar-repasses-da-previdencia-para-pagar-dividas-com-a-uniao\/","title":{"rendered":"TCE d\u00e1 cinco dias para Castro explicar repasses da previd\u00eancia para pagar d\u00edvidas com a Uni\u00e3o"},"content":{"rendered":"<p><img loading=\"lazy\" decoding=\"async\" class=\"aligncenter size-large wp-image-10993\" src=\"https:\/\/www.tribunanf.com.br\/blogdoralfereis\/wp-content\/uploads\/sites\/11\/2023\/03\/castro_Easy-Resize.com-6-1024x566.jpg\" alt=\"\" width=\"800\" height=\"442\" srcset=\"https:\/\/www.tribunanf.com.br\/blogdoralfereis\/wp-content\/uploads\/sites\/11\/2023\/03\/castro_Easy-Resize.com-6-1024x566.jpg 1024w, https:\/\/www.tribunanf.com.br\/blogdoralfereis\/wp-content\/uploads\/sites\/11\/2023\/03\/castro_Easy-Resize.com-6-300x166.jpg 300w, https:\/\/www.tribunanf.com.br\/blogdoralfereis\/wp-content\/uploads\/sites\/11\/2023\/03\/castro_Easy-Resize.com-6-768x424.jpg 768w, https:\/\/www.tribunanf.com.br\/blogdoralfereis\/wp-content\/uploads\/sites\/11\/2023\/03\/castro_Easy-Resize.com-6.jpg 1280w\" sizes=\"auto, (max-width: 800px) 100vw, 800px\" \/><\/p>\n<p style=\"text-align: justify;\">O Tribunal de Contas do Estado (TCE) deu, nesta segunda-feira (27), cinco dias para o governador Cl\u00e1udio Castro (PL) explicar a transfer\u00eancia de recursos da previd\u00eancia para o pagamento de d\u00edvidas com a Uni\u00e3o. A medida atende \u00e0 representa\u00e7\u00e3o apresentada pela deputada licenciada e secret\u00e1ria de Assist\u00eancia Social da cidade do Rio, Martha Rocha (PDT).<\/p>\n<p style=\"text-align: justify;\">Em dezembro, Castro publicou, no Di\u00e1rio Oficial, decreto remanejando R$ 1,2 bilh\u00e3o recursos do Fundo \u00danico de Previd\u00eancia Social (RioPrevid\u00eancia) para a D\u00edvida P\u00fablica do Estado. Em novembro, ele j\u00e1 havia transferido R$ 2,7 bilh\u00f5es.<\/p>\n<p style=\"text-align: justify;\">Em setembro, o governador baixou dois decretos determinando que o dinheiro dos royalties e participa\u00e7\u00e3o especial destinados ao RioPrevid\u00eancia seriam transferidos para o Tesouro Estadual, com o objetivo de pagar parcelas da d\u00edvida com a Uni\u00e3o.<\/p>\n<p style=\"text-align: justify;\"><strong>Conselheiro do TCE rejeita tutela provis\u00f3ria<\/strong><\/p>\n<p style=\"text-align: justify;\">Martha pediu ao TCE concess\u00e3o de tutela provis\u00f3ria para suspens\u00e3o do repasse e a consequente realoca\u00e7\u00e3o dos recursos. Em decis\u00e3o monocr\u00e1tica, o conselheiro Christiano Lacerda Ghuerren disse n\u00e3o ser prudente conceder a medida cautelar sem a oitiva de Castro, dessa forma, deu o prazo para que o governador apresente os esclarecimentos.<\/p>\n<p style=\"text-align: justify;\">\u201cPela comunica\u00e7\u00e3o ao governador para que, no prazo de at\u00e9 cinco dias a contar da ci\u00eancia desta decis\u00e3o, manifeste-se acerca dos fatos veiculados por meio desta representa\u00e7\u00e3o, devendo apresentar esclarecimentos de fato e de direito que entender pertinentes\u201d, decidiu o conselheiro.<\/p>\n<p style=\"text-align: justify;\">Ghuerren ainda encaminhou o caso \u00e0 Secretaria-Geral de Controle Externo do TCE para que, caso Castro n\u00e3o responda dentro do prazo, analise a representa\u00e7\u00e3o em rela\u00e7\u00e3o ao pedido de tutela provis\u00f3ria.<\/p>\n<p style=\"text-align: justify;\">Fonte: Coluna da jornalista Berenice Seara, do site Tempo Real<\/p>\n","protected":false},"excerpt":{"rendered":"<p>O Tribunal de Contas do Estado (TCE) deu, nesta segunda-feira (27), cinco dias para o governador Cl\u00e1udio Castro (PL) explicar&#8230;<\/p>\n","protected":false},"author":2,"featured_media":10993,"comment_status":"open","ping_status":"open","sticky":false,"template":"","format":"standard","meta":{"colormag_page_container_layout":"default_layout","colormag_page_sidebar_layout":"default_layout","jetpack_post_was_ever_published":false,"_jetpack_newsletter_access":"","_jetpack_dont_email_post_to_subs":false,"_jetpack_newsletter_tier_id":0,"_jetpack_memberships_contains_paywalled_content":false,"_jetpack_memberships_contains_paid_content":false,"footnotes":""},"categories":[2],"tags":[],"class_list":["post-13902","post","type-post","status-publish","format-standard","has-post-thumbnail","hentry","category-politica"],"jetpack_featured_media_url":"https:\/\/www.tribunanf.com.br\/blogdoralfereis\/wp-content\/uploads\/sites\/11\/2023\/03\/castro_Easy-Resize.com-6.jpg","jetpack_sharing_enabled":true,"_links":{"self":[{"href":"https:\/\/www.tribunanf.com.br\/blogdoralfereis\/wp-json\/wp\/v2\/posts\/13902","targetHints":{"allow":["GET"]}}],"collection":[{"href":"https:\/\/www.tribunanf.com.br\/blogdoralfereis\/wp-json\/wp\/v2\/posts"}],"about":[{"href":"https:\/\/www.tribunanf.com.br\/blogdoralfereis\/wp-json\/wp\/v2\/types\/post"}],"author":[{"embeddable":true,"href":"https:\/\/www.tribunanf.com.br\/blogdoralfereis\/wp-json\/wp\/v2\/users\/2"}],"replies":[{"embeddable":true,"href":"https:\/\/www.tribunanf.com.br\/blogdoralfereis\/wp-json\/wp\/v2\/comments?post=13902"}],"version-history":[{"count":0,"href":"https:\/\/www.tribunanf.com.br\/blogdoralfereis\/wp-json\/wp\/v2\/posts\/13902\/revisions"}],"wp:featuredmedia":[{"embeddable":true,"href":"https:\/\/www.tribunanf.com.br\/blogdoralfereis\/wp-json\/wp\/v2\/media\/10993"}],"wp:attachment":[{"href":"https:\/\/www.tribunanf.com.br\/blogdoralfereis\/wp-json\/wp\/v2\/media?parent=13902"}],"wp:term":[{"taxonomy":"category","embeddable":true,"href":"https:\/\/www.tribunanf.com.br\/blogdoralfereis\/wp-json\/wp\/v2\/categories?post=13902"},{"taxonomy":"post_tag","embeddable":true,"href":"https:\/\/www.tribunanf.com.br\/blogdoralfereis\/wp-json\/wp\/v2\/tags?post=13902"}],"curies":[{"name":"wp","href":"https:\/\/api.w.org\/{rel}","templated":true}]}}