{"id":13873,"date":"2025-01-18T09:39:05","date_gmt":"2025-01-18T12:39:05","guid":{"rendered":"https:\/\/www.tribunanf.com.br\/blogdoralfereis\/?p=13873"},"modified":"2025-01-18T09:39:05","modified_gmt":"2025-01-18T12:39:05","slug":"prefeitura-de-campos-divulga-calendario-de-pagamento-de-2025-dos-servidores","status":"publish","type":"post","link":"https:\/\/www.tribunanf.com.br\/blogdoralfereis\/2025\/01\/18\/prefeitura-de-campos-divulga-calendario-de-pagamento-de-2025-dos-servidores\/","title":{"rendered":"Prefeitura de Campos divulga calend\u00e1rio de pagamento de 2025 dos servidores"},"content":{"rendered":"<p><img loading=\"lazy\" decoding=\"async\" class=\"aligncenter size-large wp-image-7440\" src=\"https:\/\/www.tribunanf.com.br\/blogdoralfereis\/wp-content\/uploads\/sites\/11\/2021\/08\/prefeitura-campos-1024x682.jpg\" alt=\"\" width=\"800\" height=\"533\" \/><\/p>\n<p style=\"text-align: justify;\">A Prefeitura de Campos publicou nesta sexta-feira (17) no Di\u00e1rio Oficial, o calend\u00e1rio de pagamento dos servidores p\u00fablicos municipais, incluindo aposentados e pensionistas, para o exerc\u00edcio de 2025. No cronograma de pagamento, tamb\u00e9m constam as datas de pagamento das duas parcelas do 13\u00ba sal\u00e1rio, que continuam sendo pagas em junho e dezembro, conforme vem sendo feito nos \u00faltimos anos. O primeiro pagamento do ano, referente ao m\u00eas de janeiro, ser\u00e1 efetuado no dia 31, \u00faltimo dia \u00fatil do m\u00eas, seguindo o previsto no calend\u00e1rio. Nos \u00faltimos anos, o prefeito Wladimir Garotinho tamb\u00e9m vem pagando aos servidores dentro do m\u00eas trabalhado, atendendo solicita\u00e7\u00e3o da categoria.<\/p>\n<p style=\"text-align: justify;\">&#8211; Uma boa noticia para o servidor p\u00fablico de Campos. Publicamos hoje no Di\u00e1rio Oficial o calend\u00e1rio de pagamento dos trabalhadores da prefeitura durante todo o ano para dar previsibilidade a todos e tranquilidade quanto \u00e0 data que v\u00e3o receber e dentro do m\u00eas trabalhado \u2013 disse o prefeito, em suas redes sociais.<\/p>\n<p style=\"text-align: justify;\">Para o secret\u00e1rio de Administra\u00e7\u00e3o e Recursos Humanos, Wainer Teixeira, a divulga\u00e7\u00e3o do calend\u00e1rio faz parte do planejamento da secretaria e \u00e9 importante para os servidores, que podem programar seus pagamentos para as despesas e compras do m\u00eas. \u201cEm 2021, quando assumimos a prefeitura, o cen\u00e1rio era bem dif\u00edcil com os servidores sem o pagamento de dezembro e do 13\u00ba sal\u00e1rio do ano anterior, referente \u00e0 gest\u00e3o que antecedeu a atual. Conseguimos equilibrar as contas e colocar os sal\u00e1rios em dia, o que aconteceu no mesmo ano. Isso \u00e9 fruto de planejamento, responsabilidade e valoriza\u00e7\u00e3o do servidor, que faz a m\u00e1quina p\u00fablica funcionar\u201d, informa o secret\u00e1rio.<\/p>\n<p style=\"text-align: justify;\">Ao todo, a Prefeitura de Campos conta com mais de 30 mil trabalhadores, entre servidores da ativa, aposentados, pensionistas, cargos comissionados, estagi\u00e1rios, conselheiros tutelares e prestadores de servi\u00e7o, sendo a maioria do quadro permanente, como os concursados. O secret\u00e1rio Wainer Teixeira tamb\u00e9m destaca a import\u00e2ncia da divulga\u00e7\u00e3o do calend\u00e1rio tamb\u00e9m para a movimenta\u00e7\u00e3o econ\u00f4mica do munic\u00edpio. \u201cA cada pagamento, a Prefeitura de Campos injeta mais de R$ 100 milh\u00f5es na economia local e isso \u00e9 muito importante para a gera\u00e7\u00e3o de emprego e renda do nosso munic\u00edpio\u201d.<\/p>\n<p style=\"text-align: justify;\">Al\u00e9m de ter pago 15 folhas de pagamento em 12 meses no primeiro ano de gest\u00e3o, a prefeitura tamb\u00e9m colocou em dia pagamentos de benef\u00edcios dos servidores, como como f\u00e9rias, abono salarial, concedeu reajuste de forma escalonada, e realizou tr\u00eas concursos p\u00fablicos: educador Social, Guarda Civil Municipal e para mais sete categorias da \u00e1rea cont\u00e1bil.<\/p>\n<p style=\"text-align: justify;\">Calend\u00e1rio de pagamento dos servidores p\u00fablicos municipais da Prefeitura de Campos<\/p>\n<p style=\"text-align: justify;\">Janeiro \u2013 dia 31<\/p>\n<p style=\"text-align: justify;\">Fevereiro &#8211; dia 28<\/p>\n<p style=\"text-align: justify;\">Mar\u00e7o &#8211; dia 31<\/p>\n<p style=\"text-align: justify;\">Abril &#8211; dia 30<\/p>\n<p style=\"text-align: justify;\">Maio &#8211; dia 30<\/p>\n<p style=\"text-align: justify;\">Junho (1\u00aa parcela do 13\u00b0) &#8211; dia 30<\/p>\n<p style=\"text-align: justify;\">Junho &#8211; dia 30<\/p>\n<p style=\"text-align: justify;\">Julho &#8211; dia 31<\/p>\n<p style=\"text-align: justify;\">Agosto \u2013 dia 29<\/p>\n<p style=\"text-align: justify;\">Setembro \u2013 dia 30<\/p>\n<p style=\"text-align: justify;\">Outubro \u2013 dia 31<\/p>\n<p style=\"text-align: justify;\">Novembro \u2013 dia 28<\/p>\n<p style=\"text-align: justify;\">Dezembro (2\u00aa parcela do 13\u00b0) \u2013 dia 19<\/p>\n<p style=\"text-align: justify;\">Dezembro \u2013 dia 30<\/p>\n<p style=\"text-align: justify;\">Fonte: Secom<\/p>\n","protected":false},"excerpt":{"rendered":"<p>A Prefeitura de Campos publicou nesta sexta-feira (17) no Di\u00e1rio Oficial, o calend\u00e1rio de pagamento dos servidores p\u00fablicos municipais, incluindo&#8230;<\/p>\n","protected":false},"author":2,"featured_media":7440,"comment_status":"open","ping_status":"open","sticky":false,"template":"","format":"standard","meta":{"colormag_page_container_layout":"default_layout","colormag_page_sidebar_layout":"default_layout","jetpack_post_was_ever_published":false,"_jetpack_newsletter_access":"","_jetpack_dont_email_post_to_subs":false,"_jetpack_newsletter_tier_id":0,"_jetpack_memberships_contains_paywalled_content":false,"_jetpack_memberships_contains_paid_content":false,"footnotes":""},"categories":[2],"tags":[],"class_list":["post-13873","post","type-post","status-publish","format-standard","has-post-thumbnail","hentry","category-politica"],"jetpack_featured_media_url":"https:\/\/www.tribunanf.com.br\/blogdoralfereis\/wp-content\/uploads\/sites\/11\/2021\/08\/prefeitura-campos-e1629389961928.jpg","jetpack_sharing_enabled":true,"_links":{"self":[{"href":"https:\/\/www.tribunanf.com.br\/blogdoralfereis\/wp-json\/wp\/v2\/posts\/13873","targetHints":{"allow":["GET"]}}],"collection":[{"href":"https:\/\/www.tribunanf.com.br\/blogdoralfereis\/wp-json\/wp\/v2\/posts"}],"about":[{"href":"https:\/\/www.tribunanf.com.br\/blogdoralfereis\/wp-json\/wp\/v2\/types\/post"}],"author":[{"embeddable":true,"href":"https:\/\/www.tribunanf.com.br\/blogdoralfereis\/wp-json\/wp\/v2\/users\/2"}],"replies":[{"embeddable":true,"href":"https:\/\/www.tribunanf.com.br\/blogdoralfereis\/wp-json\/wp\/v2\/comments?post=13873"}],"version-history":[{"count":0,"href":"https:\/\/www.tribunanf.com.br\/blogdoralfereis\/wp-json\/wp\/v2\/posts\/13873\/revisions"}],"wp:featuredmedia":[{"embeddable":true,"href":"https:\/\/www.tribunanf.com.br\/blogdoralfereis\/wp-json\/wp\/v2\/media\/7440"}],"wp:attachment":[{"href":"https:\/\/www.tribunanf.com.br\/blogdoralfereis\/wp-json\/wp\/v2\/media?parent=13873"}],"wp:term":[{"taxonomy":"category","embeddable":true,"href":"https:\/\/www.tribunanf.com.br\/blogdoralfereis\/wp-json\/wp\/v2\/categories?post=13873"},{"taxonomy":"post_tag","embeddable":true,"href":"https:\/\/www.tribunanf.com.br\/blogdoralfereis\/wp-json\/wp\/v2\/tags?post=13873"}],"curies":[{"name":"wp","href":"https:\/\/api.w.org\/{rel}","templated":true}]}}