{"id":13841,"date":"2025-01-04T10:21:22","date_gmt":"2025-01-04T13:21:22","guid":{"rendered":"https:\/\/www.tribunanf.com.br\/blogdoralfereis\/?p=13841"},"modified":"2025-01-04T10:21:22","modified_gmt":"2025-01-04T13:21:22","slug":"saude-libera-cronograma-para-recadastramento-de-profissionais-rpas-em-campos","status":"publish","type":"post","link":"https:\/\/www.tribunanf.com.br\/blogdoralfereis\/2025\/01\/04\/saude-libera-cronograma-para-recadastramento-de-profissionais-rpas-em-campos\/","title":{"rendered":"Sa\u00fade libera cronograma para recadastramento de profissionais RPAs, em Campos"},"content":{"rendered":"<p><img loading=\"lazy\" decoding=\"async\" class=\"aligncenter size-large wp-image-10580\" src=\"https:\/\/www.tribunanf.com.br\/blogdoralfereis\/wp-content\/uploads\/sites\/11\/2022\/12\/saude_Easy-Resize.com_-1024x682.jpg\" alt=\"\" width=\"800\" height=\"533\" srcset=\"https:\/\/www.tribunanf.com.br\/blogdoralfereis\/wp-content\/uploads\/sites\/11\/2022\/12\/saude_Easy-Resize.com_-1024x682.jpg 1024w, https:\/\/www.tribunanf.com.br\/blogdoralfereis\/wp-content\/uploads\/sites\/11\/2022\/12\/saude_Easy-Resize.com_-300x200.jpg 300w, https:\/\/www.tribunanf.com.br\/blogdoralfereis\/wp-content\/uploads\/sites\/11\/2022\/12\/saude_Easy-Resize.com_-768x512.jpg 768w, https:\/\/www.tribunanf.com.br\/blogdoralfereis\/wp-content\/uploads\/sites\/11\/2022\/12\/saude_Easy-Resize.com_.jpg 1280w\" sizes=\"auto, (max-width: 800px) 100vw, 800px\" \/><\/p>\n<p style=\"text-align: justify;\">Profissionais do Regime de Pagamento de Aut\u00f4nomos (RPA) da Secretaria Municipal de Sa\u00fade t\u00eam um cronograma espec\u00edfico, em ordem alfab\u00e9tica com distribui\u00e7\u00e3o de senha, para realiza\u00e7\u00e3o de cadastro presencial exigido por Decreto Municipal para cumprimento do Termo de Ajustamento de Gest\u00e3o (TAG), estabelecido com o Tribunal de Contas do Estado do Rio de Janeiro (TCE). Entre a pr\u00f3xima segunda-feira (6) a 20 deste m\u00eas, os profissionais dever\u00e3o comparecer \u00e0 sala do Conselho Municipal de Sa\u00fade, que fica na Rua Volunt\u00e1rios da P\u00e1tria, n\u00ba 161\/185, no Centro de Campos. O hor\u00e1rio de atendimento ser\u00e1 das 9h \u00e0s 18h.<\/p>\n<p style=\"text-align: justify;\">Gestores das unidades dever\u00e3o criar num sistema de revezamento dos profissionais para n\u00e3o comprometer o servi\u00e7o. Os servidores efetivos ser\u00e3o cadastrados em uma segunda fase. O objetivo \u00e9 otimiza\u00e7\u00e3o de recursos.<\/p>\n<p style=\"text-align: justify;\">\u201cTrata-se de uma atualiza\u00e7\u00e3o cadastral dos prestadores de servi\u00e7os com vistas a implementa\u00e7\u00e3o de medidas planejadas no TAG do RPA e de recadastramento de todos servidores p\u00fablicos, procedimentos necess\u00e1rios para otimizar nossos recursos humanos nesse in\u00edcio de gest\u00e3o\u201d, disse o diretor de Recursos Humanos da Secretaria de Sa\u00fade, Nilo S\u00e9rgio da Silva Pessanha Filho.<\/p>\n<p style=\"text-align: justify;\">DOCUMENTOS PARA O RECADASTRAMENTO<\/p>\n<p style=\"text-align: justify;\">RG (c\u00f3pia e original)<\/p>\n<p style=\"text-align: justify;\">CPF (c\u00f3pia e original)<\/p>\n<p style=\"text-align: justify;\">Comprovante de resid\u00eancia datado dos 3 \u00faltimos meses<\/p>\n<p style=\"text-align: justify;\">Carteira de Trabalho (P\u00e1gina de identifica\u00e7\u00e3o, n\u00famero de registro e data de emiss\u00e3o)<\/p>\n<p style=\"text-align: justify;\">PIS\/PASEP<\/p>\n<p style=\"text-align: justify;\">Comprovante de Escolaridade (Diploma ou declara\u00e7\u00e3o)<\/p>\n<p style=\"text-align: justify;\">Carteira de Registro Profissional<\/p>\n<p style=\"text-align: justify;\">Declara\u00e7\u00e3o de regularidade do Conselho<\/p>\n<p style=\"text-align: justify;\">CONFIRA O CRONOGRAMA POR ORDEM ALFAB\u00c9TICA<\/p>\n<p style=\"text-align: justify;\">Segunda-feira (06\/01\/24) &#8211; Letra A<\/p>\n<p style=\"text-align: justify;\">Ter\u00e7a-feira (07\/01\/24) &#8211; Letras B e C<\/p>\n<p style=\"text-align: justify;\">Quarta-feira (08\/01\/24) &#8211; Letras D e E<\/p>\n<p style=\"text-align: justify;\">Quinta-feira (09\/01\/24) &#8211; Letras F e G<\/p>\n<p style=\"text-align: justify;\">Sexta-feira (10\/01\/24) &#8211; Letras H, I e J<\/p>\n<p style=\"text-align: justify;\">Segunda-feira (13\/01\/24) \u2013 Letras K e L<\/p>\n<p style=\"text-align: justify;\">Ter\u00e7a-feira (14\/01\/24) &#8211; Letra M<\/p>\n<p style=\"text-align: justify;\">Quarta-feira (15\/01\/24) (O atendimento n\u00e3o ser\u00e1 realizado em virtude do feriado pelo dia de Santo Amaro).<\/p>\n<p style=\"text-align: justify;\">Quinta-feira (16\/01\/24) \u2013 Letras N, O e P<\/p>\n<p style=\"text-align: justify;\">Sexta-feira (17\/01\/24) \u2013 Letras R e S<\/p>\n<p style=\"text-align: justify;\">Segunda-feira (20\/01\/24) \u2013 Letras T, U, V, W, X, Y e Z<\/p>\n<p style=\"text-align: justify;\">Fonte: Secom<\/p>\n","protected":false},"excerpt":{"rendered":"<p>Profissionais do Regime de Pagamento de Aut\u00f4nomos (RPA) da Secretaria Municipal de Sa\u00fade t\u00eam um cronograma espec\u00edfico, em ordem alfab\u00e9tica&#8230;<\/p>\n","protected":false},"author":2,"featured_media":10580,"comment_status":"open","ping_status":"open","sticky":false,"template":"","format":"standard","meta":{"colormag_page_container_layout":"default_layout","colormag_page_sidebar_layout":"default_layout","jetpack_post_was_ever_published":false,"_jetpack_newsletter_access":"","_jetpack_dont_email_post_to_subs":false,"_jetpack_newsletter_tier_id":0,"_jetpack_memberships_contains_paywalled_content":false,"_jetpack_memberships_contains_paid_content":false,"footnotes":""},"categories":[2],"tags":[],"class_list":["post-13841","post","type-post","status-publish","format-standard","has-post-thumbnail","hentry","category-politica"],"jetpack_featured_media_url":"https:\/\/www.tribunanf.com.br\/blogdoralfereis\/wp-content\/uploads\/sites\/11\/2022\/12\/saude_Easy-Resize.com_.jpg","jetpack_sharing_enabled":true,"_links":{"self":[{"href":"https:\/\/www.tribunanf.com.br\/blogdoralfereis\/wp-json\/wp\/v2\/posts\/13841","targetHints":{"allow":["GET"]}}],"collection":[{"href":"https:\/\/www.tribunanf.com.br\/blogdoralfereis\/wp-json\/wp\/v2\/posts"}],"about":[{"href":"https:\/\/www.tribunanf.com.br\/blogdoralfereis\/wp-json\/wp\/v2\/types\/post"}],"author":[{"embeddable":true,"href":"https:\/\/www.tribunanf.com.br\/blogdoralfereis\/wp-json\/wp\/v2\/users\/2"}],"replies":[{"embeddable":true,"href":"https:\/\/www.tribunanf.com.br\/blogdoralfereis\/wp-json\/wp\/v2\/comments?post=13841"}],"version-history":[{"count":0,"href":"https:\/\/www.tribunanf.com.br\/blogdoralfereis\/wp-json\/wp\/v2\/posts\/13841\/revisions"}],"wp:featuredmedia":[{"embeddable":true,"href":"https:\/\/www.tribunanf.com.br\/blogdoralfereis\/wp-json\/wp\/v2\/media\/10580"}],"wp:attachment":[{"href":"https:\/\/www.tribunanf.com.br\/blogdoralfereis\/wp-json\/wp\/v2\/media?parent=13841"}],"wp:term":[{"taxonomy":"category","embeddable":true,"href":"https:\/\/www.tribunanf.com.br\/blogdoralfereis\/wp-json\/wp\/v2\/categories?post=13841"},{"taxonomy":"post_tag","embeddable":true,"href":"https:\/\/www.tribunanf.com.br\/blogdoralfereis\/wp-json\/wp\/v2\/tags?post=13841"}],"curies":[{"name":"wp","href":"https:\/\/api.w.org\/{rel}","templated":true}]}}