{"id":13818,"date":"2025-01-01T15:06:07","date_gmt":"2025-01-01T18:06:07","guid":{"rendered":"https:\/\/www.tribunanf.com.br\/blogdoralfereis\/?p=13818"},"modified":"2025-01-01T15:17:03","modified_gmt":"2025-01-01T18:17:03","slug":"fred-rangel-e-eleito-presidente-da-camara-de-campos-veja-nova-composicao-da-mesa","status":"publish","type":"post","link":"https:\/\/www.tribunanf.com.br\/blogdoralfereis\/2025\/01\/01\/fred-rangel-e-eleito-presidente-da-camara-de-campos-veja-nova-composicao-da-mesa\/","title":{"rendered":"Fred Rangel \u00e9 eleito presidente da C\u00e2mara de Campos; veja nova composi\u00e7\u00e3o da mesa"},"content":{"rendered":"<p><img loading=\"lazy\" decoding=\"async\" class=\"aligncenter size-large wp-image-13819\" src=\"https:\/\/www.tribunanf.com.br\/blogdoralfereis\/wp-content\/uploads\/sites\/11\/2025\/01\/Sem-titulo_Easy-Resize.com_-1024x575.jpg\" alt=\"\" width=\"800\" height=\"449\" srcset=\"https:\/\/www.tribunanf.com.br\/blogdoralfereis\/wp-content\/uploads\/sites\/11\/2025\/01\/Sem-titulo_Easy-Resize.com_-1024x575.jpg 1024w, https:\/\/www.tribunanf.com.br\/blogdoralfereis\/wp-content\/uploads\/sites\/11\/2025\/01\/Sem-titulo_Easy-Resize.com_-300x169.jpg 300w, https:\/\/www.tribunanf.com.br\/blogdoralfereis\/wp-content\/uploads\/sites\/11\/2025\/01\/Sem-titulo_Easy-Resize.com_-768x431.jpg 768w, https:\/\/www.tribunanf.com.br\/blogdoralfereis\/wp-content\/uploads\/sites\/11\/2025\/01\/Sem-titulo_Easy-Resize.com_.jpg 1280w\" sizes=\"auto, (max-width: 800px) 100vw, 800px\" \/><\/p>\n<p style=\"text-align: justify;\">O vereador Fred Rangel (PP) foi eleito, com 22 votos, presidente da C\u00e2mara Municipal de Campos dos Goytacazes nesta quarta-feira (1). A vota\u00e7\u00e3o ocorreu logo ap\u00f3s a posse dos vereadores eleitos.<\/p>\n<p style=\"text-align: justify;\">Rangel \u00e9 concunhado do prefeito Wladimir Garotinho, e era o favorito para vencer a disputa interna. O outro candidato \u00e0 presid\u00eancia, Juninho Virg\u00edlio, manteve a candidatura, mas recebeu apenas o seu pr\u00f3prio voto.<\/p>\n<p style=\"text-align: justify;\">O ex-presidente da C\u00e2mara, Marquinho Bacellar, e a vereadora Thamires Rangel, optaram pela absten\u00e7\u00e3o.<\/p>\n<p style=\"text-align: justify;\"><strong>Nova mesa diretora para o bi\u00eanio 2025\/2026<\/strong><\/p>\n<p style=\"text-align: justify;\">Presidente &#8211; Fred Rangel (PP)<\/p>\n<p style=\"text-align: justify;\">Primeiro Vice-presidente &#8211; Silvinho Martins (MDB)<\/p>\n<p style=\"text-align: justify;\">Primeiro Secret\u00e1rio &#8211; Diego Dias (PDT)<\/p>\n<p style=\"text-align: justify;\">Segundo vice &#8211; Abdu Neme (PL),<\/p>\n<p style=\"text-align: justify;\">Segundo secret\u00e1rio &#8211; Anderson de Matos (Republicanos)<\/p>\n","protected":false},"excerpt":{"rendered":"<p>O vereador Fred Rangel (PP) foi eleito, com 22 votos, presidente da C\u00e2mara Municipal de Campos dos Goytacazes nesta quarta-feira&#8230;<\/p>\n","protected":false},"author":2,"featured_media":13819,"comment_status":"open","ping_status":"open","sticky":false,"template":"","format":"standard","meta":{"colormag_page_container_layout":"default_layout","colormag_page_sidebar_layout":"default_layout","jetpack_post_was_ever_published":false,"_jetpack_newsletter_access":"","_jetpack_dont_email_post_to_subs":false,"_jetpack_newsletter_tier_id":0,"_jetpack_memberships_contains_paywalled_content":false,"_jetpack_memberships_contains_paid_content":false,"footnotes":""},"categories":[2],"tags":[],"class_list":["post-13818","post","type-post","status-publish","format-standard","has-post-thumbnail","hentry","category-politica"],"jetpack_featured_media_url":"https:\/\/www.tribunanf.com.br\/blogdoralfereis\/wp-content\/uploads\/sites\/11\/2025\/01\/Sem-titulo_Easy-Resize.com_.jpg","jetpack_sharing_enabled":true,"_links":{"self":[{"href":"https:\/\/www.tribunanf.com.br\/blogdoralfereis\/wp-json\/wp\/v2\/posts\/13818","targetHints":{"allow":["GET"]}}],"collection":[{"href":"https:\/\/www.tribunanf.com.br\/blogdoralfereis\/wp-json\/wp\/v2\/posts"}],"about":[{"href":"https:\/\/www.tribunanf.com.br\/blogdoralfereis\/wp-json\/wp\/v2\/types\/post"}],"author":[{"embeddable":true,"href":"https:\/\/www.tribunanf.com.br\/blogdoralfereis\/wp-json\/wp\/v2\/users\/2"}],"replies":[{"embeddable":true,"href":"https:\/\/www.tribunanf.com.br\/blogdoralfereis\/wp-json\/wp\/v2\/comments?post=13818"}],"version-history":[{"count":0,"href":"https:\/\/www.tribunanf.com.br\/blogdoralfereis\/wp-json\/wp\/v2\/posts\/13818\/revisions"}],"wp:featuredmedia":[{"embeddable":true,"href":"https:\/\/www.tribunanf.com.br\/blogdoralfereis\/wp-json\/wp\/v2\/media\/13819"}],"wp:attachment":[{"href":"https:\/\/www.tribunanf.com.br\/blogdoralfereis\/wp-json\/wp\/v2\/media?parent=13818"}],"wp:term":[{"taxonomy":"category","embeddable":true,"href":"https:\/\/www.tribunanf.com.br\/blogdoralfereis\/wp-json\/wp\/v2\/categories?post=13818"},{"taxonomy":"post_tag","embeddable":true,"href":"https:\/\/www.tribunanf.com.br\/blogdoralfereis\/wp-json\/wp\/v2\/tags?post=13818"}],"curies":[{"name":"wp","href":"https:\/\/api.w.org\/{rel}","templated":true}]}}