{"id":13784,"date":"2024-12-23T21:27:16","date_gmt":"2024-12-24T00:27:16","guid":{"rendered":"https:\/\/www.tribunanf.com.br\/blogdoralfereis\/?p=13784"},"modified":"2024-12-23T21:30:20","modified_gmt":"2024-12-24T00:30:20","slug":"pdt-confirma-apoio-a-candidatura-de-fred-rangel-para-presidencia-da-camara-de-campos","status":"publish","type":"post","link":"https:\/\/www.tribunanf.com.br\/blogdoralfereis\/2024\/12\/23\/pdt-confirma-apoio-a-candidatura-de-fred-rangel-para-presidencia-da-camara-de-campos\/","title":{"rendered":"PDT confirma apoio \u00e0 candidatura de Fred Rangel para presid\u00eancia da C\u00e2mara de Campos"},"content":{"rendered":"<p><img loading=\"lazy\" decoding=\"async\" class=\"aligncenter size-large wp-image-13785\" src=\"https:\/\/www.tribunanf.com.br\/blogdoralfereis\/wp-content\/uploads\/sites\/11\/2024\/12\/c06822a6-286b-44b6-9069-66d535644e7d_Easy-Resize.com_-768x1024.jpg\" alt=\"\" width=\"768\" height=\"1024\" \/><\/p>\n<p style=\"text-align: justify;\">A bancada de vereadores eleitos pelo PDT confirmaram apoio \u00e0 candidatura de Fred Rangel para presid\u00eancia da C\u00e2mara Municipal de Campos dos Goytacazes.<\/p>\n<p style=\"text-align: justify;\">Os vereadores Alonsimar, Diego Dias e Leon\u00a0 Gomes bateram o martelo ap\u00f3s reuni\u00e3o nesta segunda-feira (23).<\/p>\n<p style=\"text-align: justify;\">&#8220;<em>Ap\u00f3s o acerto com o candidato \u00e0 presid\u00eancia da C\u00e2mara, o vereador Fred Rangel, ficou definido que a 1\u00aa Secretaria da C\u00e2mara ser\u00e1 ocupada pelo PDT. Em reuni\u00e3o com os vereadores da bancada do PDT, Cabo Alonsimar e Diego Dias, decidimos o representante do PDT que ir\u00e1 compor a mesa diretora como Primeiro Secret\u00e1rio<\/em>.&#8221;, disse Leon, que preside o partido na Plan\u00edcie Goitac\u00e1.<\/p>\n<p style=\"text-align: justify;\">Os partidos que ir\u00e3o compor a mesa diretora s\u00e3o:<\/p>\n<p style=\"text-align: justify;\">&#8211; *Presid\u00eancia:* PP<br \/>\n&#8211; *1\u00aa Vice-Presid\u00eancia:* MDB<br \/>\n&#8211; *1\u00ba Secret\u00e1rio:* PDT<br \/>\n&#8211; *2\u00aa Vice-Presid\u00eancia:* PL<br \/>\n&#8211; *2\u00ba Secret\u00e1rio:* Republicanos<\/p>\n<p style=\"text-align: justify;\"><strong>Virg\u00edlios na disputa<\/strong><\/p>\n<p style=\"text-align: justify;\">Quem tamb\u00e9m disputa a presid\u00eancia do legislativo \u00e9 o vereador Juninho Virg\u00edlio, que garante que ficar\u00e1 at\u00e9 o final da disputa.<\/p>\n<p style=\"text-align: justify;\">Ambos candidatos s\u00e3o da bancada do prefeito Wladimir Garotinho.<\/p>\n","protected":false},"excerpt":{"rendered":"<p>A bancada de vereadores eleitos pelo PDT confirmaram apoio \u00e0 candidatura de Fred Rangel para presid\u00eancia da C\u00e2mara Municipal de&#8230;<\/p>\n","protected":false},"author":2,"featured_media":13785,"comment_status":"open","ping_status":"open","sticky":false,"template":"","format":"standard","meta":{"colormag_page_container_layout":"default_layout","colormag_page_sidebar_layout":"default_layout","jetpack_post_was_ever_published":false,"_jetpack_newsletter_access":"","_jetpack_dont_email_post_to_subs":false,"_jetpack_newsletter_tier_id":0,"_jetpack_memberships_contains_paywalled_content":false,"_jetpack_memberships_contains_paid_content":false,"footnotes":""},"categories":[2],"tags":[],"class_list":["post-13784","post","type-post","status-publish","format-standard","has-post-thumbnail","hentry","category-politica"],"jetpack_featured_media_url":"https:\/\/www.tribunanf.com.br\/blogdoralfereis\/wp-content\/uploads\/sites\/11\/2024\/12\/c06822a6-286b-44b6-9069-66d535644e7d_Easy-Resize.com_-e1735000016902.jpg","jetpack_sharing_enabled":true,"_links":{"self":[{"href":"https:\/\/www.tribunanf.com.br\/blogdoralfereis\/wp-json\/wp\/v2\/posts\/13784","targetHints":{"allow":["GET"]}}],"collection":[{"href":"https:\/\/www.tribunanf.com.br\/blogdoralfereis\/wp-json\/wp\/v2\/posts"}],"about":[{"href":"https:\/\/www.tribunanf.com.br\/blogdoralfereis\/wp-json\/wp\/v2\/types\/post"}],"author":[{"embeddable":true,"href":"https:\/\/www.tribunanf.com.br\/blogdoralfereis\/wp-json\/wp\/v2\/users\/2"}],"replies":[{"embeddable":true,"href":"https:\/\/www.tribunanf.com.br\/blogdoralfereis\/wp-json\/wp\/v2\/comments?post=13784"}],"version-history":[{"count":0,"href":"https:\/\/www.tribunanf.com.br\/blogdoralfereis\/wp-json\/wp\/v2\/posts\/13784\/revisions"}],"wp:featuredmedia":[{"embeddable":true,"href":"https:\/\/www.tribunanf.com.br\/blogdoralfereis\/wp-json\/wp\/v2\/media\/13785"}],"wp:attachment":[{"href":"https:\/\/www.tribunanf.com.br\/blogdoralfereis\/wp-json\/wp\/v2\/media?parent=13784"}],"wp:term":[{"taxonomy":"category","embeddable":true,"href":"https:\/\/www.tribunanf.com.br\/blogdoralfereis\/wp-json\/wp\/v2\/categories?post=13784"},{"taxonomy":"post_tag","embeddable":true,"href":"https:\/\/www.tribunanf.com.br\/blogdoralfereis\/wp-json\/wp\/v2\/tags?post=13784"}],"curies":[{"name":"wp","href":"https:\/\/api.w.org\/{rel}","templated":true}]}}