{"id":13769,"date":"2024-12-22T10:37:25","date_gmt":"2024-12-22T13:37:25","guid":{"rendered":"https:\/\/www.tribunanf.com.br\/blogdoralfereis\/?p=13769"},"modified":"2024-12-22T10:49:16","modified_gmt":"2024-12-22T13:49:16","slug":"planilha-do-rei-do-lixo-codinome-franca-operou-em-campos-e-mais-tres-cidades-lista-aponta-r-30-milhoes","status":"publish","type":"post","link":"https:\/\/www.tribunanf.com.br\/blogdoralfereis\/2024\/12\/22\/planilha-do-rei-do-lixo-codinome-franca-operou-em-campos-e-mais-tres-cidades-lista-aponta-r-30-milhoes\/","title":{"rendered":"Planilha do &#8220;Rei do Lixo&#8221;: codinome Fran\u00e7a operou em Campos e mais tr\u00eas cidades. Lista aponta R$ 30 milh\u00f5es"},"content":{"rendered":"<p><img loading=\"lazy\" decoding=\"async\" class=\"aligncenter size-large wp-image-13770\" src=\"https:\/\/www.tribunanf.com.br\/blogdoralfereis\/wp-content\/uploads\/sites\/11\/2024\/12\/pf_Easy-Resize.com-1-1024x682.jpg\" alt=\"\" width=\"800\" height=\"533\" srcset=\"https:\/\/www.tribunanf.com.br\/blogdoralfereis\/wp-content\/uploads\/sites\/11\/2024\/12\/pf_Easy-Resize.com-1-1024x682.jpg 1024w, https:\/\/www.tribunanf.com.br\/blogdoralfereis\/wp-content\/uploads\/sites\/11\/2024\/12\/pf_Easy-Resize.com-1-300x200.jpg 300w, https:\/\/www.tribunanf.com.br\/blogdoralfereis\/wp-content\/uploads\/sites\/11\/2024\/12\/pf_Easy-Resize.com-1-768x511.jpg 768w, https:\/\/www.tribunanf.com.br\/blogdoralfereis\/wp-content\/uploads\/sites\/11\/2024\/12\/pf_Easy-Resize.com-1.jpg 1280w\" sizes=\"auto, (max-width: 800px) 100vw, 800px\" \/><\/p>\n<p style=\"text-align: justify;\">O codinome Fran\u00e7a, que aparece na planilha do Rei do Lixo, virou o assunto mais comentado na Plan\u00edcie Goitac\u00e1, ap\u00f3s revela\u00e7\u00e3o do blog.<\/p>\n<p style=\"text-align: justify;\">O codinome aparece numa planilha apreendida no \u00e2mbito da Opera\u00e7\u00e3o Overclean, deflagrada pela Pol\u00edcia Federal na \u00faltima semana, para apurar um suposto esquema de desvio de emendas parlamentares.<\/p>\n<p style=\"text-align: justify;\">Na opera\u00e7\u00e3o foi preso Jos\u00e9 Marcos de Moura, o empres\u00e1rio conhecido como Rei do Lixo, al\u00e9m de outras envolvidos no suposto esquema. Moura faz parte da c\u00fapula do partido Uni\u00e3o Brasil.<\/p>\n<p style=\"text-align: justify;\">Ontem, o blog publicou sobre o codinome &#8220;Fran\u00e7a&#8221;, que aparece na planilha como &#8220;respons\u00e1vel&#8221; em Campos dos Goytacazes.<\/p>\n<p style=\"text-align: justify;\">Entretanto, &#8220;Fran\u00e7a&#8221; n\u00e3o aparece apenas em Campos. Ap\u00f3s uma minuciosa apura\u00e7\u00e3o do blog, identificamos o codinome &#8220;Fran\u00e7a&#8221; em mais tr\u00eas cidades: Niter\u00f3i, Caxias e Meriti.<\/p>\n<p style=\"text-align: justify;\">Os valores que constam na planilha vinculados a &#8220;Fran\u00e7a&#8221; ultrapassam a casa dos R$ 30 milh\u00f5es.<\/p>\n<p style=\"text-align: justify;\">A pergunta do momento: quem \u00e9 o dono do codinome &#8220;Fran\u00e7a&#8221;?<\/p>\n<p style=\"text-align: justify;\">Confira nos links abaixo a sequencia sobre o assunto:<\/p>\n<blockquote class=\"wp-embedded-content\" data-secret=\"zfzy40vNIa\"><p><a href=\"https:\/\/www.tribunanf.com.br\/blogdoralfereis\/2024\/12\/21\/planilha-do-rei-do-lixo-o-codinome-franca-e-a-cidade-de-campos\/\">Planilha do &#8220;Rei do Lixo&#8221;: o codinome Fran\u00e7a e a cidade de Campos<\/a><\/p><\/blockquote>\n<p><iframe loading=\"lazy\" class=\"wp-embedded-content\" sandbox=\"allow-scripts\" security=\"restricted\" style=\"position: absolute; visibility: hidden;\" title=\"&#8220;Planilha do &#8220;Rei do Lixo&#8221;: o codinome Fran\u00e7a e a cidade de Campos&#8221; &#8212; Blog do Ralfe Reis\" src=\"https:\/\/www.tribunanf.com.br\/blogdoralfereis\/2024\/12\/21\/planilha-do-rei-do-lixo-o-codinome-franca-e-a-cidade-de-campos\/embed\/#?secret=hR06omSseA#?secret=zfzy40vNIa\" data-secret=\"zfzy40vNIa\" width=\"600\" height=\"338\" frameborder=\"0\" marginwidth=\"0\" marginheight=\"0\" scrolling=\"no\"><\/iframe><\/p>\n<blockquote class=\"wp-embedded-content\" data-secret=\"p4SjhPeyJA\"><p><a href=\"https:\/\/www.tribunanf.com.br\/blogdoralfereis\/2024\/12\/21\/a-planilha-do-rei-do-lixo-e-a-cidade-de-campos\/\">A planilha do &#8220;Rei do Lixo&#8221; e a cidade de Campos<\/a><\/p><\/blockquote>\n<p><iframe loading=\"lazy\" class=\"wp-embedded-content\" sandbox=\"allow-scripts\" security=\"restricted\" style=\"position: absolute; visibility: hidden;\" title=\"&#8220;A planilha do &#8220;Rei do Lixo&#8221; e a cidade de Campos&#8221; &#8212; Blog do Ralfe Reis\" src=\"https:\/\/www.tribunanf.com.br\/blogdoralfereis\/2024\/12\/21\/a-planilha-do-rei-do-lixo-e-a-cidade-de-campos\/embed\/#?secret=TThgQ8rJUX#?secret=p4SjhPeyJA\" data-secret=\"p4SjhPeyJA\" width=\"600\" height=\"338\" frameborder=\"0\" marginwidth=\"0\" marginheight=\"0\" scrolling=\"no\"><\/iframe><\/p>\n<blockquote class=\"wp-embedded-content\" data-secret=\"owftFioybn\"><p><a href=\"https:\/\/www.tribunanf.com.br\/planilha-apreendida-pela-pf-mostra-cidades-do-rio-onde-estao-os-interesses-do-rei-do-lixo-campos-aprece-na-lista\/\">Planilha apreendida pela PF mostra cidades do Rio onde est\u00e3o os interesses do \u201cRei do Lixo\u201d; Campos aparece na lista<\/a><\/p><\/blockquote>\n<p><iframe loading=\"lazy\" class=\"wp-embedded-content\" sandbox=\"allow-scripts\" security=\"restricted\" style=\"position: absolute; visibility: hidden;\" title=\"&#8220;Planilha apreendida pela PF mostra cidades do Rio onde est\u00e3o os interesses do \u201cRei do Lixo\u201d; Campos aparece na lista&#8221; &#8212; Tribuna NF\" src=\"https:\/\/www.tribunanf.com.br\/planilha-apreendida-pela-pf-mostra-cidades-do-rio-onde-estao-os-interesses-do-rei-do-lixo-campos-aprece-na-lista\/embed\/#?secret=tJ3vKZAJVA#?secret=owftFioybn\" data-secret=\"owftFioybn\" width=\"600\" height=\"338\" frameborder=\"0\" marginwidth=\"0\" marginheight=\"0\" scrolling=\"no\"><\/iframe><\/p>\n<blockquote class=\"wp-embedded-content\" data-secret=\"dOf6GpJHVu\"><p><a href=\"https:\/\/www.tribunanf.com.br\/pf-suspeita-que-esquema-envolvendo-emendas-incluia-contratos-com-32-prefeituras-e-rendeu-r-692-milhoes\/\">PF suspeita que esquema envolvendo emendas inclu\u00eda contratos com 32 prefeituras e rendeu R$ 692 milh\u00f5es<\/a><\/p><\/blockquote>\n<p><iframe loading=\"lazy\" class=\"wp-embedded-content\" sandbox=\"allow-scripts\" security=\"restricted\" style=\"position: absolute; visibility: hidden;\" title=\"&#8220;PF suspeita que esquema envolvendo emendas inclu\u00eda contratos com 32 prefeituras e rendeu R$ 692 milh\u00f5es&#8221; &#8212; Tribuna NF\" src=\"https:\/\/www.tribunanf.com.br\/pf-suspeita-que-esquema-envolvendo-emendas-incluia-contratos-com-32-prefeituras-e-rendeu-r-692-milhoes\/embed\/#?secret=6MztYgDBrc#?secret=dOf6GpJHVu\" data-secret=\"dOf6GpJHVu\" width=\"600\" height=\"338\" frameborder=\"0\" marginwidth=\"0\" marginheight=\"0\" scrolling=\"no\"><\/iframe><\/p>\n","protected":false},"excerpt":{"rendered":"<p>O codinome Fran\u00e7a, que aparece na planilha do Rei do Lixo, virou o assunto mais comentado na Plan\u00edcie Goitac\u00e1, ap\u00f3s&#8230;<\/p>\n","protected":false},"author":2,"featured_media":13770,"comment_status":"open","ping_status":"open","sticky":false,"template":"","format":"standard","meta":{"colormag_page_container_layout":"default_layout","colormag_page_sidebar_layout":"default_layout","jetpack_post_was_ever_published":false,"_jetpack_newsletter_access":"","_jetpack_dont_email_post_to_subs":false,"_jetpack_newsletter_tier_id":0,"_jetpack_memberships_contains_paywalled_content":false,"_jetpack_memberships_contains_paid_content":false,"footnotes":""},"categories":[2],"tags":[],"class_list":["post-13769","post","type-post","status-publish","format-standard","has-post-thumbnail","hentry","category-politica"],"jetpack_featured_media_url":"https:\/\/www.tribunanf.com.br\/blogdoralfereis\/wp-content\/uploads\/sites\/11\/2024\/12\/pf_Easy-Resize.com-1.jpg","jetpack_sharing_enabled":true,"_links":{"self":[{"href":"https:\/\/www.tribunanf.com.br\/blogdoralfereis\/wp-json\/wp\/v2\/posts\/13769","targetHints":{"allow":["GET"]}}],"collection":[{"href":"https:\/\/www.tribunanf.com.br\/blogdoralfereis\/wp-json\/wp\/v2\/posts"}],"about":[{"href":"https:\/\/www.tribunanf.com.br\/blogdoralfereis\/wp-json\/wp\/v2\/types\/post"}],"author":[{"embeddable":true,"href":"https:\/\/www.tribunanf.com.br\/blogdoralfereis\/wp-json\/wp\/v2\/users\/2"}],"replies":[{"embeddable":true,"href":"https:\/\/www.tribunanf.com.br\/blogdoralfereis\/wp-json\/wp\/v2\/comments?post=13769"}],"version-history":[{"count":0,"href":"https:\/\/www.tribunanf.com.br\/blogdoralfereis\/wp-json\/wp\/v2\/posts\/13769\/revisions"}],"wp:featuredmedia":[{"embeddable":true,"href":"https:\/\/www.tribunanf.com.br\/blogdoralfereis\/wp-json\/wp\/v2\/media\/13770"}],"wp:attachment":[{"href":"https:\/\/www.tribunanf.com.br\/blogdoralfereis\/wp-json\/wp\/v2\/media?parent=13769"}],"wp:term":[{"taxonomy":"category","embeddable":true,"href":"https:\/\/www.tribunanf.com.br\/blogdoralfereis\/wp-json\/wp\/v2\/categories?post=13769"},{"taxonomy":"post_tag","embeddable":true,"href":"https:\/\/www.tribunanf.com.br\/blogdoralfereis\/wp-json\/wp\/v2\/tags?post=13769"}],"curies":[{"name":"wp","href":"https:\/\/api.w.org\/{rel}","templated":true}]}}