{"id":13736,"date":"2024-12-18T21:29:41","date_gmt":"2024-12-19T00:29:41","guid":{"rendered":"https:\/\/www.tribunanf.com.br\/blogdoralfereis\/?p=13736"},"modified":"2024-12-18T21:29:41","modified_gmt":"2024-12-19T00:29:41","slug":"estado-do-rio-divulga-calendario-de-pagamento-para-servidores-em-2025-confira","status":"publish","type":"post","link":"https:\/\/www.tribunanf.com.br\/blogdoralfereis\/2024\/12\/18\/estado-do-rio-divulga-calendario-de-pagamento-para-servidores-em-2025-confira\/","title":{"rendered":"Estado do Rio divulga calend\u00e1rio de pagamento para servidores em 2025. Confira"},"content":{"rendered":"<p><img loading=\"lazy\" decoding=\"async\" class=\"aligncenter size-large wp-image-10508\" src=\"https:\/\/www.tribunanf.com.br\/blogdoralfereis\/wp-content\/uploads\/sites\/11\/2022\/11\/palacio-guanabara-2017-32_Easy-Resize.com_-1024x682.jpg\" alt=\"\" width=\"800\" height=\"533\" srcset=\"https:\/\/www.tribunanf.com.br\/blogdoralfereis\/wp-content\/uploads\/sites\/11\/2022\/11\/palacio-guanabara-2017-32_Easy-Resize.com_-1024x682.jpg 1024w, https:\/\/www.tribunanf.com.br\/blogdoralfereis\/wp-content\/uploads\/sites\/11\/2022\/11\/palacio-guanabara-2017-32_Easy-Resize.com_-300x200.jpg 300w, https:\/\/www.tribunanf.com.br\/blogdoralfereis\/wp-content\/uploads\/sites\/11\/2022\/11\/palacio-guanabara-2017-32_Easy-Resize.com_-768x512.jpg 768w, https:\/\/www.tribunanf.com.br\/blogdoralfereis\/wp-content\/uploads\/sites\/11\/2022\/11\/palacio-guanabara-2017-32_Easy-Resize.com_.jpg 1280w\" sizes=\"auto, (max-width: 800px) 100vw, 800px\" \/><\/p>\n<p style=\"text-align: justify;\">O Governo do Estado do Rio de Janeiro divulgou nesta quarta-feira (dia 18) o calend\u00e1rio de pagamentos para os servidores p\u00fablicos estaduais, referente ao ano de 2025. A medida, estabelecida por meio da Portaria SECC\/SUBGEP n\u00ba 04\/2024, garante que os sal\u00e1rios de aproximadamente 420 mil servidores ativos, inativos, pensionistas e empregados de empresas p\u00fablicas estaduais ser\u00e3o pagos at\u00e9 o terceiro dia \u00fatil do m\u00eas subsequente \u00e0 compet\u00eancia do pagamento. Veja o calend\u00e1rio completo ao fim da mat\u00e9ria.<\/p>\n<p style=\"text-align: justify;\">A norma, que j\u00e1 \u00e9 uma pr\u00e1tica estabelecida nos \u00faltimos tr\u00eas anos, visa assegurar a regularidade dos pagamentos, oferecendo previsibilidade para os servidores p\u00fablicos.<\/p>\n<p style=\"text-align: justify;\">A portaria esclarece que a regra geral n\u00e3o se aplica a \u00f3rg\u00e3os e entidades que, por disposi\u00e7\u00f5es espec\u00edficas, possuam datas de pagamento anteriores ao terceiro dia \u00fatil do m\u00eas subsequente. Isso significa que, para essas institui\u00e7\u00f5es, o pagamento pode ocorrer antes do prazo estabelecido no calend\u00e1rio, conforme normas internas.<\/p>\n<p style=\"text-align: justify;\">Objetivo da medida<br \/>\nO calend\u00e1rio tem como finalidade oferecer uma maior organiza\u00e7\u00e3o nos pagamentos dos servidores estaduais, proporcionando seguran\u00e7a financeira para os benefici\u00e1rios e possibilitando um melhor planejamento por parte dos \u00f3rg\u00e3os respons\u00e1veis pela gest\u00e3o de pessoal, segundo o governo.<\/p>\n<p style=\"text-align: justify;\">A Secretaria de Estado da Casa Civil, por meio da Subsecretaria de Gest\u00e3o de Pessoas, foi a respons\u00e1vel pela publica\u00e7\u00e3o do documento, que agora entra em vigor.<\/p>\n<p style=\"text-align: justify;\">Conforme o calend\u00e1rio publicado, os pagamentos seguir\u00e3o o cronograma abaixo:<\/p>\n<p class=\"mc-column show-table__title\" style=\"text-align: justify;\">Calend\u00e1rio de pagamentos<\/p>\n<div class=\"show-table__centralized\">\n<div class=\"show-table__container\" style=\"text-align: justify;\">\n<table class=\"show-table__content\n show-table__content--highlight-top show-table__content--highlight-left        \"><\/p>\n<tbody>\n<tr>\n<td>M\u00caS DE REFER\u00caNCIA<\/td>\n<td>DATA DE PAGAMENTO<\/td>\n<\/tr>\n<tr>\n<td>Janeiro<\/td>\n<td>05\/02\/2025<\/td>\n<\/tr>\n<tr>\n<td>Fevereiro<\/td>\n<td>06\/03\/2025<\/td>\n<\/tr>\n<tr>\n<td>Mar\u00e7o<\/td>\n<td>03\/04\/2025<\/td>\n<\/tr>\n<tr>\n<td>Abril<\/td>\n<td>06\/05\/2025<\/td>\n<\/tr>\n<tr>\n<td>Maio<\/td>\n<td>04\/06\/2025<\/td>\n<\/tr>\n<tr>\n<td>13\u00ba (50%)<\/td>\n<td>30\/06\/2025<\/td>\n<\/tr>\n<tr>\n<td>Junho<\/td>\n<td>03\/07\/2025<\/td>\n<\/tr>\n<tr>\n<td>Julho<\/td>\n<td>05\/08\/2025<\/td>\n<\/tr>\n<tr>\n<td>Agosto<\/td>\n<td>03\/09\/2025<\/td>\n<\/tr>\n<tr>\n<td>Setembro<\/td>\n<td>03\/10\/2025<\/td>\n<\/tr>\n<tr>\n<td>Outubro<\/td>\n<td>05\/11\/2025<\/td>\n<\/tr>\n<tr>\n<td>Novembro<\/td>\n<td>03\/12\/2025<\/td>\n<\/tr>\n<tr>\n<td>13\u00ba (50%)<\/td>\n<td>19\/12\/2025<\/td>\n<\/tr>\n<tr>\n<td>Dezembro<\/td>\n<td>06\/01\/2026<\/td>\n<\/tr>\n<\/tbody>\n<\/table>\n<\/div>\n<div class=\"show-table__footer\">\n<div class=\"show-table__source\" style=\"text-align: justify;\">Fonte: Di\u00e1rio Oficial do Estado do Rio de Janeiro<\/div>\n<\/div>\n<\/div>\n","protected":false},"excerpt":{"rendered":"<p>O Governo do Estado do Rio de Janeiro divulgou nesta quarta-feira (dia 18) o calend\u00e1rio de pagamentos para os servidores&#8230;<\/p>\n","protected":false},"author":2,"featured_media":10508,"comment_status":"open","ping_status":"open","sticky":false,"template":"","format":"standard","meta":{"colormag_page_container_layout":"default_layout","colormag_page_sidebar_layout":"default_layout","jetpack_post_was_ever_published":false,"_jetpack_newsletter_access":"","_jetpack_dont_email_post_to_subs":false,"_jetpack_newsletter_tier_id":0,"_jetpack_memberships_contains_paywalled_content":false,"_jetpack_memberships_contains_paid_content":false,"footnotes":""},"categories":[2],"tags":[],"class_list":["post-13736","post","type-post","status-publish","format-standard","has-post-thumbnail","hentry","category-politica"],"jetpack_featured_media_url":"https:\/\/www.tribunanf.com.br\/blogdoralfereis\/wp-content\/uploads\/sites\/11\/2022\/11\/palacio-guanabara-2017-32_Easy-Resize.com_.jpg","jetpack_sharing_enabled":true,"_links":{"self":[{"href":"https:\/\/www.tribunanf.com.br\/blogdoralfereis\/wp-json\/wp\/v2\/posts\/13736","targetHints":{"allow":["GET"]}}],"collection":[{"href":"https:\/\/www.tribunanf.com.br\/blogdoralfereis\/wp-json\/wp\/v2\/posts"}],"about":[{"href":"https:\/\/www.tribunanf.com.br\/blogdoralfereis\/wp-json\/wp\/v2\/types\/post"}],"author":[{"embeddable":true,"href":"https:\/\/www.tribunanf.com.br\/blogdoralfereis\/wp-json\/wp\/v2\/users\/2"}],"replies":[{"embeddable":true,"href":"https:\/\/www.tribunanf.com.br\/blogdoralfereis\/wp-json\/wp\/v2\/comments?post=13736"}],"version-history":[{"count":0,"href":"https:\/\/www.tribunanf.com.br\/blogdoralfereis\/wp-json\/wp\/v2\/posts\/13736\/revisions"}],"wp:featuredmedia":[{"embeddable":true,"href":"https:\/\/www.tribunanf.com.br\/blogdoralfereis\/wp-json\/wp\/v2\/media\/10508"}],"wp:attachment":[{"href":"https:\/\/www.tribunanf.com.br\/blogdoralfereis\/wp-json\/wp\/v2\/media?parent=13736"}],"wp:term":[{"taxonomy":"category","embeddable":true,"href":"https:\/\/www.tribunanf.com.br\/blogdoralfereis\/wp-json\/wp\/v2\/categories?post=13736"},{"taxonomy":"post_tag","embeddable":true,"href":"https:\/\/www.tribunanf.com.br\/blogdoralfereis\/wp-json\/wp\/v2\/tags?post=13736"}],"curies":[{"name":"wp","href":"https:\/\/api.w.org\/{rel}","templated":true}]}}