{"id":13707,"date":"2024-12-10T16:14:15","date_gmt":"2024-12-10T19:14:15","guid":{"rendered":"https:\/\/www.tribunanf.com.br\/blogdoralfereis\/?p=13707"},"modified":"2024-12-10T16:47:42","modified_gmt":"2024-12-10T19:47:42","slug":"tce-rj-suspende-licitacao-de-quase-r-800-milhoes-do-instituto-estadual-de-engenharia-e-arquitetura","status":"publish","type":"post","link":"https:\/\/www.tribunanf.com.br\/blogdoralfereis\/2024\/12\/10\/tce-rj-suspende-licitacao-de-quase-r-800-milhoes-do-instituto-estadual-de-engenharia-e-arquitetura\/","title":{"rendered":"TCE-RJ suspende licita\u00e7\u00e3o de quase R$ 800 milh\u00f5es do Instituto Estadual de Engenharia e Arquitetura"},"content":{"rendered":"<p><img loading=\"lazy\" decoding=\"async\" class=\"aligncenter size-large wp-image-11756\" src=\"https:\/\/www.tribunanf.com.br\/blogdoralfereis\/wp-content\/uploads\/sites\/11\/2023\/10\/a_palacio_guanabara_Easy-Resize.com_-1024x590.jpg\" alt=\"\" width=\"800\" height=\"461\" srcset=\"https:\/\/www.tribunanf.com.br\/blogdoralfereis\/wp-content\/uploads\/sites\/11\/2023\/10\/a_palacio_guanabara_Easy-Resize.com_-1024x590.jpg 1024w, https:\/\/www.tribunanf.com.br\/blogdoralfereis\/wp-content\/uploads\/sites\/11\/2023\/10\/a_palacio_guanabara_Easy-Resize.com_-300x173.jpg 300w, https:\/\/www.tribunanf.com.br\/blogdoralfereis\/wp-content\/uploads\/sites\/11\/2023\/10\/a_palacio_guanabara_Easy-Resize.com_-768x443.jpg 768w, https:\/\/www.tribunanf.com.br\/blogdoralfereis\/wp-content\/uploads\/sites\/11\/2023\/10\/a_palacio_guanabara_Easy-Resize.com_.jpg 1280w\" sizes=\"auto, (max-width: 800px) 100vw, 800px\" \/><\/p>\n<p style=\"text-align: justify;\">O Tribunal de Contas do Estado do Rio de Janeiro suspendeu, nesta ter\u00e7a-feira (10),\u00a0 uma licita\u00e7\u00e3o de quase R$ 800 milh\u00f5es do Instituto Estadual de Engenharia e Arquitetura do Estado do Rio de Janeiro- IEEA\/RJ no \u00e2mbito do processo licitat\u00f3rio relativo ao Preg\u00e3o Eletr\u00f4nico n\u00ba 02\/2024, que tem como objeto o Registro de Pre\u00e7os para contrata\u00e7\u00e3o de empresa especializada para presta\u00e7\u00e3o de servi\u00e7os de apoio t\u00e9cnico para opera\u00e7\u00e3o e gerenciamento do laborat\u00f3rio de estudos de tecnologia Bim (Labim-RJ). O valor estimado \u00e9 de R$ 782.072.906,00 (setecentos e oitenta e dois milh\u00f5es, setenta e dois mil, novecentos e seis reais).<\/p>\n<p style=\"text-align: justify;\">A decis\u00e3o \u00e9 do Conselheiro Christiano Lacerda Ghuerren, que acolheu uma Representa\u00e7\u00e3o do deputado Alan Lopes.<\/p>\n<p style=\"text-align: justify;\">O deputado alegou \u201cque o objeto do processo licitat\u00f3rio ora combatido j\u00e1 teria sido implementado no \u00e2mbito do IEEA-RJ, afirmando que apurou que \u00f3rg\u00e3os estaduais realizam de forma recorrente contrata\u00e7\u00f5es de empresas privadas para implementa\u00e7\u00e3o da tecnologia BIM em seus projetos de engenharia, contrata\u00e7\u00f5es e descentraliza\u00e7\u00f5es de recursos milion\u00e1rios, violando a efici\u00eancia dos gastos p\u00fablicos e a economicidade nas contrata\u00e7\u00f5es p\u00fablicas, o que pode gerar uma grave les\u00e3o ao er\u00e1rio e a piora das contas p\u00fablicas estaduais, em desacordo com o Regime de Recupera\u00e7\u00e3o Fiscal, ao qual o Estado do Rio de Janeiro est\u00e1 submetido.<\/p>\n<p style=\"text-align: justify;\">Acrescenta o Representante que o sistema de Registro de Pre\u00e7os n\u00e3o seria o ideal para contrata\u00e7\u00f5es de grande valor, que devem ser planejadas com maior precis\u00e3o.\u201d<\/p>\n<p>Em setembro, a coluna Transpar\u00eancia, do site<strong> Tempo Real<\/strong>, alertou sobre a licita\u00e7\u00e3o (<a href=\"https:\/\/temporealrj.com\/cade-a-crise-estado-lanca-edital-de-quase-r-800-milhoes\/\" target=\"_blank\" rel=\"noopener\">aqui<\/a>).<\/p>\n<p style=\"text-align: justify;\">Na decis\u00e3o, o Conselheiro verificou a possibilidade de ocorr\u00eancia de grave dano ao er\u00e1rio a continuidade do procedimento licitat\u00f3rio.<\/p>\n<p style=\"text-align: justify;\">&#8220;<em>&#8230;Nesse contexto, considerando que a futura contrata\u00e7\u00e3o, decorrente do processo licitat\u00f3rio ora combatido, representa uma continuidade dos servi\u00e7os objeto do Contrato n\u00ba 01\/2021 cuja execu\u00e7\u00e3o n\u00e3o foi efetivamente demonstrada pelo pr\u00f3prio IEEA., al\u00e9m de estar sendo adotada modalidade licitat\u00f3ria (sistema de Registro de Pre\u00e7os) que n\u00e3o se mostra adequada para o servi\u00e7o em quest\u00e3o, entendo demonstrada a probabilidade do direito.<\/em><\/p>\n<p style=\"text-align: justify;\"><strong><em>Ante a possibilidade de ocorr\u00eancia de grave dano ao er\u00e1rio na continuidade do processo licitat\u00f3rio em quest\u00e3o, entendo demonstrado o requisito do periculum in mora, raz\u00e3o pela qual reputo necess\u00e1ria, com fundamento no poder geral de cautela, que seja determinado ao Jurisdicionado que n\u00e3o d\u00ea continuidade ao processo licitat\u00f3rio conduzido no SEI-330004\/000208\/2024 at\u00e9 o julgamento de m\u00e9rito da Representa\u00e7\u00e3o em tela<\/em><\/strong>.&#8221;, decidiu.<\/p>\n<p style=\"text-align: justify;\">Confira \u00e0 \u00edntegra da decis\u00e3o: <a href=\"https:\/\/www.tribunanf.com.br\/blogdoralfereis\/wp-content\/uploads\/sites\/11\/2024\/12\/Decisao-Monocratica-Processo-111207_6_2024-suspensao-licitacao-R-800-milhoes-IEEARJ.pdf\">Decisao Monocr\u00e1tica &#8211; Processo 111207_6_2024 &#8211; suspens\u00e3o licita\u00e7\u00e3o R$ 800 milh\u00f5es IEEARJ<\/a><\/p>\n","protected":false},"excerpt":{"rendered":"<p>O Tribunal de Contas do Estado do Rio de Janeiro suspendeu, nesta ter\u00e7a-feira (10),\u00a0 uma licita\u00e7\u00e3o de quase R$ 800&#8230;<\/p>\n","protected":false},"author":2,"featured_media":11756,"comment_status":"open","ping_status":"open","sticky":false,"template":"","format":"standard","meta":{"colormag_page_container_layout":"default_layout","colormag_page_sidebar_layout":"default_layout","jetpack_post_was_ever_published":false,"_jetpack_newsletter_access":"","_jetpack_dont_email_post_to_subs":false,"_jetpack_newsletter_tier_id":0,"_jetpack_memberships_contains_paywalled_content":false,"_jetpack_memberships_contains_paid_content":false,"footnotes":""},"categories":[2],"tags":[],"class_list":["post-13707","post","type-post","status-publish","format-standard","has-post-thumbnail","hentry","category-politica"],"jetpack_featured_media_url":"https:\/\/www.tribunanf.com.br\/blogdoralfereis\/wp-content\/uploads\/sites\/11\/2023\/10\/a_palacio_guanabara_Easy-Resize.com_.jpg","jetpack_sharing_enabled":true,"_links":{"self":[{"href":"https:\/\/www.tribunanf.com.br\/blogdoralfereis\/wp-json\/wp\/v2\/posts\/13707","targetHints":{"allow":["GET"]}}],"collection":[{"href":"https:\/\/www.tribunanf.com.br\/blogdoralfereis\/wp-json\/wp\/v2\/posts"}],"about":[{"href":"https:\/\/www.tribunanf.com.br\/blogdoralfereis\/wp-json\/wp\/v2\/types\/post"}],"author":[{"embeddable":true,"href":"https:\/\/www.tribunanf.com.br\/blogdoralfereis\/wp-json\/wp\/v2\/users\/2"}],"replies":[{"embeddable":true,"href":"https:\/\/www.tribunanf.com.br\/blogdoralfereis\/wp-json\/wp\/v2\/comments?post=13707"}],"version-history":[{"count":0,"href":"https:\/\/www.tribunanf.com.br\/blogdoralfereis\/wp-json\/wp\/v2\/posts\/13707\/revisions"}],"wp:featuredmedia":[{"embeddable":true,"href":"https:\/\/www.tribunanf.com.br\/blogdoralfereis\/wp-json\/wp\/v2\/media\/11756"}],"wp:attachment":[{"href":"https:\/\/www.tribunanf.com.br\/blogdoralfereis\/wp-json\/wp\/v2\/media?parent=13707"}],"wp:term":[{"taxonomy":"category","embeddable":true,"href":"https:\/\/www.tribunanf.com.br\/blogdoralfereis\/wp-json\/wp\/v2\/categories?post=13707"},{"taxonomy":"post_tag","embeddable":true,"href":"https:\/\/www.tribunanf.com.br\/blogdoralfereis\/wp-json\/wp\/v2\/tags?post=13707"}],"curies":[{"name":"wp","href":"https:\/\/api.w.org\/{rel}","templated":true}]}}