{"id":13704,"date":"2024-12-09T11:09:28","date_gmt":"2024-12-09T14:09:28","guid":{"rendered":"https:\/\/www.tribunanf.com.br\/blogdoralfereis\/?p=13704"},"modified":"2024-12-09T11:09:28","modified_gmt":"2024-12-09T14:09:28","slug":"claudio-castro-transfere-mais-r-12-bilhao-da-previdencia-para-pagar-dividas-com-a-uniao","status":"publish","type":"post","link":"https:\/\/www.tribunanf.com.br\/blogdoralfereis\/2024\/12\/09\/claudio-castro-transfere-mais-r-12-bilhao-da-previdencia-para-pagar-dividas-com-a-uniao\/","title":{"rendered":"Cl\u00e1udio Castro transfere mais R$ 1,2 bilh\u00e3o da previd\u00eancia para pagar d\u00edvidas com a Uni\u00e3o"},"content":{"rendered":"<p><img loading=\"lazy\" decoding=\"async\" class=\"aligncenter size-large wp-image-10993\" src=\"https:\/\/www.tribunanf.com.br\/blogdoralfereis\/wp-content\/uploads\/sites\/11\/2023\/03\/castro_Easy-Resize.com-6-1024x566.jpg\" alt=\"\" width=\"800\" height=\"442\" srcset=\"https:\/\/www.tribunanf.com.br\/blogdoralfereis\/wp-content\/uploads\/sites\/11\/2023\/03\/castro_Easy-Resize.com-6-1024x566.jpg 1024w, https:\/\/www.tribunanf.com.br\/blogdoralfereis\/wp-content\/uploads\/sites\/11\/2023\/03\/castro_Easy-Resize.com-6-300x166.jpg 300w, https:\/\/www.tribunanf.com.br\/blogdoralfereis\/wp-content\/uploads\/sites\/11\/2023\/03\/castro_Easy-Resize.com-6-768x424.jpg 768w, https:\/\/www.tribunanf.com.br\/blogdoralfereis\/wp-content\/uploads\/sites\/11\/2023\/03\/castro_Easy-Resize.com-6.jpg 1280w\" sizes=\"auto, (max-width: 800px) 100vw, 800px\" \/><\/p>\n<p style=\"text-align: justify;\">O governador Cl\u00e1udio Castro (PL) publicou, no Di\u00e1rio Oficial desta segunda-feira (09), mais um decreto remanejando recursos do Fundo \u00danico de Previd\u00eancia Social (RioPrevid\u00eancia) para a D\u00edvida P\u00fablica do Estado. Desta vez, foi R$ 1,2 bilh\u00e3o. Em novembro, ele j\u00e1 havia transferido R$ 2,7 bilh\u00f5es.<\/p>\n<p style=\"text-align: justify;\">Em setembro, o governador baixou dois decretos determinando que o dinheiro dos royalties e participa\u00e7\u00e3o especial destinados ao RioPrevid\u00eancia seriam transferidos para o Tesouro Estadual, com o objetivo de pagar parcelas da d\u00edvida com a Uni\u00e3o. Com base nos decretos, no total, ele vai poder remanejar at\u00e9 R$ 4,9 bilh\u00f5es. At\u00e9 agora, j\u00e1 foram R$ 3,9 bilh\u00f5es. Esse dinheiro deveria ser usado no pagamento de aposentadorias, pens\u00f5es e outros benef\u00edcios ao funcionalismo fluminense.<\/p>\n<p style=\"text-align: justify;\">Depois da primeira transfer\u00eancia, deputados de oposi\u00e7\u00e3o na Assembleia Legislativa acionaram o governador na Justi\u00e7a por conta da manobra, que consideraram ilegal. A a\u00e7\u00e3o foi protocolada na Vara de Fazenda P\u00fablica e pede a suspens\u00e3o do ato. O Minist\u00e9rio P\u00fablico e o Tribunal de Contas do Estado (TCE) tamb\u00e9m foram acionados e tomaram provid\u00eancias semelhantes. Acontece que nenhuma a\u00e7\u00e3o foi julgada at\u00e9 agora.<\/p>\n<p style=\"text-align: justify;\">Com os decretos em vigor, Castro, com dificuldade de fechar as contas de 2024, j\u00e1 fez os dois primeiros remanejamentos.<\/p>\n<p style=\"text-align: justify;\">Fonte: Coluna de Berenice Seara, do site Tempo Real<\/p>\n","protected":false},"excerpt":{"rendered":"<p>O governador Cl\u00e1udio Castro (PL) publicou, no Di\u00e1rio Oficial desta segunda-feira (09), mais um decreto remanejando recursos do Fundo \u00danico&#8230;<\/p>\n","protected":false},"author":2,"featured_media":10993,"comment_status":"open","ping_status":"open","sticky":false,"template":"","format":"standard","meta":{"colormag_page_container_layout":"default_layout","colormag_page_sidebar_layout":"default_layout","jetpack_post_was_ever_published":false,"_jetpack_newsletter_access":"","_jetpack_dont_email_post_to_subs":false,"_jetpack_newsletter_tier_id":0,"_jetpack_memberships_contains_paywalled_content":false,"_jetpack_memberships_contains_paid_content":false,"footnotes":""},"categories":[2],"tags":[],"class_list":["post-13704","post","type-post","status-publish","format-standard","has-post-thumbnail","hentry","category-politica"],"jetpack_featured_media_url":"https:\/\/www.tribunanf.com.br\/blogdoralfereis\/wp-content\/uploads\/sites\/11\/2023\/03\/castro_Easy-Resize.com-6.jpg","jetpack_sharing_enabled":true,"_links":{"self":[{"href":"https:\/\/www.tribunanf.com.br\/blogdoralfereis\/wp-json\/wp\/v2\/posts\/13704","targetHints":{"allow":["GET"]}}],"collection":[{"href":"https:\/\/www.tribunanf.com.br\/blogdoralfereis\/wp-json\/wp\/v2\/posts"}],"about":[{"href":"https:\/\/www.tribunanf.com.br\/blogdoralfereis\/wp-json\/wp\/v2\/types\/post"}],"author":[{"embeddable":true,"href":"https:\/\/www.tribunanf.com.br\/blogdoralfereis\/wp-json\/wp\/v2\/users\/2"}],"replies":[{"embeddable":true,"href":"https:\/\/www.tribunanf.com.br\/blogdoralfereis\/wp-json\/wp\/v2\/comments?post=13704"}],"version-history":[{"count":0,"href":"https:\/\/www.tribunanf.com.br\/blogdoralfereis\/wp-json\/wp\/v2\/posts\/13704\/revisions"}],"wp:featuredmedia":[{"embeddable":true,"href":"https:\/\/www.tribunanf.com.br\/blogdoralfereis\/wp-json\/wp\/v2\/media\/10993"}],"wp:attachment":[{"href":"https:\/\/www.tribunanf.com.br\/blogdoralfereis\/wp-json\/wp\/v2\/media?parent=13704"}],"wp:term":[{"taxonomy":"category","embeddable":true,"href":"https:\/\/www.tribunanf.com.br\/blogdoralfereis\/wp-json\/wp\/v2\/categories?post=13704"},{"taxonomy":"post_tag","embeddable":true,"href":"https:\/\/www.tribunanf.com.br\/blogdoralfereis\/wp-json\/wp\/v2\/tags?post=13704"}],"curies":[{"name":"wp","href":"https:\/\/api.w.org\/{rel}","templated":true}]}}