{"id":13687,"date":"2024-11-30T13:29:15","date_gmt":"2024-11-30T16:29:15","guid":{"rendered":"https:\/\/www.tribunanf.com.br\/blogdoralfereis\/?p=13687"},"modified":"2024-11-30T13:29:15","modified_gmt":"2024-11-30T16:29:15","slug":"flavio-bolsonaro-defende-o-nome-de-washington-reis-como-candidato-a-sucessao-de-claudio-castro","status":"publish","type":"post","link":"https:\/\/www.tribunanf.com.br\/blogdoralfereis\/2024\/11\/30\/flavio-bolsonaro-defende-o-nome-de-washington-reis-como-candidato-a-sucessao-de-claudio-castro\/","title":{"rendered":"Fl\u00e1vio Bolsonaro defende o nome de Washington Reis como candidato \u00e0 sucess\u00e3o de Cl\u00e1udio Castro"},"content":{"rendered":"<p><img loading=\"lazy\" decoding=\"async\" class=\"aligncenter size-large wp-image-13688\" src=\"https:\/\/www.tribunanf.com.br\/blogdoralfereis\/wp-content\/uploads\/sites\/11\/2024\/11\/image-14_Easy-Resize.com_-1024x859.jpg\" alt=\"\" width=\"800\" height=\"671\" srcset=\"https:\/\/www.tribunanf.com.br\/blogdoralfereis\/wp-content\/uploads\/sites\/11\/2024\/11\/image-14_Easy-Resize.com_-1024x859.jpg 1024w, https:\/\/www.tribunanf.com.br\/blogdoralfereis\/wp-content\/uploads\/sites\/11\/2024\/11\/image-14_Easy-Resize.com_-300x252.jpg 300w, https:\/\/www.tribunanf.com.br\/blogdoralfereis\/wp-content\/uploads\/sites\/11\/2024\/11\/image-14_Easy-Resize.com_-768x644.jpg 768w, https:\/\/www.tribunanf.com.br\/blogdoralfereis\/wp-content\/uploads\/sites\/11\/2024\/11\/image-14_Easy-Resize.com_.jpg 1280w\" sizes=\"auto, (max-width: 800px) 100vw, 800px\" \/><\/p>\n<p style=\"text-align: justify;\">Por Ricardo Bruno, do Agenda do Poder:<\/p>\n<p style=\"text-align: justify;\">Jabuti n\u00e3o sobe em \u00e1rvore, ensina a met\u00e1fora popular.<\/p>\n<p style=\"text-align: justify;\">N\u00e3o foi por acaso que Washington Reis se sentou ao lado do ex-presidente Jair Bolsonaro na confraterniza\u00e7\u00e3o da centro-direita fluminense promovida pelo deputado Altineu Cortes. O movimento foi estrategicamente calculado pelo filho 01, senador Fl\u00e1vio Bolsonaro, que cedeu o lugar ao ex-prefeito de Duque de Caxias, n\u00e3o sem antes confirmar sua predile\u00e7\u00e3o pelo pol\u00edtico na disputa pela sucess\u00e3o de Cl\u00e1udio Castro.<\/p>\n<p style=\"text-align: justify;\">\u201cVamos deixar aqui ao lado do presidente, nosso futuro governador\u201d, anunciou com entusiasmo o primog\u00eanito, ao que o pai aquiesceu: \u201cSe o Fl\u00e1vio est\u00e1 dizendo, \u00e9 isso ai\u201d.<\/p>\n<p style=\"text-align: justify;\">Em conversas paralelas com amigos e prefeitos, Fl\u00e1vio n\u00e3o escondeu o entusiasmo com a candidatura de Washington. \u201c\u00c9 o melhor nome que temos\u201d, repetiu em v\u00e1rios momentos durante a confraterniza\u00e7\u00e3o.<\/p>\n<p style=\"text-align: justify;\">\u00c0 Agenda do Poder, foi incisivo. \u201cQuem ser\u00e1 o candidato ?, indagou o rep\u00f3rter. A resposta foi direta, sem rodeios: \u201cEu acho que Washington \u00e9 o melhor nome. Se ele resolver o problema dele tem tudo para ser o candidato e vencer. Temos 85 prefeitos, um governador que fez entregas como nenhum outro e o maior cabo eleitoral do Pa\u00eds: Jair Bolsonaro\u201d.<\/p>\n<p style=\"text-align: justify;\">O problema a que se refere Fl\u00e1vio \u00e9 uma condena\u00e7\u00e3o por crime ambiental ocorrida em 2016, \u00e0 \u00e9poca em que Washington era prefeito de Duque de Caxias, por parcelamento do solo em unidade ambiental. Em 2022, a Segunda Turma do Supremo Tribunal Federal (STF) manteve, por 3 votos a 2, a condena\u00e7\u00e3o, fazendo-o abandonar o posto de candidato a vice de Cl\u00e1udio Castro para n\u00e3o contaminar a chapa.<\/p>\n<p style=\"text-align: justify;\">Atual secret\u00e1rio de Transportes de Cl\u00e1udio Castro, W.R. \u2013 alcunha pela qual o pol\u00edtico se autorrefere \u2013 saiu entusiasmado do encontro. Acredita que muito em breve conseguir\u00e1 superar nos tribunais os entraves a sua candidatura.<\/p>\n<p style=\"text-align: justify;\">\u2013 Est\u00e1 na m\u00e3o de Deus. Ele sabe de todas coisas \u2013 profetizou, sem esconder a anima\u00e7\u00e3o: \u201dEstou sim muito animado, vamos com tudo\u201d.<\/p>\n","protected":false},"excerpt":{"rendered":"<p>Por Ricardo Bruno, do Agenda do Poder: Jabuti n\u00e3o sobe em \u00e1rvore, ensina a met\u00e1fora popular. N\u00e3o foi por acaso&#8230;<\/p>\n","protected":false},"author":2,"featured_media":13688,"comment_status":"open","ping_status":"open","sticky":false,"template":"","format":"standard","meta":{"colormag_page_container_layout":"default_layout","colormag_page_sidebar_layout":"default_layout","jetpack_post_was_ever_published":false,"_jetpack_newsletter_access":"","_jetpack_dont_email_post_to_subs":false,"_jetpack_newsletter_tier_id":0,"_jetpack_memberships_contains_paywalled_content":false,"_jetpack_memberships_contains_paid_content":false,"footnotes":""},"categories":[2],"tags":[],"class_list":["post-13687","post","type-post","status-publish","format-standard","has-post-thumbnail","hentry","category-politica"],"jetpack_featured_media_url":"https:\/\/www.tribunanf.com.br\/blogdoralfereis\/wp-content\/uploads\/sites\/11\/2024\/11\/image-14_Easy-Resize.com_.jpg","jetpack_sharing_enabled":true,"_links":{"self":[{"href":"https:\/\/www.tribunanf.com.br\/blogdoralfereis\/wp-json\/wp\/v2\/posts\/13687","targetHints":{"allow":["GET"]}}],"collection":[{"href":"https:\/\/www.tribunanf.com.br\/blogdoralfereis\/wp-json\/wp\/v2\/posts"}],"about":[{"href":"https:\/\/www.tribunanf.com.br\/blogdoralfereis\/wp-json\/wp\/v2\/types\/post"}],"author":[{"embeddable":true,"href":"https:\/\/www.tribunanf.com.br\/blogdoralfereis\/wp-json\/wp\/v2\/users\/2"}],"replies":[{"embeddable":true,"href":"https:\/\/www.tribunanf.com.br\/blogdoralfereis\/wp-json\/wp\/v2\/comments?post=13687"}],"version-history":[{"count":0,"href":"https:\/\/www.tribunanf.com.br\/blogdoralfereis\/wp-json\/wp\/v2\/posts\/13687\/revisions"}],"wp:featuredmedia":[{"embeddable":true,"href":"https:\/\/www.tribunanf.com.br\/blogdoralfereis\/wp-json\/wp\/v2\/media\/13688"}],"wp:attachment":[{"href":"https:\/\/www.tribunanf.com.br\/blogdoralfereis\/wp-json\/wp\/v2\/media?parent=13687"}],"wp:term":[{"taxonomy":"category","embeddable":true,"href":"https:\/\/www.tribunanf.com.br\/blogdoralfereis\/wp-json\/wp\/v2\/categories?post=13687"},{"taxonomy":"post_tag","embeddable":true,"href":"https:\/\/www.tribunanf.com.br\/blogdoralfereis\/wp-json\/wp\/v2\/tags?post=13687"}],"curies":[{"name":"wp","href":"https:\/\/api.w.org\/{rel}","templated":true}]}}