{"id":13676,"date":"2024-11-29T15:12:54","date_gmt":"2024-11-29T18:12:54","guid":{"rendered":"https:\/\/www.tribunanf.com.br\/blogdoralfereis\/?p=13676"},"modified":"2024-11-29T15:12:54","modified_gmt":"2024-11-29T18:12:54","slug":"tce-rj-determina-que-estado-se-abstenha-de-assinar-contrato-para-operacao-das-barcas","status":"publish","type":"post","link":"https:\/\/www.tribunanf.com.br\/blogdoralfereis\/2024\/11\/29\/tce-rj-determina-que-estado-se-abstenha-de-assinar-contrato-para-operacao-das-barcas\/","title":{"rendered":"TCE-RJ determina que Estado se abstenha de assinar contrato para opera\u00e7\u00e3o das Barcas"},"content":{"rendered":"<p><img loading=\"lazy\" decoding=\"async\" class=\"aligncenter size-large wp-image-13677\" src=\"https:\/\/www.tribunanf.com.br\/blogdoralfereis\/wp-content\/uploads\/sites\/11\/2024\/11\/barcas_Easy-Resize.com_-1024x682.jpg\" alt=\"\" width=\"800\" height=\"533\" srcset=\"https:\/\/www.tribunanf.com.br\/blogdoralfereis\/wp-content\/uploads\/sites\/11\/2024\/11\/barcas_Easy-Resize.com_-1024x682.jpg 1024w, https:\/\/www.tribunanf.com.br\/blogdoralfereis\/wp-content\/uploads\/sites\/11\/2024\/11\/barcas_Easy-Resize.com_-300x200.jpg 300w, https:\/\/www.tribunanf.com.br\/blogdoralfereis\/wp-content\/uploads\/sites\/11\/2024\/11\/barcas_Easy-Resize.com_-768x512.jpg 768w, https:\/\/www.tribunanf.com.br\/blogdoralfereis\/wp-content\/uploads\/sites\/11\/2024\/11\/barcas_Easy-Resize.com_.jpg 1280w\" sizes=\"auto, (max-width: 800px) 100vw, 800px\" \/><\/p>\n<p style=\"text-align: justify;\">O Tribunal de Contas do Estado do Rio de Janeiro (TCE-RJ) determinou que a Secretaria de Estado de Transportes e Mobilidade Urbana (Setram) se abstenha de assinar o contrato decorrente da Concorr\u00eancia P\u00fablica para a contrata\u00e7\u00e3o de empresa para presta\u00e7\u00e3o de \u201capoio T\u00e9cnico ao Servi\u00e7o de Transporte Aquavi\u00e1rio de Passageiro no Estado do Rio de Janeiro\u201d. O ac\u00f3rd\u00e3o, proferido na sess\u00e3o plen\u00e1ria realizada em 27 de novembro, atendeu parcialmente a representa\u00e7\u00e3o formulada pela Coordenadoria de Auditoria de Pol\u00edticas em Mobilidade e Urbanismo (CAD-Mobilidade), unidade vinculada \u00e0 Secretaria-Geral de Controle Externo (SGE) e que elencou uma s\u00e9rie de poss\u00edveis irregularidades no procedimento licitat\u00f3rio. A sess\u00e3o p\u00fablica para defini\u00e7\u00e3o do prestador do servi\u00e7o foi realizada em 22 de novembro.<\/p>\n<p style=\"text-align: justify;\">O dispositivo do voto que embasou o ac\u00f3rd\u00e3o resultante de processo relatado pela conselheira Marianna Montebello Willeman destacou dois pontos principais para fundamentar a concess\u00e3o parcial da tutela provis\u00f3ria: a aus\u00eancia de detalhamento e estimativa no edital a respeito da Receita N\u00e3o Operacional Vari\u00e1vel e dos percentuais de compartilhamento de tal receita entre contratada e Estado; e as incongru\u00eancias e irregularidades identificadas pela CAD-Mobilidade quanto ao c\u00e1lculo dos Benef\u00edcios e Despesas Indiretas (BDI) apresentado pela Setram, com potencial de configurar antieconomicidade de, ao menos, R$ 389,7 milh\u00f5es. O titular da Setram tamb\u00e9m dever\u00e1 se manifestar, em at\u00e9 48 horas, acerca das oito poss\u00edveis irregularidades que ensejaram a representa\u00e7\u00e3o formulada.<\/p>\n<p style=\"text-align: justify;\">O ac\u00f3rd\u00e3o proferido, cabe destacar, analisou parte dos esclarecimentos encaminhados pela Setram em 21 de novembro, em atendimento a decis\u00e3o monocr\u00e1tica da conselheira Marianna Willeman de 13 de novembro. O documento havia definido prazo de 72 horas para que a Setram respondesse aos questionamentos levantados pela CAD-Mobilidade. \u00a0Ao todo, a Coordenadoria chamou a aten\u00e7\u00e3o para oito poss\u00edveis irregularidades no certame, como previs\u00e3o irregular de pagamento das milhas n\u00e1uticas n\u00e3o navegadas e otimiza\u00e7\u00e3o das embarca\u00e7\u00f5es utilizadas.<\/p>\n<p style=\"text-align: justify;\">Como parte da argumenta\u00e7\u00e3o para que o contrato n\u00e3o seja assinado reside nos distintos posicionamentos quanto \u00e0 metodologia para exame da economicidade, em fala depois da vota\u00e7\u00e3o, a conselheira-relatora aduziu: \u201cSugeriria fortemente a realiza\u00e7\u00e3o de uma reuni\u00e3o t\u00e9cnica. Seria importante a Setram requerer esse encontro para que essas diverg\u00eancias possam ser melhor endere\u00e7adas por ambas as partes&#8221;.<\/p>\n<p style=\"text-align: justify;\"><a href=\"https:\/\/www.tcerj.tc.br\/portal-tce-webapi\/api\/arquivos\/b3dacfaa-0493-4a20-f376-08dd0f09f990\/download\" target=\"_blank\" rel=\"noopener\"><strong>Confira a \u00edntegra do voto condutor do ac\u00f3rd\u00e3o\u00a0<\/strong><\/a><\/p>\n<p style=\"text-align: justify;\">Leia tamb\u00e9m:<\/p>\n<blockquote class=\"wp-embedded-content\" data-secret=\"5d4OhJqZpQ\"><p><a href=\"https:\/\/www.tribunanf.com.br\/blogdoralfereis\/2024\/11\/13\/tce-rj-aponta-graves-irregularidades-em-licitacao-de-quase-r-2-bilhoes-para-transporte-por-barcas-e-manda-estado-rj-prestar-informacoes\/\">TCE-RJ aponta graves irregularidades em licita\u00e7\u00e3o de quase R$ 2 bilh\u00f5es para transporte por barcas e manda Estado RJ prestar informa\u00e7\u00f5es<\/a><\/p><\/blockquote>\n<p><iframe loading=\"lazy\" class=\"wp-embedded-content\" sandbox=\"allow-scripts\" security=\"restricted\" style=\"position: absolute; visibility: hidden;\" title=\"&#8220;TCE-RJ aponta graves irregularidades em licita\u00e7\u00e3o de quase R$ 2 bilh\u00f5es para transporte por barcas e manda Estado RJ prestar informa\u00e7\u00f5es&#8221; &#8212; Blog do Ralfe Reis\" src=\"https:\/\/www.tribunanf.com.br\/blogdoralfereis\/2024\/11\/13\/tce-rj-aponta-graves-irregularidades-em-licitacao-de-quase-r-2-bilhoes-para-transporte-por-barcas-e-manda-estado-rj-prestar-informacoes\/embed\/#?secret=mNat90Wqgs#?secret=5d4OhJqZpQ\" data-secret=\"5d4OhJqZpQ\" width=\"600\" height=\"338\" frameborder=\"0\" marginwidth=\"0\" marginheight=\"0\" scrolling=\"no\"><\/iframe><\/p>\n","protected":false},"excerpt":{"rendered":"<p>O Tribunal de Contas do Estado do Rio de Janeiro (TCE-RJ) determinou que a Secretaria de Estado de Transportes e&#8230;<\/p>\n","protected":false},"author":2,"featured_media":13677,"comment_status":"open","ping_status":"open","sticky":false,"template":"","format":"standard","meta":{"colormag_page_container_layout":"default_layout","colormag_page_sidebar_layout":"default_layout","jetpack_post_was_ever_published":false,"_jetpack_newsletter_access":"","_jetpack_dont_email_post_to_subs":false,"_jetpack_newsletter_tier_id":0,"_jetpack_memberships_contains_paywalled_content":false,"_jetpack_memberships_contains_paid_content":false,"footnotes":""},"categories":[2],"tags":[],"class_list":["post-13676","post","type-post","status-publish","format-standard","has-post-thumbnail","hentry","category-politica"],"jetpack_featured_media_url":"https:\/\/www.tribunanf.com.br\/blogdoralfereis\/wp-content\/uploads\/sites\/11\/2024\/11\/barcas_Easy-Resize.com_.jpg","jetpack_sharing_enabled":true,"_links":{"self":[{"href":"https:\/\/www.tribunanf.com.br\/blogdoralfereis\/wp-json\/wp\/v2\/posts\/13676","targetHints":{"allow":["GET"]}}],"collection":[{"href":"https:\/\/www.tribunanf.com.br\/blogdoralfereis\/wp-json\/wp\/v2\/posts"}],"about":[{"href":"https:\/\/www.tribunanf.com.br\/blogdoralfereis\/wp-json\/wp\/v2\/types\/post"}],"author":[{"embeddable":true,"href":"https:\/\/www.tribunanf.com.br\/blogdoralfereis\/wp-json\/wp\/v2\/users\/2"}],"replies":[{"embeddable":true,"href":"https:\/\/www.tribunanf.com.br\/blogdoralfereis\/wp-json\/wp\/v2\/comments?post=13676"}],"version-history":[{"count":0,"href":"https:\/\/www.tribunanf.com.br\/blogdoralfereis\/wp-json\/wp\/v2\/posts\/13676\/revisions"}],"wp:featuredmedia":[{"embeddable":true,"href":"https:\/\/www.tribunanf.com.br\/blogdoralfereis\/wp-json\/wp\/v2\/media\/13677"}],"wp:attachment":[{"href":"https:\/\/www.tribunanf.com.br\/blogdoralfereis\/wp-json\/wp\/v2\/media?parent=13676"}],"wp:term":[{"taxonomy":"category","embeddable":true,"href":"https:\/\/www.tribunanf.com.br\/blogdoralfereis\/wp-json\/wp\/v2\/categories?post=13676"},{"taxonomy":"post_tag","embeddable":true,"href":"https:\/\/www.tribunanf.com.br\/blogdoralfereis\/wp-json\/wp\/v2\/tags?post=13676"}],"curies":[{"name":"wp","href":"https:\/\/api.w.org\/{rel}","templated":true}]}}