{"id":13658,"date":"2024-11-20T08:46:41","date_gmt":"2024-11-20T11:46:41","guid":{"rendered":"https:\/\/www.tribunanf.com.br\/blogdoralfereis\/?p=13658"},"modified":"2024-11-20T08:46:41","modified_gmt":"2024-11-20T11:46:41","slug":"governo-rj-vai-suspender-duas-contratacoes-sem-licitacao-da-secretaria-de-desenvolvimento-economico","status":"publish","type":"post","link":"https:\/\/www.tribunanf.com.br\/blogdoralfereis\/2024\/11\/20\/governo-rj-vai-suspender-duas-contratacoes-sem-licitacao-da-secretaria-de-desenvolvimento-economico\/","title":{"rendered":"Governo RJ vai suspender duas contrata\u00e7\u00f5es sem licita\u00e7\u00e3o da Secretaria de Desenvolvimento Econ\u00f4mico"},"content":{"rendered":"<p><img loading=\"lazy\" decoding=\"async\" class=\"aligncenter size-large wp-image-10508\" src=\"https:\/\/www.tribunanf.com.br\/blogdoralfereis\/wp-content\/uploads\/sites\/11\/2022\/11\/palacio-guanabara-2017-32_Easy-Resize.com_-1024x682.jpg\" alt=\"\" width=\"800\" height=\"533\" srcset=\"https:\/\/www.tribunanf.com.br\/blogdoralfereis\/wp-content\/uploads\/sites\/11\/2022\/11\/palacio-guanabara-2017-32_Easy-Resize.com_-1024x682.jpg 1024w, https:\/\/www.tribunanf.com.br\/blogdoralfereis\/wp-content\/uploads\/sites\/11\/2022\/11\/palacio-guanabara-2017-32_Easy-Resize.com_-300x200.jpg 300w, https:\/\/www.tribunanf.com.br\/blogdoralfereis\/wp-content\/uploads\/sites\/11\/2022\/11\/palacio-guanabara-2017-32_Easy-Resize.com_-768x512.jpg 768w, https:\/\/www.tribunanf.com.br\/blogdoralfereis\/wp-content\/uploads\/sites\/11\/2022\/11\/palacio-guanabara-2017-32_Easy-Resize.com_.jpg 1280w\" sizes=\"auto, (max-width: 800px) 100vw, 800px\" \/><\/p>\n<p style=\"text-align: justify;\">O governo do estado informou que n\u00e3o vai permitir a execu\u00e7\u00e3o de duas contrata\u00e7\u00f5es, sem licita\u00e7\u00e3o, fechadas recentemente pela<a href=\"https:\/\/www.rj.gov.br\/desenvolvimentoeconomico\/\" target=\"_blank\" rel=\"noopener\">\u00a0Secretaria estadual de Desenvolvimento Econ\u00f4mico, Ind\u00fastria e Com\u00e9rcio<\/a><a href=\"https:\/\/www.instagram.com\/sedeerirj\/\" target=\"_blank\" rel=\"noreferrer noopener\">.\u00a0<\/a>Numa delas, a pasta\u00a0<a href=\"https:\/\/temporealrj.com\/sem-licitacao-estado-vai-pagar-r-56-milhoes-por-servicos-de-consultoria-e-criacao-de-premios\/\" target=\"_blank\" rel=\"noopener\">destinou R$ 5,6 milh\u00f5es ao\u00a0Instituto Brasileiro de Administra\u00e7\u00e3o P\u00fablica\u00a0(Ibap)\u00a0<\/a>para presta\u00e7\u00e3o de servi\u00e7os de consultoria. O contrato prev\u00ea assessoria t\u00e9cnica, capacita\u00e7\u00e3o, mentoria e treinamento em gest\u00e3o p\u00fablica, al\u00e9m da cria\u00e7\u00e3o de a\u00e7\u00f5es e pr\u00eamios que promovam economia solid\u00e1ria, desenvolvimento sustent\u00e1vel e neg\u00f3cios com impacto social e ambiental.<\/p>\n<p style=\"text-align: justify;\">A primeira a chiar foi a deputada Martha Rocha (PDT). Assim que soube,\u00a0<a href=\"https:\/\/temporealrj.com\/martha-rocha-aciona-mp-por-contratacao-de-r-56-milhoes-sem-licitacao\/\" target=\"_blank\" rel=\"noopener\">ela acionou os Minist\u00e9rios P\u00fablicos Estadual (MPRJ) e de Contas (MPC)\u00a0<\/a>para que apurem poss\u00edveis irregularidades no contrato.<\/p>\n<p style=\"text-align: justify;\">\u201cA contrata\u00e7\u00e3o realizada sem licita\u00e7\u00e3o levanta preocupa\u00e7\u00f5es quanto \u00e0 sua conformidade com a legisla\u00e7\u00e3o vigente e suscita questionamentos sobre os motivos que fundamentaram a dispensa. \u00c9 necess\u00e1ria uma investiga\u00e7\u00e3o detalhada para garantir que n\u00e3o houve superfaturamento ou favorecimento indevido\u201d, disse a deputada, em nota.<\/p>\n<p style=\"text-align: justify;\">Mas, em seguida, a pasta firmou contrato, tamb\u00e9m por dispensa de licita\u00e7\u00e3o, no valor de R$ 12 milh\u00f5es com o Instituto Besouro. Desta vez, para capacita\u00e7\u00e3o profissional e empreendedorismo de pessoas em situa\u00e7\u00e3o de vulnerabilidade s\u00f3cio-econ\u00f4mica.<\/p>\n<p style=\"text-align: justify;\">A justificativa apresentada foi a urg\u00eancia em \u201cpromover a inclus\u00e3o social e econ\u00f4mica de grupos vulner\u00e1veis atrav\u00e9s do investimento em capacita\u00e7\u00e3o e empreendedorismo\u201d. S\u00e3o listadas, ainda, a necessidade de enfrentar o alto desemprego e fomentar inclus\u00e3o social e econ\u00f4mica de jovens, mulheres v\u00edtimas de viol\u00eancia, pessoas em situa\u00e7\u00e3o de rua e idosos.<\/p>\n<p style=\"text-align: justify;\">Foi a gota d\u2019\u00e1gua. O governo do estado informou que n\u00e3o vai permitir a execu\u00e7\u00e3o dos dois contratos sem que haja, antes, uma revis\u00e3o dos termos.<\/p>\n<p style=\"text-align: justify;\">E avisou tamb\u00e9m que a partir de agora, todas as dispensas de licita\u00e7\u00e3o passar\u00e3o por um pente fino.<\/p>\n<p style=\"text-align: justify;\">Fonte: Coluna de Berenice Seara, de Tempo Real<\/p>\n","protected":false},"excerpt":{"rendered":"<p>O governo do estado informou que n\u00e3o vai permitir a execu\u00e7\u00e3o de duas contrata\u00e7\u00f5es, sem licita\u00e7\u00e3o, fechadas recentemente pela\u00a0Secretaria estadual&#8230;<\/p>\n","protected":false},"author":2,"featured_media":10508,"comment_status":"open","ping_status":"open","sticky":false,"template":"","format":"standard","meta":{"colormag_page_container_layout":"default_layout","colormag_page_sidebar_layout":"default_layout","jetpack_post_was_ever_published":false,"_jetpack_newsletter_access":"","_jetpack_dont_email_post_to_subs":false,"_jetpack_newsletter_tier_id":0,"_jetpack_memberships_contains_paywalled_content":false,"_jetpack_memberships_contains_paid_content":false,"footnotes":""},"categories":[2],"tags":[],"class_list":["post-13658","post","type-post","status-publish","format-standard","has-post-thumbnail","hentry","category-politica"],"jetpack_featured_media_url":"https:\/\/www.tribunanf.com.br\/blogdoralfereis\/wp-content\/uploads\/sites\/11\/2022\/11\/palacio-guanabara-2017-32_Easy-Resize.com_.jpg","jetpack_sharing_enabled":true,"_links":{"self":[{"href":"https:\/\/www.tribunanf.com.br\/blogdoralfereis\/wp-json\/wp\/v2\/posts\/13658","targetHints":{"allow":["GET"]}}],"collection":[{"href":"https:\/\/www.tribunanf.com.br\/blogdoralfereis\/wp-json\/wp\/v2\/posts"}],"about":[{"href":"https:\/\/www.tribunanf.com.br\/blogdoralfereis\/wp-json\/wp\/v2\/types\/post"}],"author":[{"embeddable":true,"href":"https:\/\/www.tribunanf.com.br\/blogdoralfereis\/wp-json\/wp\/v2\/users\/2"}],"replies":[{"embeddable":true,"href":"https:\/\/www.tribunanf.com.br\/blogdoralfereis\/wp-json\/wp\/v2\/comments?post=13658"}],"version-history":[{"count":0,"href":"https:\/\/www.tribunanf.com.br\/blogdoralfereis\/wp-json\/wp\/v2\/posts\/13658\/revisions"}],"wp:featuredmedia":[{"embeddable":true,"href":"https:\/\/www.tribunanf.com.br\/blogdoralfereis\/wp-json\/wp\/v2\/media\/10508"}],"wp:attachment":[{"href":"https:\/\/www.tribunanf.com.br\/blogdoralfereis\/wp-json\/wp\/v2\/media?parent=13658"}],"wp:term":[{"taxonomy":"category","embeddable":true,"href":"https:\/\/www.tribunanf.com.br\/blogdoralfereis\/wp-json\/wp\/v2\/categories?post=13658"},{"taxonomy":"post_tag","embeddable":true,"href":"https:\/\/www.tribunanf.com.br\/blogdoralfereis\/wp-json\/wp\/v2\/tags?post=13658"}],"curies":[{"name":"wp","href":"https:\/\/api.w.org\/{rel}","templated":true}]}}