{"id":13648,"date":"2024-11-11T09:48:36","date_gmt":"2024-11-11T12:48:36","guid":{"rendered":"https:\/\/www.tribunanf.com.br\/blogdoralfereis\/?p=13648"},"modified":"2024-11-11T09:48:36","modified_gmt":"2024-11-11T12:48:36","slug":"chamado-de-claudio-castro-o-fraco-governador-rebate-pedro-paulo-robin-atras-do-batman","status":"publish","type":"post","link":"https:\/\/www.tribunanf.com.br\/blogdoralfereis\/2024\/11\/11\/chamado-de-claudio-castro-o-fraco-governador-rebate-pedro-paulo-robin-atras-do-batman\/","title":{"rendered":"Chamado de &#8216;Cl\u00e1udio Castro, o fraco&#8217;, governador rebate Pedro Paulo: &#8216;Robin atr\u00e1s do Batman&#8217;"},"content":{"rendered":"<figure id=\"attachment_13649\" aria-describedby=\"caption-attachment-13649\" style=\"width: 800px\" class=\"wp-caption aligncenter\"><img loading=\"lazy\" decoding=\"async\" class=\"size-large wp-image-13649\" src=\"https:\/\/www.tribunanf.com.br\/blogdoralfereis\/wp-content\/uploads\/sites\/11\/2024\/11\/claudio-pedro_Easy-Resize.com_-1024x682.jpg\" alt=\"\" width=\"800\" height=\"533\" srcset=\"https:\/\/www.tribunanf.com.br\/blogdoralfereis\/wp-content\/uploads\/sites\/11\/2024\/11\/claudio-pedro_Easy-Resize.com_-1024x682.jpg 1024w, https:\/\/www.tribunanf.com.br\/blogdoralfereis\/wp-content\/uploads\/sites\/11\/2024\/11\/claudio-pedro_Easy-Resize.com_-300x200.jpg 300w, https:\/\/www.tribunanf.com.br\/blogdoralfereis\/wp-content\/uploads\/sites\/11\/2024\/11\/claudio-pedro_Easy-Resize.com_-768x512.jpg 768w, https:\/\/www.tribunanf.com.br\/blogdoralfereis\/wp-content\/uploads\/sites\/11\/2024\/11\/claudio-pedro_Easy-Resize.com_.jpg 1280w\" sizes=\"auto, (max-width: 800px) 100vw, 800px\" \/><figcaption id=\"caption-attachment-13649\" class=\"wp-caption-text\">Cl\u00e1udio Castro e Pedro Paulo: farpas na pol\u00edtica do Rio \u2014 Foto: Brenno Carvalho\/Ag. O Globo e Divulga\u00e7\u00e3o<\/figcaption><\/figure>\n<p style=\"text-align: justify;\">Pedro Paulo, principal aliado pol\u00edtico de Eduardo Paes no Rio, chamou o governador do estado de \u201cCl\u00e1udio Castro, o fraco\u201d, em entrevista aos jornalistas Caio Sartori e Thiago Prado. A declara\u00e7\u00e3o, que foi publicada hoje e irritou Castro, tinha como pano de fundo a disputa pela cadeira dele nas elei\u00e7\u00f5es de 2026 \u2014 Paes, incentivado por Pedro Paulo, \u00e9 um candidato em potencial.<\/p>\n<p style=\"text-align: justify;\">A informa\u00e7\u00e3o \u00e9 do blog do Lauro Jardim.<\/p>\n<p style=\"text-align: justify;\">Disse o deputado:<\/p>\n<p style=\"text-align: justify;\">\u2014 Precisamos de um governador com tamanho pol\u00edtico para enfrentar esses problemas (seguran\u00e7a p\u00fablica e a quest\u00e3o fical) (&#8230;). Tivemos dois governadores recentemente: (Wilson) Witzel, o breve, e Cl\u00e1udio Castro, o fraco. N\u00e3o conseguiu enfrentar essas duas dimens\u00f5es.<\/p>\n<p style=\"text-align: justify;\">O governador resolveu rebater Pedro Paulo. O tom \u00e9 alto. E contrap\u00f5e a rela\u00e7\u00e3o pac\u00edfica que os dois costumavam manter, a ponto de Castro ter cogitado, em 2022, transformar o bra\u00e7o-direito de Paes em vice de sua pr\u00f3pria chapa \u00e0 reelei\u00e7\u00e3o no estado. \u00c0 \u00e9poca, a expectativa era que o prefeito tivesse Pedro Paulo como vice, agora em 2024. O movimento foi frustrado diante do poss\u00edvel vazamento de um v\u00eddeo \u00edntimo do parlamentar, que perdeu o lugar na chapa vitoriosa \u00e0 administra\u00e7\u00e3o da capital fluminense.<\/p>\n<p style=\"text-align: justify;\">Castro faz refer\u00eancia indireta ao epis\u00f3dio:<\/p>\n<p style=\"text-align: justify;\">\u2014 O eterno menino Robin, tamb\u00e9m v\u00eddeomaker nas horas vagas, que sempre viveu atr\u00e1s do Batman, voltou a aparecer. De expurgado pelas urnas em 2016, vetado em 2022 para ser ministro e, agora, abandonado no altar em 2024, ele surge como um ventr\u00edloquo em busca de sobrevida. Mas ele a gente j\u00e1 conhece: n\u00e3o tem hist\u00f3ria, n\u00e3o tem trajet\u00f3ria, n\u00e3o tem brilho e vive atr\u00e1s de uma boquinha.<\/p>\n<p style=\"text-align: justify;\">As falas ditam o tom de mais uma semana em que, nos bastidores, a pol\u00edtica do Rio antecipa a corrida pelo Pal\u00e1cio Guanabara. Do lado de Paes, aliados (como faz Pedro Paulo enquanto presidente estadual do PSD) tentam pavimentar o caminho de uma futura nova candidatura a governador. Do lado do PL e de Castro, que n\u00e3o pode se reeleger, possibilidades de sucess\u00e3o v\u00eam sendo estudadas dia a dia.<\/p>\n<p style=\"text-align: justify;\">Fonte: Blog do Lauro Jardim, de O Globo.<\/p>\n","protected":false},"excerpt":{"rendered":"<p>Pedro Paulo, principal aliado pol\u00edtico de Eduardo Paes no Rio, chamou o governador do estado de \u201cCl\u00e1udio Castro, o fraco\u201d,&#8230;<\/p>\n","protected":false},"author":2,"featured_media":13649,"comment_status":"open","ping_status":"open","sticky":false,"template":"","format":"standard","meta":{"colormag_page_container_layout":"default_layout","colormag_page_sidebar_layout":"default_layout","jetpack_post_was_ever_published":false,"_jetpack_newsletter_access":"","_jetpack_dont_email_post_to_subs":false,"_jetpack_newsletter_tier_id":0,"_jetpack_memberships_contains_paywalled_content":false,"_jetpack_memberships_contains_paid_content":false,"footnotes":""},"categories":[2],"tags":[],"class_list":["post-13648","post","type-post","status-publish","format-standard","has-post-thumbnail","hentry","category-politica"],"jetpack_featured_media_url":"https:\/\/www.tribunanf.com.br\/blogdoralfereis\/wp-content\/uploads\/sites\/11\/2024\/11\/claudio-pedro_Easy-Resize.com_.jpg","jetpack_sharing_enabled":true,"_links":{"self":[{"href":"https:\/\/www.tribunanf.com.br\/blogdoralfereis\/wp-json\/wp\/v2\/posts\/13648","targetHints":{"allow":["GET"]}}],"collection":[{"href":"https:\/\/www.tribunanf.com.br\/blogdoralfereis\/wp-json\/wp\/v2\/posts"}],"about":[{"href":"https:\/\/www.tribunanf.com.br\/blogdoralfereis\/wp-json\/wp\/v2\/types\/post"}],"author":[{"embeddable":true,"href":"https:\/\/www.tribunanf.com.br\/blogdoralfereis\/wp-json\/wp\/v2\/users\/2"}],"replies":[{"embeddable":true,"href":"https:\/\/www.tribunanf.com.br\/blogdoralfereis\/wp-json\/wp\/v2\/comments?post=13648"}],"version-history":[{"count":0,"href":"https:\/\/www.tribunanf.com.br\/blogdoralfereis\/wp-json\/wp\/v2\/posts\/13648\/revisions"}],"wp:featuredmedia":[{"embeddable":true,"href":"https:\/\/www.tribunanf.com.br\/blogdoralfereis\/wp-json\/wp\/v2\/media\/13649"}],"wp:attachment":[{"href":"https:\/\/www.tribunanf.com.br\/blogdoralfereis\/wp-json\/wp\/v2\/media?parent=13648"}],"wp:term":[{"taxonomy":"category","embeddable":true,"href":"https:\/\/www.tribunanf.com.br\/blogdoralfereis\/wp-json\/wp\/v2\/categories?post=13648"},{"taxonomy":"post_tag","embeddable":true,"href":"https:\/\/www.tribunanf.com.br\/blogdoralfereis\/wp-json\/wp\/v2\/tags?post=13648"}],"curies":[{"name":"wp","href":"https:\/\/api.w.org\/{rel}","templated":true}]}}