{"id":13641,"date":"2024-11-09T08:49:10","date_gmt":"2024-11-09T11:49:10","guid":{"rendered":"https:\/\/www.tribunanf.com.br\/blogdoralfereis\/?p=13641"},"modified":"2024-11-09T08:53:52","modified_gmt":"2024-11-09T11:53:52","slug":"investigacao-contra-prefeita-de-sao-joao-da-barra-sobre-supostos-crimes-eleitorais-e-encaminhado-a-pf","status":"publish","type":"post","link":"https:\/\/www.tribunanf.com.br\/blogdoralfereis\/2024\/11\/09\/investigacao-contra-prefeita-de-sao-joao-da-barra-sobre-supostos-crimes-eleitorais-e-encaminhado-a-pf\/","title":{"rendered":"Investiga\u00e7\u00e3o contra prefeita de S\u00e3o Jo\u00e3o da Barra sobre supostos crimes eleitorais \u00e9 encaminhada \u00e0 PF"},"content":{"rendered":"<p><img loading=\"lazy\" decoding=\"async\" class=\"aligncenter size-full wp-image-3561\" src=\"https:\/\/www.tribunanf.com.br\/blogdoralfereis\/wp-content\/uploads\/sites\/11\/2020\/03\/sjb.jpeg\" alt=\"\" width=\"800\" height=\"591\" srcset=\"https:\/\/www.tribunanf.com.br\/blogdoralfereis\/wp-content\/uploads\/sites\/11\/2020\/03\/sjb.jpeg 800w, https:\/\/www.tribunanf.com.br\/blogdoralfereis\/wp-content\/uploads\/sites\/11\/2020\/03\/sjb-300x222.jpeg 300w, https:\/\/www.tribunanf.com.br\/blogdoralfereis\/wp-content\/uploads\/sites\/11\/2020\/03\/sjb-768x567.jpeg 768w\" sizes=\"auto, (max-width: 800px) 100vw, 800px\" \/><\/p>\n<p style=\"text-align: justify;\">A investiga\u00e7\u00e3o contra a prefeita reeleita de S\u00e3o Jo\u00e3o da Barra, Carla Caputi, para apurar supostos crimes eleitorais, foi encaminhado \u00e0 Pol\u00edcia Federal.<\/p>\n<p style=\"text-align: justify;\">Conforme<strong> Tribuna NF<\/strong> revelou em primeira m\u00e3o (<a href=\"https:\/\/www.tribunanf.com.br\/exclusivo-desembargador-do-tre-rj-instaura-inquerito-criminal-contra-prefeita-de-sao-joao-da-barra-para-apurar-supostos-crimes-eleitorais\/\" target=\"_blank\" rel=\"noopener\">AQUI<\/a>), o desembargador do Tribunal Regional Eleitoral do Rio de Janeiro, Fernando Cabral, autorizou a instaura\u00e7\u00e3o de inqu\u00e9rito criminal para apurar supostos crimes previstos nos artigos 299 e 300, ambos do C\u00f3digo Eleitoral.<\/p>\n<p style=\"text-align: justify;\">A investiga\u00e7\u00e3o vai apurar uma den\u00fancia de suposta distribui\u00e7\u00e3o irregular do Cart\u00e3o Cidad\u00e3o, no valor de R$ 650, e contrata\u00e7\u00e3o de terceirizados atrav\u00e9s da not\u00f3ria empresa Atrio, e outras supostas irregularidades.<\/p>\n<p style=\"text-align: justify;\">Nessa semana, a Procuradoria Regional Eleitoral requisitou o envio da den\u00fancia para \u00e0 Pol\u00edcia federal.<\/p>\n<p style=\"text-align: justify;\">&#8220;&#8230;Ante o exposto, esta Procuradoria Regional Eleitoral manifesta-se ciente da abertura dos autos do apurat\u00f3rio em ep\u00edgrafe, requerendo a remessa dos autos \u00e0 Pol\u00edcia Federal por prazo de 90 (noventa) dias para realiza\u00e7\u00e3o das dilig\u00eancias j\u00e1 indicadas no Id. 32286243, p. 18, bem como as que entender pertinentes.&#8221;, requisitou.<\/p>\n<p style=\"text-align: justify;\">Ap\u00f3s a requisi\u00e7\u00e3o, o magistrado determinou o envio:<\/p>\n<p style=\"text-align: justify;\">&#8220;Encaminhe-se os autos \u00e0 Autoridade Policial para que, na linha da promo\u00e7\u00e3o da Procuradoria Regional Eleitoral de id. 32289531, conclua as dilig\u00eancias em 90 dias, devendo, sen\u00e3o for poss\u00edvel, justificar as raz\u00f5es pertinentes, em eventual representa\u00e7\u00e3o por dila\u00e7\u00e3o de prazo.&#8221;.<\/p>\n<p style=\"text-align: justify;\">Na decis\u00e3o de abertura do inqu\u00e9rito, o desembargador deixou claro &#8220;que instaura\u00e7\u00e3o de inqu\u00e9rito n\u00e3o retrata a formula\u00e7\u00e3o de ju\u00edzo quanto \u00e0 proced\u00eancia ou improced\u00eancia dos ind\u00edcios de autoria ou materialidade, constituindo-se como ato meramente formal, apto a viabilizar o tr\u00e2mite regular das investiga\u00e7\u00f5es.&#8221;<\/p>\n<p style=\"text-align: justify;\">Em tempo: <strong>Tribuna NF<\/strong> e <strong>Blog do Ralfe Reis<\/strong> deixam espa\u00e7o aberto para a defesa da prefeita se manifestar.<\/p>\n<p style=\"text-align: justify;\">Leia tamb\u00e9m:<\/p>\n<blockquote class=\"wp-embedded-content\" data-secret=\"QacYgXhOqR\"><p><a href=\"https:\/\/www.tribunanf.com.br\/exclusivo-desembargador-do-tre-rj-instaura-inquerito-criminal-contra-prefeita-de-sao-joao-da-barra-para-apurar-supostos-crimes-eleitorais\/\">Exclusivo: Desembargador do TRE-RJ instaura inqu\u00e9rito criminal contra prefeita de S\u00e3o Jo\u00e3o da Barra para apurar supostos crimes eleitorais<\/a><\/p><\/blockquote>\n<p><iframe loading=\"lazy\" class=\"wp-embedded-content\" sandbox=\"allow-scripts\" security=\"restricted\" style=\"position: absolute; visibility: hidden;\" title=\"&#8220;Exclusivo: Desembargador do TRE-RJ instaura inqu\u00e9rito criminal contra prefeita de S\u00e3o Jo\u00e3o da Barra para apurar supostos crimes eleitorais&#8221; &#8212; Tribuna NF\" src=\"https:\/\/www.tribunanf.com.br\/exclusivo-desembargador-do-tre-rj-instaura-inquerito-criminal-contra-prefeita-de-sao-joao-da-barra-para-apurar-supostos-crimes-eleitorais\/embed\/#?secret=NyLOg1Ktcj#?secret=QacYgXhOqR\" data-secret=\"QacYgXhOqR\" width=\"600\" height=\"338\" frameborder=\"0\" marginwidth=\"0\" marginheight=\"0\" scrolling=\"no\"><\/iframe><\/p>\n","protected":false},"excerpt":{"rendered":"<p>A investiga\u00e7\u00e3o contra a prefeita reeleita de S\u00e3o Jo\u00e3o da Barra, Carla Caputi, para apurar supostos crimes eleitorais, foi encaminhado&#8230;<\/p>\n","protected":false},"author":2,"featured_media":3561,"comment_status":"open","ping_status":"open","sticky":false,"template":"","format":"standard","meta":{"colormag_page_container_layout":"default_layout","colormag_page_sidebar_layout":"default_layout","jetpack_post_was_ever_published":false,"_jetpack_newsletter_access":"","_jetpack_dont_email_post_to_subs":false,"_jetpack_newsletter_tier_id":0,"_jetpack_memberships_contains_paywalled_content":false,"_jetpack_memberships_contains_paid_content":false,"footnotes":""},"categories":[2],"tags":[],"class_list":["post-13641","post","type-post","status-publish","format-standard","has-post-thumbnail","hentry","category-politica"],"jetpack_featured_media_url":"https:\/\/www.tribunanf.com.br\/blogdoralfereis\/wp-content\/uploads\/sites\/11\/2020\/03\/sjb.jpeg","jetpack_sharing_enabled":true,"_links":{"self":[{"href":"https:\/\/www.tribunanf.com.br\/blogdoralfereis\/wp-json\/wp\/v2\/posts\/13641","targetHints":{"allow":["GET"]}}],"collection":[{"href":"https:\/\/www.tribunanf.com.br\/blogdoralfereis\/wp-json\/wp\/v2\/posts"}],"about":[{"href":"https:\/\/www.tribunanf.com.br\/blogdoralfereis\/wp-json\/wp\/v2\/types\/post"}],"author":[{"embeddable":true,"href":"https:\/\/www.tribunanf.com.br\/blogdoralfereis\/wp-json\/wp\/v2\/users\/2"}],"replies":[{"embeddable":true,"href":"https:\/\/www.tribunanf.com.br\/blogdoralfereis\/wp-json\/wp\/v2\/comments?post=13641"}],"version-history":[{"count":0,"href":"https:\/\/www.tribunanf.com.br\/blogdoralfereis\/wp-json\/wp\/v2\/posts\/13641\/revisions"}],"wp:featuredmedia":[{"embeddable":true,"href":"https:\/\/www.tribunanf.com.br\/blogdoralfereis\/wp-json\/wp\/v2\/media\/3561"}],"wp:attachment":[{"href":"https:\/\/www.tribunanf.com.br\/blogdoralfereis\/wp-json\/wp\/v2\/media?parent=13641"}],"wp:term":[{"taxonomy":"category","embeddable":true,"href":"https:\/\/www.tribunanf.com.br\/blogdoralfereis\/wp-json\/wp\/v2\/categories?post=13641"},{"taxonomy":"post_tag","embeddable":true,"href":"https:\/\/www.tribunanf.com.br\/blogdoralfereis\/wp-json\/wp\/v2\/tags?post=13641"}],"curies":[{"name":"wp","href":"https:\/\/api.w.org\/{rel}","templated":true}]}}