{"id":1360,"date":"2019-01-08T09:07:17","date_gmt":"2019-01-08T11:07:17","guid":{"rendered":"http:\/\/www.tribunanf.com.br\/blogdoralfereis\/?p=1360"},"modified":"2019-01-08T09:07:17","modified_gmt":"2019-01-08T11:07:17","slug":"governo-rafael-diniz-paga-primeira-fatura-de-r-14-milhao-a-empresa-da-mafia-da-merenda-de-sp","status":"publish","type":"post","link":"https:\/\/www.tribunanf.com.br\/blogdoralfereis\/2019\/01\/08\/governo-rafael-diniz-paga-primeira-fatura-de-r-14-milhao-a-empresa-da-mafia-da-merenda-de-sp\/","title":{"rendered":"Governo Rafael Diniz paga primeira fatura de R$ 1,4 milh\u00e3o a empresa da M\u00e1fia da Merenda de SP"},"content":{"rendered":"<p><img loading=\"lazy\" decoding=\"async\" class=\"aligncenter size-full wp-image-706\" src=\"http:\/\/www.tribunanf.com.br\/blogdoralfereis\/wp-content\/uploads\/sites\/11\/2018\/08\/rafael-diniz.jpg\" alt=\"\" width=\"960\" height=\"640\" srcset=\"https:\/\/www.tribunanf.com.br\/blogdoralfereis\/wp-content\/uploads\/sites\/11\/2018\/08\/rafael-diniz.jpg 960w, https:\/\/www.tribunanf.com.br\/blogdoralfereis\/wp-content\/uploads\/sites\/11\/2018\/08\/rafael-diniz-300x200.jpg 300w, https:\/\/www.tribunanf.com.br\/blogdoralfereis\/wp-content\/uploads\/sites\/11\/2018\/08\/rafael-diniz-768x512.jpg 768w\" sizes=\"auto, (max-width: 960px) 100vw, 960px\" \/><\/p>\n<p style=\"text-align: justify;\">O governo Rafael Diniz pagou a primeira fatura a empresa envolvida no esc\u00e2ndalo da M\u00e1fia da Merenda de S\u00e3o Paulo.<\/p>\n<p style=\"text-align: justify;\">21\/12\/2018 20181030000393 2018OB15646 <strong>NUTRIPLUS ALIMENTACAO E TECNOLOGIA LTDA<\/strong> SERV.DE FORNEC.ALIMENTACAO.NF 96847 <strong>R$ 1.075.362,40<\/strong><\/p>\n<p style=\"text-align: justify;\">\u00a021\/12\/2018 20181030000393 2018OB15647 <strong>NUTRIPLUS ALIMENTACAO E TECNOLOGIA LTDA<\/strong> SERV.DE FORNEC.ALIMENTACAO.NF 96846 <strong>R$ 379.063,80<\/strong><\/p>\n<p style=\"text-align: justify;\">A empresa\u00a0<strong>Nutriplus Alimenta\u00e7\u00e3o e Tecnologia LTDA\u00a0<\/strong>recebeu, no dia 21 de dezembro de 2018, conforme relat\u00f3rio no portal da transpar\u00eancia, mais de R$ 1,4 milh\u00e3o dos cofres da prefeitura de Campos dos Goytacazes.<\/p>\n<p style=\"text-align: justify;\">Envolvida nas den\u00fancias do Minist\u00e9rio P\u00fablico de S\u00e3o Paulo, onde foi deflagrada em maio de 2018 a opera\u00e7\u00e3o Prato Feito, desdobramento da opera\u00e7\u00e3o contra a M\u00e1fia da Merenda, que alcan\u00e7ou trinta prefeituras daquele estado, a empresa\u00a0<strong>Nutriplus Alimenta\u00e7\u00e3o e Tecnologia LTDA\u00a0<\/strong>ganhou um contrato inicial de quase R$ 16 milh\u00f5es no governo Rafael Diniz na terceiriza\u00e7\u00e3o da merenda.<\/p>\n<p style=\"text-align: justify;\">Segundo as den\u00fancias do Minist\u00e9rio P\u00fablico Federal, a empresa Nutriplus faz parte de um suposto esquema fraudulento com pol\u00edticos e lobistas que teriam desviado cerca de R$ 1,6 bilh\u00e3o de recursos p\u00fablicos.<\/p>\n<p style=\"text-align: justify;\">Confira a reportagem do Valor Econ\u00f4mico:<\/p>\n<p style=\"text-align: justify;\"><img loading=\"lazy\" decoding=\"async\" class=\"aligncenter size-full wp-image-1191\" src=\"https:\/\/i2.wp.com\/www.tribunanf.com.br\/blogdoralfereis\/wp-content\/uploads\/sites\/11\/2018\/11\/merenda-nutriplus.png?resize=519%2C738\" sizes=\"auto, (max-width: 519px) 100vw, 519px\" srcset=\"https:\/\/i2.wp.com\/www.tribunanf.com.br\/blogdoralfereis\/wp-content\/uploads\/sites\/11\/2018\/11\/merenda-nutriplus.png?w=519 519w, https:\/\/i2.wp.com\/www.tribunanf.com.br\/blogdoralfereis\/wp-content\/uploads\/sites\/11\/2018\/11\/merenda-nutriplus.png?resize=211%2C300 211w\" alt=\"\" width=\"519\" height=\"738\" data-attachment-id=\"1191\" data-permalink=\"http:\/\/www.tribunanf.com.br\/blogdoralfereis\/2018\/11\/28\/governo-rafael-diniz-contrata-empresa-envolvida-na-mafia-da-merenda-de-sp\/merenda-nutriplus\/\" data-orig-file=\"https:\/\/i2.wp.com\/www.tribunanf.com.br\/blogdoralfereis\/wp-content\/uploads\/sites\/11\/2018\/11\/merenda-nutriplus.png?fit=519%2C738\" data-orig-size=\"519,738\" data-comments-opened=\"1\" data-image-meta=\"{&quot;aperture&quot;:&quot;0&quot;,&quot;credit&quot;:&quot;&quot;,&quot;camera&quot;:&quot;&quot;,&quot;caption&quot;:&quot;&quot;,&quot;created_timestamp&quot;:&quot;0&quot;,&quot;copyright&quot;:&quot;&quot;,&quot;focal_length&quot;:&quot;0&quot;,&quot;iso&quot;:&quot;0&quot;,&quot;shutter_speed&quot;:&quot;0&quot;,&quot;title&quot;:&quot;&quot;,&quot;orientation&quot;:&quot;0&quot;}\" data-image-title=\"merenda nutriplus\" data-image-description=\"\" data-medium-file=\"https:\/\/i2.wp.com\/www.tribunanf.com.br\/blogdoralfereis\/wp-content\/uploads\/sites\/11\/2018\/11\/merenda-nutriplus.png?fit=211%2C300\" data-large-file=\"https:\/\/i2.wp.com\/www.tribunanf.com.br\/blogdoralfereis\/wp-content\/uploads\/sites\/11\/2018\/11\/merenda-nutriplus.png?fit=519%2C738\" \/><\/p>\n<p style=\"text-align: justify;\">Segundo as den\u00fancias \u201cTais empresas foram alvo de den\u00fancia do Minist\u00e9rio P\u00fablico Estadual de S\u00e3o Paulo nos autos do I.P. n\u00b0 050.07.095123-3 perante \u00e0 10\u00aa Vara Criminal de S\u00e3o Paulo em decorr\u00eancia de investiga\u00e7\u00e3o que restou conhecida como \u201cM\u00e1fia das Merendas\u201d. Consta neste relat\u00f3rio que prefeitos e secret\u00e1rios de Educa\u00e7\u00e3o eram procurados em \u00e9pocas de campanhas eleitorais\u201d. Confira \u00e0 \u00edntegra da mat\u00e9ria:\u00a0\u00a0<a href=\"https:\/\/www.valor.com.br\/politica\/5512727\/policia-federal-investiga-mafia-da-merenda\" target=\"_blank\" rel=\"noopener\">https:\/\/www.valor.com.br\/politica\/5512727\/policia-federal-investiga-mafia-da-merenda<\/a><\/p>\n<p style=\"text-align: justify;\">Outro fato interessante \u00e9 que coincidentemente, a licita\u00e7\u00e3o em Campos tamb\u00e9m ocorreu pr\u00f3ximo ao per\u00edodo eleitoral.<\/p>\n","protected":false},"excerpt":{"rendered":"<p>O governo Rafael Diniz pagou a primeira fatura a empresa envolvida no esc\u00e2ndalo da M\u00e1fia da Merenda de S\u00e3o Paulo&#8230;.<\/p>\n","protected":false},"author":2,"featured_media":706,"comment_status":"open","ping_status":"open","sticky":false,"template":"","format":"standard","meta":{"colormag_page_container_layout":"default_layout","colormag_page_sidebar_layout":"default_layout","jetpack_post_was_ever_published":false,"_jetpack_newsletter_access":"","_jetpack_dont_email_post_to_subs":false,"_jetpack_newsletter_tier_id":0,"_jetpack_memberships_contains_paywalled_content":false,"_jetpack_memberships_contains_paid_content":false,"footnotes":""},"categories":[2],"tags":[],"class_list":["post-1360","post","type-post","status-publish","format-standard","has-post-thumbnail","hentry","category-politica"],"jetpack_featured_media_url":"https:\/\/www.tribunanf.com.br\/blogdoralfereis\/wp-content\/uploads\/sites\/11\/2018\/08\/rafael-diniz.jpg","jetpack_sharing_enabled":true,"_links":{"self":[{"href":"https:\/\/www.tribunanf.com.br\/blogdoralfereis\/wp-json\/wp\/v2\/posts\/1360","targetHints":{"allow":["GET"]}}],"collection":[{"href":"https:\/\/www.tribunanf.com.br\/blogdoralfereis\/wp-json\/wp\/v2\/posts"}],"about":[{"href":"https:\/\/www.tribunanf.com.br\/blogdoralfereis\/wp-json\/wp\/v2\/types\/post"}],"author":[{"embeddable":true,"href":"https:\/\/www.tribunanf.com.br\/blogdoralfereis\/wp-json\/wp\/v2\/users\/2"}],"replies":[{"embeddable":true,"href":"https:\/\/www.tribunanf.com.br\/blogdoralfereis\/wp-json\/wp\/v2\/comments?post=1360"}],"version-history":[{"count":0,"href":"https:\/\/www.tribunanf.com.br\/blogdoralfereis\/wp-json\/wp\/v2\/posts\/1360\/revisions"}],"wp:featuredmedia":[{"embeddable":true,"href":"https:\/\/www.tribunanf.com.br\/blogdoralfereis\/wp-json\/wp\/v2\/media\/706"}],"wp:attachment":[{"href":"https:\/\/www.tribunanf.com.br\/blogdoralfereis\/wp-json\/wp\/v2\/media?parent=1360"}],"wp:term":[{"taxonomy":"category","embeddable":true,"href":"https:\/\/www.tribunanf.com.br\/blogdoralfereis\/wp-json\/wp\/v2\/categories?post=1360"},{"taxonomy":"post_tag","embeddable":true,"href":"https:\/\/www.tribunanf.com.br\/blogdoralfereis\/wp-json\/wp\/v2\/tags?post=1360"}],"curies":[{"name":"wp","href":"https:\/\/api.w.org\/{rel}","templated":true}]}}