{"id":13583,"date":"2024-10-24T08:42:25","date_gmt":"2024-10-24T11:42:25","guid":{"rendered":"https:\/\/www.tribunanf.com.br\/blogdoralfereis\/?p=13583"},"modified":"2024-10-24T08:42:25","modified_gmt":"2024-10-24T11:42:25","slug":"campos-vai-ganhar-novo-shopping-na-area-da-estrada-do-contorno","status":"publish","type":"post","link":"https:\/\/www.tribunanf.com.br\/blogdoralfereis\/2024\/10\/24\/campos-vai-ganhar-novo-shopping-na-area-da-estrada-do-contorno\/","title":{"rendered":"Campos vai ganhar novo Shopping na \u00e1rea da Estrada do Contorno"},"content":{"rendered":"<p><img loading=\"lazy\" decoding=\"async\" class=\"aligncenter size-large wp-image-13584\" src=\"https:\/\/www.tribunanf.com.br\/blogdoralfereis\/wp-content\/uploads\/sites\/11\/2024\/10\/Coluna-do-Balbi-Novo-Shopping_Easy-Resize.com_-1024x716.jpg\" alt=\"\" width=\"800\" height=\"559\" srcset=\"https:\/\/www.tribunanf.com.br\/blogdoralfereis\/wp-content\/uploads\/sites\/11\/2024\/10\/Coluna-do-Balbi-Novo-Shopping_Easy-Resize.com_-1024x716.jpg 1024w, https:\/\/www.tribunanf.com.br\/blogdoralfereis\/wp-content\/uploads\/sites\/11\/2024\/10\/Coluna-do-Balbi-Novo-Shopping_Easy-Resize.com_-300x210.jpg 300w, https:\/\/www.tribunanf.com.br\/blogdoralfereis\/wp-content\/uploads\/sites\/11\/2024\/10\/Coluna-do-Balbi-Novo-Shopping_Easy-Resize.com_-768x537.jpg 768w, https:\/\/www.tribunanf.com.br\/blogdoralfereis\/wp-content\/uploads\/sites\/11\/2024\/10\/Coluna-do-Balbi-Novo-Shopping_Easy-Resize.com_-130x90.jpg 130w, https:\/\/www.tribunanf.com.br\/blogdoralfereis\/wp-content\/uploads\/sites\/11\/2024\/10\/Coluna-do-Balbi-Novo-Shopping_Easy-Resize.com_.jpg 1280w\" sizes=\"auto, (max-width: 800px) 100vw, 800px\" \/><\/p>\n<p style=\"text-align: justify;\">Campos vai ganhar um novo shopping pelas bandas do per\u00edmetro urbano da BR-101.<\/p>\n<p style=\"text-align: justify;\">O Athenas Mall ser\u00e1 composto de 80 lojas, 40 consult\u00f3rios para profissionais liberais, al\u00e9m de pra\u00e7a de alimenta\u00e7\u00e3o e 300 vagas de estacionamento. Toda a \u00e1rea soma 13 mil metros quadrados. Por tr\u00e1s est\u00e1 um grupo forte especializado em empreendimentos imobili\u00e1rios. A planta do projeto j\u00e1 est\u00e1 pronta e seria de \u00faltima gera\u00e7\u00e3o arquitet\u00f4nica, com pegada bem arejada.<\/p>\n<p style=\"text-align: justify;\">A informa\u00e7\u00e3o \u00e9 da Coluna do Balbi, do J3news.<\/p>\n","protected":false},"excerpt":{"rendered":"<p>Campos vai ganhar um novo shopping pelas bandas do per\u00edmetro urbano da BR-101. O Athenas Mall ser\u00e1 composto de 80&#8230;<\/p>\n","protected":false},"author":2,"featured_media":13584,"comment_status":"open","ping_status":"open","sticky":false,"template":"","format":"standard","meta":{"colormag_page_container_layout":"default_layout","colormag_page_sidebar_layout":"default_layout","jetpack_post_was_ever_published":false,"_jetpack_newsletter_access":"","_jetpack_dont_email_post_to_subs":false,"_jetpack_newsletter_tier_id":0,"_jetpack_memberships_contains_paywalled_content":false,"_jetpack_memberships_contains_paid_content":false,"footnotes":""},"categories":[7],"tags":[],"class_list":["post-13583","post","type-post","status-publish","format-standard","has-post-thumbnail","hentry","category-economia"],"jetpack_featured_media_url":"https:\/\/www.tribunanf.com.br\/blogdoralfereis\/wp-content\/uploads\/sites\/11\/2024\/10\/Coluna-do-Balbi-Novo-Shopping_Easy-Resize.com_.jpg","jetpack_sharing_enabled":true,"_links":{"self":[{"href":"https:\/\/www.tribunanf.com.br\/blogdoralfereis\/wp-json\/wp\/v2\/posts\/13583","targetHints":{"allow":["GET"]}}],"collection":[{"href":"https:\/\/www.tribunanf.com.br\/blogdoralfereis\/wp-json\/wp\/v2\/posts"}],"about":[{"href":"https:\/\/www.tribunanf.com.br\/blogdoralfereis\/wp-json\/wp\/v2\/types\/post"}],"author":[{"embeddable":true,"href":"https:\/\/www.tribunanf.com.br\/blogdoralfereis\/wp-json\/wp\/v2\/users\/2"}],"replies":[{"embeddable":true,"href":"https:\/\/www.tribunanf.com.br\/blogdoralfereis\/wp-json\/wp\/v2\/comments?post=13583"}],"version-history":[{"count":0,"href":"https:\/\/www.tribunanf.com.br\/blogdoralfereis\/wp-json\/wp\/v2\/posts\/13583\/revisions"}],"wp:featuredmedia":[{"embeddable":true,"href":"https:\/\/www.tribunanf.com.br\/blogdoralfereis\/wp-json\/wp\/v2\/media\/13584"}],"wp:attachment":[{"href":"https:\/\/www.tribunanf.com.br\/blogdoralfereis\/wp-json\/wp\/v2\/media?parent=13583"}],"wp:term":[{"taxonomy":"category","embeddable":true,"href":"https:\/\/www.tribunanf.com.br\/blogdoralfereis\/wp-json\/wp\/v2\/categories?post=13583"},{"taxonomy":"post_tag","embeddable":true,"href":"https:\/\/www.tribunanf.com.br\/blogdoralfereis\/wp-json\/wp\/v2\/tags?post=13583"}],"curies":[{"name":"wp","href":"https:\/\/api.w.org\/{rel}","templated":true}]}}