{"id":13530,"date":"2024-10-02T13:46:26","date_gmt":"2024-10-02T16:46:26","guid":{"rendered":"https:\/\/www.tribunanf.com.br\/blogdoralfereis\/?p=13530"},"modified":"2024-10-02T13:46:26","modified_gmt":"2024-10-02T16:46:26","slug":"forum-de-servidores-do-rio-repudia-decretos-de-claudio-castro-e-aponta-risco-a-previdencia-publica","status":"publish","type":"post","link":"https:\/\/www.tribunanf.com.br\/blogdoralfereis\/2024\/10\/02\/forum-de-servidores-do-rio-repudia-decretos-de-claudio-castro-e-aponta-risco-a-previdencia-publica\/","title":{"rendered":"F\u00f3rum de servidores do Rio repudia decretos de Cl\u00e1udio Castro e aponta risco \u00e0 previd\u00eancia p\u00fablica"},"content":{"rendered":"<p><img loading=\"lazy\" decoding=\"async\" class=\"aligncenter size-large wp-image-13531\" src=\"https:\/\/www.tribunanf.com.br\/blogdoralfereis\/wp-content\/uploads\/sites\/11\/2024\/10\/whatsapp-image-2024-03-14-at-10.41.46-am_Easy-Resize.com_-1024x520.jpg\" alt=\"\" width=\"800\" height=\"406\" srcset=\"https:\/\/www.tribunanf.com.br\/blogdoralfereis\/wp-content\/uploads\/sites\/11\/2024\/10\/whatsapp-image-2024-03-14-at-10.41.46-am_Easy-Resize.com_-1024x520.jpg 1024w, https:\/\/www.tribunanf.com.br\/blogdoralfereis\/wp-content\/uploads\/sites\/11\/2024\/10\/whatsapp-image-2024-03-14-at-10.41.46-am_Easy-Resize.com_-300x152.jpg 300w, https:\/\/www.tribunanf.com.br\/blogdoralfereis\/wp-content\/uploads\/sites\/11\/2024\/10\/whatsapp-image-2024-03-14-at-10.41.46-am_Easy-Resize.com_-768x390.jpg 768w, https:\/\/www.tribunanf.com.br\/blogdoralfereis\/wp-content\/uploads\/sites\/11\/2024\/10\/whatsapp-image-2024-03-14-at-10.41.46-am_Easy-Resize.com_.jpg 1280w\" sizes=\"auto, (max-width: 800px) 100vw, 800px\" \/><\/p>\n<p style=\"text-align: justify;\">O F\u00f3rum Permanente dos Servidores P\u00fablicos do Estado do Rio de Janeiro (Fosperj) emitiu uma nota de rep\u00fadio nesta semana contra os Decretos 49.291\/2024 e 49.292\/2024, assinados pelo governador Cl\u00e1udio Castro (PL). As entidades criticam a medida, que, segundo elas, descapitaliza o fundo \u00fanico do Fundo \u00danico de Previd\u00eancia Social do Estado do Rio de Janeiro (Rioprevid\u00eancia), colocando em risco a sustentabilidade do sistema respons\u00e1vel por aposentadorias e pens\u00f5es de milhares de servidores estaduais.<\/p>\n<p style=\"text-align: justify;\">De acordo com o f\u00f3rum, os decretos v\u00e3o &#8220;al\u00e9m de um simples remanejamento cont\u00e1bil, sendo considerados um ataque direto \u00e0 previd\u00eancia p\u00fablica&#8221;.<\/p>\n<p style=\"text-align: justify;\">A nota relembra a crise financeira de 2017, quando o RioPrevid\u00eancia foi esvaziado, deixando aposentados e pensionistas sem receber, situa\u00e7\u00e3o que foi amplamente acompanhada pela sociedade fluminense.<\/p>\n<p style=\"text-align: justify;\">\u201cA hist\u00f3ria se repete a olhos nus, e cabe aos servidores p\u00fablicos defenderem com ainda mais vigor os recursos do RioPrevid\u00eancia\u201d, afirma o documento.<\/p>\n<p style=\"text-align: justify;\">Mobiliza\u00e7\u00e3o<\/p>\n<p style=\"text-align: justify;\">A indigna\u00e7\u00e3o dos servidores se manifestou nas ruas recentemente, com um ato unificado. Em uma caminhada que partiu do Largo do Machado at\u00e9 o Pal\u00e1cio Guanabara, os servidores p\u00fablicos estaduais protestaram contra o descumprimento da Lei 9436\/2021, que estabelece recomposi\u00e7\u00f5es salariais para os anos de 2023 e 2024.<\/p>\n<p style=\"text-align: justify;\">A principal reivindica\u00e7\u00e3o foi a implementa\u00e7\u00e3o dessas recomposi\u00e7\u00f5es, que, segundo os manifestantes, j\u00e1 foram garantidas para servidores do Legislativo e Judici\u00e1rio, mas continuam pendentes para o Executivo.<\/p>\n<p style=\"text-align: justify;\">Fonte: Extra<\/p>\n","protected":false},"excerpt":{"rendered":"<p>O F\u00f3rum Permanente dos Servidores P\u00fablicos do Estado do Rio de Janeiro (Fosperj) emitiu uma nota de rep\u00fadio nesta semana&#8230;<\/p>\n","protected":false},"author":2,"featured_media":13531,"comment_status":"open","ping_status":"open","sticky":false,"template":"","format":"standard","meta":{"colormag_page_container_layout":"default_layout","colormag_page_sidebar_layout":"default_layout","jetpack_post_was_ever_published":false,"_jetpack_newsletter_access":"","_jetpack_dont_email_post_to_subs":false,"_jetpack_newsletter_tier_id":0,"_jetpack_memberships_contains_paywalled_content":false,"_jetpack_memberships_contains_paid_content":false,"footnotes":""},"categories":[2],"tags":[],"class_list":["post-13530","post","type-post","status-publish","format-standard","has-post-thumbnail","hentry","category-politica"],"jetpack_featured_media_url":"https:\/\/www.tribunanf.com.br\/blogdoralfereis\/wp-content\/uploads\/sites\/11\/2024\/10\/whatsapp-image-2024-03-14-at-10.41.46-am_Easy-Resize.com_.jpg","jetpack_sharing_enabled":true,"_links":{"self":[{"href":"https:\/\/www.tribunanf.com.br\/blogdoralfereis\/wp-json\/wp\/v2\/posts\/13530","targetHints":{"allow":["GET"]}}],"collection":[{"href":"https:\/\/www.tribunanf.com.br\/blogdoralfereis\/wp-json\/wp\/v2\/posts"}],"about":[{"href":"https:\/\/www.tribunanf.com.br\/blogdoralfereis\/wp-json\/wp\/v2\/types\/post"}],"author":[{"embeddable":true,"href":"https:\/\/www.tribunanf.com.br\/blogdoralfereis\/wp-json\/wp\/v2\/users\/2"}],"replies":[{"embeddable":true,"href":"https:\/\/www.tribunanf.com.br\/blogdoralfereis\/wp-json\/wp\/v2\/comments?post=13530"}],"version-history":[{"count":0,"href":"https:\/\/www.tribunanf.com.br\/blogdoralfereis\/wp-json\/wp\/v2\/posts\/13530\/revisions"}],"wp:featuredmedia":[{"embeddable":true,"href":"https:\/\/www.tribunanf.com.br\/blogdoralfereis\/wp-json\/wp\/v2\/media\/13531"}],"wp:attachment":[{"href":"https:\/\/www.tribunanf.com.br\/blogdoralfereis\/wp-json\/wp\/v2\/media?parent=13530"}],"wp:term":[{"taxonomy":"category","embeddable":true,"href":"https:\/\/www.tribunanf.com.br\/blogdoralfereis\/wp-json\/wp\/v2\/categories?post=13530"},{"taxonomy":"post_tag","embeddable":true,"href":"https:\/\/www.tribunanf.com.br\/blogdoralfereis\/wp-json\/wp\/v2\/tags?post=13530"}],"curies":[{"name":"wp","href":"https:\/\/api.w.org\/{rel}","templated":true}]}}