{"id":13519,"date":"2024-09-26T13:27:05","date_gmt":"2024-09-26T16:27:05","guid":{"rendered":"https:\/\/www.tribunanf.com.br\/blogdoralfereis\/?p=13519"},"modified":"2024-09-26T13:27:05","modified_gmt":"2024-09-26T16:27:05","slug":"mprj-cria-grupo-tematico-temporario-de-combate-aos-cibercrimes","status":"publish","type":"post","link":"https:\/\/www.tribunanf.com.br\/blogdoralfereis\/2024\/09\/26\/mprj-cria-grupo-tematico-temporario-de-combate-aos-cibercrimes\/","title":{"rendered":"MPRJ cria Grupo Tem\u00e1tico Tempor\u00e1rio de Combate aos Cibercrimes"},"content":{"rendered":"<p><img loading=\"lazy\" decoding=\"async\" class=\"aligncenter size-large wp-image-13520\" src=\"https:\/\/www.tribunanf.com.br\/blogdoralfereis\/wp-content\/uploads\/sites\/11\/2024\/09\/upload_00002269_Easy-Resize.com_-1024x682.jpg\" alt=\"\" width=\"800\" height=\"533\" srcset=\"https:\/\/www.tribunanf.com.br\/blogdoralfereis\/wp-content\/uploads\/sites\/11\/2024\/09\/upload_00002269_Easy-Resize.com_-1024x682.jpg 1024w, https:\/\/www.tribunanf.com.br\/blogdoralfereis\/wp-content\/uploads\/sites\/11\/2024\/09\/upload_00002269_Easy-Resize.com_-300x200.jpg 300w, https:\/\/www.tribunanf.com.br\/blogdoralfereis\/wp-content\/uploads\/sites\/11\/2024\/09\/upload_00002269_Easy-Resize.com_-768x512.jpg 768w, https:\/\/www.tribunanf.com.br\/blogdoralfereis\/wp-content\/uploads\/sites\/11\/2024\/09\/upload_00002269_Easy-Resize.com_.jpg 1280w\" sizes=\"auto, (max-width: 800px) 100vw, 800px\" \/><\/p>\n<p style=\"text-align: justify;\">O procurador-geral de Justi\u00e7a, Luciano Mattos, criou nesta quarta-feira (25\/09), por meio da Resolu\u00e7\u00e3o GPGJ n\u00ba 2.618, o Grupo Tem\u00e1tico Tempor\u00e1rio de Combate aos Cibercrimes (GTT Cibercrimes\/MPRJ), que ir\u00e1 promover iniciativas estrat\u00e9gicas e coordenadas para preven\u00e7\u00e3o e repress\u00e3o aos crimes cibern\u00e9ticos. O GTT ter\u00e1 dura\u00e7\u00e3o de seis meses, per\u00edodo que pode ser prorrogado por quantas vezes forem necess\u00e1rias.<\/p>\n<p style=\"text-align: justify;\">\u201cEsse tema requer uma atua\u00e7\u00e3o especializada e articulada. Os crimes podem ser praticados em qualquer lugar, inclusive fora do pa\u00eds. Por isso, a ideia de fortalecer essa rede de atua\u00e7\u00e3o dos MPs. Iremos fomentar essa articula\u00e7\u00e3o entre os MPs do Brasil e da Am\u00e9rica do Sul, inicialmente\u201d, adiantou Luciano Mattos.<\/p>\n<p style=\"text-align: justify;\">Criado devido ao aumento expressivo do n\u00famero de crimes cibern\u00e9ticos, o GTT Cibercrimes\/MPRJ ir\u00e1 atuar, em especial, no combate aos crimes digitais de pedopornografia (crimes sexuais envolvendo menores de idade), intoler\u00e2ncia, exposi\u00e7\u00e3o pornogr\u00e1fica n\u00e3o consentida, cyberstalking, crimes contra a honra, estelionato e outras fraudes eletr\u00f4nicas praticadas por meio da internet.<\/p>\n<p style=\"text-align: justify;\">O Grupo poder\u00e1 elaborar estudos, avalia\u00e7\u00f5es, protocolos, linhas estrat\u00e9gicas de atua\u00e7\u00e3o institucional e fluxos de trabalho articulados entre os \u00f3rg\u00e3os de execu\u00e7\u00e3o com atribui\u00e7\u00e3o relacionadas \u00e0 tem\u00e1tica, al\u00e9m de sugerir medidas de seguran\u00e7a cibern\u00e9tica e de aprimoramento de seguran\u00e7a da informa\u00e7\u00e3o para o Minist\u00e9rio P\u00fablico do Estado do Rio de Janeiro (MPRJ), sem preju\u00edzo \u00e0s atribui\u00e7\u00f5es da Coordenadoria de Seguran\u00e7a e Intelig\u00eancia (CSI\/MPRJ).<\/p>\n<p style=\"text-align: justify;\">Para isso, contar\u00e1 com o suporte t\u00e9cnico e operacional preferencial dos Centros de Apoio Operacional, do Grupo de Apoio T\u00e9cnico Especializado (GATE\/MPRJ), da CSI\/MPRJ, da Coordenadoria de An\u00e1lises, Diagn\u00f3sticos e Geoprocessamento (CADG\/MPRJ), do Centro de Pesquisas (CENPE\/MPRJ), do Laborat\u00f3rio de Inova\u00e7\u00e3o (Inova_MPRJ), do N\u00facleo de Apoio T\u00e9cnico Multidisciplinar (NATEM\/MPRJ), e das demais estruturas da Procuradoria-Geral de Justi\u00e7a destinadas \u00e0 gest\u00e3o da informa\u00e7\u00e3o e ao processamento de dados.<\/p>\n<p>Sob a coordena\u00e7\u00e3o do promotor de Justi\u00e7a Eduardo Morais Martins, o GTT ser\u00e1\u00a0composto pelos promotores Alexander Ara\u00fajo de Souza, Luciana Benisti, Pedro Borges Mour\u00e3o e Sauvei Lai.<\/p>\n<p style=\"text-align: justify;\"><strong>Conv\u00eanio internacional<\/strong><\/p>\n<p style=\"text-align: justify;\">Em abril de 2023, durante visita ao MPRJ do procurador-geral da Cidade Aut\u00f4noma de Buenos Aires, na Argentina, Juan Bautista Mahiques, foi assinado um conv\u00eanio entre o MPRJ e o Minist\u00e9rio P\u00fablico Fiscal da Cidade Aut\u00f4noma de Buenos Aires para a coopera\u00e7\u00e3o e promo\u00e7\u00e3o de atividades de capacita\u00e7\u00e3o e troca de experi\u00eancias no que diz respeito \u00e0 cibercriminalidade e evid\u00eancia digital. Al\u00e9m de confer\u00eancias, semin\u00e1rios, oficinas e encontros acad\u00eamicos, o conv\u00eanio permite o interc\u00e2mbio regular de informa\u00e7\u00f5es entre as institui\u00e7\u00f5es.<\/p>\n<p style=\"text-align: justify;\">Em novembro do mesmo ano, o MPRJ sediou a Confer\u00eancia Internacional de Coopera\u00e7\u00e3o no Combate aos Crimes Cibern\u00e9ticos. Especialistas de diversos pa\u00edses que atuam no enfrentamento aos crimes praticados atrav\u00e9s do ambiente digital compartilharam experi\u00eancias, discutiram maneiras de aprimorar as investiga\u00e7\u00f5es, relataram alguns dos principais desafios e apontaram caminhos para avan\u00e7ar no tema. Durante o evento, Luciano Mattos assinou, juntamente com PGJs de outros estados, um protocolo de inten\u00e7\u00f5es para o interc\u00e2mbio de informa\u00e7\u00f5es e conhecimento em mat\u00e9ria de cibercrime entre as diferentes unidades do MP.<\/p>\n<p style=\"text-align: justify;\">Membros do MPRJ participaram, em agosto de 2024, da oficina das Na\u00e7\u00f5es Unidas Contra Drogas e Crime (UNODC) sobre o Combate \u00e0 Explora\u00e7\u00e3o e Abuso Sexual de Crian\u00e7as e Adolescentes Online. O treinamento foi realizado no Hotel Windsor Excelsior, em Copacabana, na Zona Sul. O evento foi realizado pelo Global Programme On Cybercrime e pela Interpol.<\/p>\n<p style=\"text-align: justify;\"><em>Por MPRJ<\/em><\/p>\n","protected":false},"excerpt":{"rendered":"<p>O procurador-geral de Justi\u00e7a, Luciano Mattos, criou nesta quarta-feira (25\/09), por meio da Resolu\u00e7\u00e3o GPGJ n\u00ba 2.618, o Grupo Tem\u00e1tico&#8230;<\/p>\n","protected":false},"author":2,"featured_media":13520,"comment_status":"open","ping_status":"open","sticky":false,"template":"","format":"standard","meta":{"colormag_page_container_layout":"default_layout","colormag_page_sidebar_layout":"default_layout","jetpack_post_was_ever_published":false,"_jetpack_newsletter_access":"","_jetpack_dont_email_post_to_subs":false,"_jetpack_newsletter_tier_id":0,"_jetpack_memberships_contains_paywalled_content":false,"_jetpack_memberships_contains_paid_content":false,"footnotes":""},"categories":[45],"tags":[],"class_list":["post-13519","post","type-post","status-publish","format-standard","has-post-thumbnail","hentry","category-variedade"],"jetpack_featured_media_url":"https:\/\/www.tribunanf.com.br\/blogdoralfereis\/wp-content\/uploads\/sites\/11\/2024\/09\/upload_00002269_Easy-Resize.com_.jpg","jetpack_sharing_enabled":true,"_links":{"self":[{"href":"https:\/\/www.tribunanf.com.br\/blogdoralfereis\/wp-json\/wp\/v2\/posts\/13519","targetHints":{"allow":["GET"]}}],"collection":[{"href":"https:\/\/www.tribunanf.com.br\/blogdoralfereis\/wp-json\/wp\/v2\/posts"}],"about":[{"href":"https:\/\/www.tribunanf.com.br\/blogdoralfereis\/wp-json\/wp\/v2\/types\/post"}],"author":[{"embeddable":true,"href":"https:\/\/www.tribunanf.com.br\/blogdoralfereis\/wp-json\/wp\/v2\/users\/2"}],"replies":[{"embeddable":true,"href":"https:\/\/www.tribunanf.com.br\/blogdoralfereis\/wp-json\/wp\/v2\/comments?post=13519"}],"version-history":[{"count":0,"href":"https:\/\/www.tribunanf.com.br\/blogdoralfereis\/wp-json\/wp\/v2\/posts\/13519\/revisions"}],"wp:featuredmedia":[{"embeddable":true,"href":"https:\/\/www.tribunanf.com.br\/blogdoralfereis\/wp-json\/wp\/v2\/media\/13520"}],"wp:attachment":[{"href":"https:\/\/www.tribunanf.com.br\/blogdoralfereis\/wp-json\/wp\/v2\/media?parent=13519"}],"wp:term":[{"taxonomy":"category","embeddable":true,"href":"https:\/\/www.tribunanf.com.br\/blogdoralfereis\/wp-json\/wp\/v2\/categories?post=13519"},{"taxonomy":"post_tag","embeddable":true,"href":"https:\/\/www.tribunanf.com.br\/blogdoralfereis\/wp-json\/wp\/v2\/tags?post=13519"}],"curies":[{"name":"wp","href":"https:\/\/api.w.org\/{rel}","templated":true}]}}