{"id":13501,"date":"2024-09-21T09:02:46","date_gmt":"2024-09-21T12:02:46","guid":{"rendered":"https:\/\/www.tribunanf.com.br\/blogdoralfereis\/?p=13501"},"modified":"2024-09-21T09:02:46","modified_gmt":"2024-09-21T12:02:46","slug":"rj-lidera-ranking-de-inqueritos-abertos-por-crimes-eleitorais","status":"publish","type":"post","link":"https:\/\/www.tribunanf.com.br\/blogdoralfereis\/2024\/09\/21\/rj-lidera-ranking-de-inqueritos-abertos-por-crimes-eleitorais\/","title":{"rendered":"RJ lidera ranking de inqu\u00e9ritos abertos por crimes eleitorais"},"content":{"rendered":"<p><img loading=\"lazy\" decoding=\"async\" class=\"aligncenter size-large wp-image-9192\" src=\"https:\/\/www.tribunanf.com.br\/blogdoralfereis\/wp-content\/uploads\/sites\/11\/2022\/04\/pf_Easy-Resize.com_-1024x768.jpg\" alt=\"\" width=\"800\" height=\"600\" srcset=\"https:\/\/www.tribunanf.com.br\/blogdoralfereis\/wp-content\/uploads\/sites\/11\/2022\/04\/pf_Easy-Resize.com_-1024x768.jpg 1024w, https:\/\/www.tribunanf.com.br\/blogdoralfereis\/wp-content\/uploads\/sites\/11\/2022\/04\/pf_Easy-Resize.com_-300x225.jpg 300w, https:\/\/www.tribunanf.com.br\/blogdoralfereis\/wp-content\/uploads\/sites\/11\/2022\/04\/pf_Easy-Resize.com_-768x576.jpg 768w, https:\/\/www.tribunanf.com.br\/blogdoralfereis\/wp-content\/uploads\/sites\/11\/2022\/04\/pf_Easy-Resize.com_.jpg 1280w\" sizes=\"auto, (max-width: 800px) 100vw, 800px\" \/><\/p>\n<p style=\"text-align: justify;\">O BI Elei\u00e7\u00f5es, painel din\u00e2mico da Pol\u00edcia Federal, permite a qualquer cidad\u00e3o acompanhar estat\u00edsticas detalhadas dos casos eleitorais em apura\u00e7\u00e3o no \u00e2mbito federal.<\/p>\n<p style=\"text-align: justify;\">Desde setembro, quando foi criado o acompanhamento, o estado com mais casos investigados \u00e9 o Rio de Janeiro, segundo informa o colunista<a href=\"https:\/\/oglobo.globo.com\/blogs\/ancelmo-gois\/post\/2024\/09\/estado-do-rio-de-janeiro-lidera-ranking-de-inqueritos-abertos-por-crimes-eleitorais.ghtml\" target=\"_blank\" rel=\"noopener\">\u00a0Ancelmo Gois<\/a>, do jornal O GLOBO.<\/p>\n<p style=\"text-align: justify;\">Ao todo, s\u00e3o 314 inqu\u00e9ritos abertos no RJ. O Paran\u00e1, segundo colocado na lista, tem 180 no per\u00edodo.<\/p>\n","protected":false},"excerpt":{"rendered":"<p>O BI Elei\u00e7\u00f5es, painel din\u00e2mico da Pol\u00edcia Federal, permite a qualquer cidad\u00e3o acompanhar estat\u00edsticas detalhadas dos casos eleitorais em apura\u00e7\u00e3o&#8230;<\/p>\n","protected":false},"author":2,"featured_media":9192,"comment_status":"open","ping_status":"open","sticky":false,"template":"","format":"standard","meta":{"colormag_page_container_layout":"default_layout","colormag_page_sidebar_layout":"default_layout","jetpack_post_was_ever_published":false,"_jetpack_newsletter_access":"","_jetpack_dont_email_post_to_subs":false,"_jetpack_newsletter_tier_id":0,"_jetpack_memberships_contains_paywalled_content":false,"_jetpack_memberships_contains_paid_content":false,"footnotes":""},"categories":[2],"tags":[],"class_list":["post-13501","post","type-post","status-publish","format-standard","has-post-thumbnail","hentry","category-politica"],"jetpack_featured_media_url":"https:\/\/www.tribunanf.com.br\/blogdoralfereis\/wp-content\/uploads\/sites\/11\/2022\/04\/pf_Easy-Resize.com_.jpg","jetpack_sharing_enabled":true,"_links":{"self":[{"href":"https:\/\/www.tribunanf.com.br\/blogdoralfereis\/wp-json\/wp\/v2\/posts\/13501","targetHints":{"allow":["GET"]}}],"collection":[{"href":"https:\/\/www.tribunanf.com.br\/blogdoralfereis\/wp-json\/wp\/v2\/posts"}],"about":[{"href":"https:\/\/www.tribunanf.com.br\/blogdoralfereis\/wp-json\/wp\/v2\/types\/post"}],"author":[{"embeddable":true,"href":"https:\/\/www.tribunanf.com.br\/blogdoralfereis\/wp-json\/wp\/v2\/users\/2"}],"replies":[{"embeddable":true,"href":"https:\/\/www.tribunanf.com.br\/blogdoralfereis\/wp-json\/wp\/v2\/comments?post=13501"}],"version-history":[{"count":0,"href":"https:\/\/www.tribunanf.com.br\/blogdoralfereis\/wp-json\/wp\/v2\/posts\/13501\/revisions"}],"wp:featuredmedia":[{"embeddable":true,"href":"https:\/\/www.tribunanf.com.br\/blogdoralfereis\/wp-json\/wp\/v2\/media\/9192"}],"wp:attachment":[{"href":"https:\/\/www.tribunanf.com.br\/blogdoralfereis\/wp-json\/wp\/v2\/media?parent=13501"}],"wp:term":[{"taxonomy":"category","embeddable":true,"href":"https:\/\/www.tribunanf.com.br\/blogdoralfereis\/wp-json\/wp\/v2\/categories?post=13501"},{"taxonomy":"post_tag","embeddable":true,"href":"https:\/\/www.tribunanf.com.br\/blogdoralfereis\/wp-json\/wp\/v2\/tags?post=13501"}],"curies":[{"name":"wp","href":"https:\/\/api.w.org\/{rel}","templated":true}]}}