{"id":13471,"date":"2024-09-12T16:40:09","date_gmt":"2024-09-12T19:40:09","guid":{"rendered":"https:\/\/www.tribunanf.com.br\/blogdoralfereis\/?p=13471"},"modified":"2024-09-12T16:40:09","modified_gmt":"2024-09-12T19:40:09","slug":"cpi-da-transparencia-da-alerj-vai-convocar-subsecretario-de-comunicacao-igor-marques","status":"publish","type":"post","link":"https:\/\/www.tribunanf.com.br\/blogdoralfereis\/2024\/09\/12\/cpi-da-transparencia-da-alerj-vai-convocar-subsecretario-de-comunicacao-igor-marques\/","title":{"rendered":"CPI da Transpar\u00eancia da Alerj vai convocar subsecret\u00e1rio de Comunica\u00e7\u00e3o, Igor Marques"},"content":{"rendered":"<p><img loading=\"lazy\" decoding=\"async\" class=\"aligncenter size-large wp-image-13472\" src=\"https:\/\/www.tribunanf.com.br\/blogdoralfereis\/wp-content\/uploads\/sites\/11\/2024\/09\/Igor-Marques-2023_Easy-Resize.com_-1024x682.jpg\" alt=\"\" width=\"800\" height=\"533\" srcset=\"https:\/\/www.tribunanf.com.br\/blogdoralfereis\/wp-content\/uploads\/sites\/11\/2024\/09\/Igor-Marques-2023_Easy-Resize.com_-1024x682.jpg 1024w, https:\/\/www.tribunanf.com.br\/blogdoralfereis\/wp-content\/uploads\/sites\/11\/2024\/09\/Igor-Marques-2023_Easy-Resize.com_-300x200.jpg 300w, https:\/\/www.tribunanf.com.br\/blogdoralfereis\/wp-content\/uploads\/sites\/11\/2024\/09\/Igor-Marques-2023_Easy-Resize.com_-768x512.jpg 768w, https:\/\/www.tribunanf.com.br\/blogdoralfereis\/wp-content\/uploads\/sites\/11\/2024\/09\/Igor-Marques-2023_Easy-Resize.com_.jpg 1280w\" sizes=\"auto, (max-width: 800px) 100vw, 800px\" \/><\/p>\n<p style=\"text-align: justify;\">A CPI da Transpar\u00eancia, da Assembleia Legislativa, vai convocar para oitiva o subsecret\u00e1rio estadual de Comunica\u00e7\u00e3o Social e Publicidade, Igor Marques. Os deputados aprovaram a convoca\u00e7\u00e3o, por unanimidade, durante reuni\u00e3o realizada nesta quinta-feira (12).<\/p>\n<p style=\"text-align: justify;\">O tema relativo \u00e0 publicidade do Governo do Estado surgiu durante os questionamentos feitos ao secret\u00e1rio de Turismo, Gustavo Tutuca. Os deputados perguntaram sobre a aplica\u00e7\u00e3o dos recursos destinados a este fim, mas Tutuca explicou que n\u00e3o teria tais informa\u00e7\u00f5es, o que seria atribui\u00e7\u00e3o de Marques.<\/p>\n<p style=\"text-align: justify;\">Foi quando os deputados Alan Lopes (PL), presidente da CPI, e Rodrigo Amorim (Uni\u00e3o), o relator, afirmaram que o subsecret\u00e1rio estaria \u201cplantando intrigas\u201d entre os poderes executivo e legislativo. Os parlamentares subiram o tom contra Marques com adjetivos como \u201cfofoqueiro\u201d e \u201cfutriqueiro\u201d.<\/p>\n<p style=\"text-align: justify;\">\u201c\u00c9 uma vergonha para o Pal\u00e1cio Guanabara ter uma figura como essa l\u00e1 dentro plantando not\u00edcias contra deputados. A gente n\u00e3o quer briga, quer corrigir o que est\u00e1 errado. Nunca pedi cargos, contratos ou secretarias ao governador\u201d, afirmou Alan Lopes.<\/p>\n<p style=\"text-align: justify;\">J\u00e1 Rodrigo Amorim acusou Marques de espalhar que o parlamentar estaria articulando um pedido de impeachment de Cl\u00e1udio Castro. Amorim ainda sugeriu ao secret\u00e1rio do Gabinete do governador, Rodrigo Abel, presente na reuni\u00e3o, que proponha a Castro a exonera\u00e7\u00e3o de Igor Marques.<\/p>\n<p style=\"text-align: justify;\">\u201cEsse subsecret\u00e1rio est\u00e1 disseminando essa mentira. Esse fofoqueiro n\u00e3o tem a hombridade de dar nome aos bois de falar isso na minha frente. Igor \u00e9 um futriqueiro e, al\u00e9m de dar conta dos milh\u00f5es da publicidade do estado, vai ter que explicar essas fake news que est\u00e3o fazendo a rela\u00e7\u00e3o do executivo e legislativo ficar em xeque\u201d, disse Amorim.<\/p>\n<p style=\"text-align: justify;\">Fonte: <a href=\"https:\/\/temporealrj.com\/cpi-da-transparencia-vai-convocar-subsecretario-de-comunicacao-igor-marques\/\" target=\"_blank\" rel=\"noopener\">Tempo Real<\/a><\/p>\n<p style=\"text-align: justify;\">Leia tamb\u00e9m:<\/p>\n<blockquote class=\"wp-embedded-content\" data-secret=\"LfIYvzhdCy\"><p><a href=\"https:\/\/www.tribunanf.com.br\/blogdoralfereis\/2024\/09\/12\/cofre-aberto-na-mira-da-cpi-da-transparencia-governo-do-estado-ja-gastou-r-145-milhoes-em-propaganda\/\">Cofre aberto: Na mira da CPI da Transpar\u00eancia, governo do Estado j\u00e1 gastou R$ 145 milh\u00f5es em propaganda<\/a><\/p><\/blockquote>\n<p><iframe loading=\"lazy\" class=\"wp-embedded-content\" sandbox=\"allow-scripts\" security=\"restricted\" style=\"position: absolute; visibility: hidden;\" title=\"&#8220;Cofre aberto: Na mira da CPI da Transpar\u00eancia, governo do Estado j\u00e1 gastou R$ 145 milh\u00f5es em propaganda&#8221; &#8212; Blog do Ralfe Reis\" src=\"https:\/\/www.tribunanf.com.br\/blogdoralfereis\/2024\/09\/12\/cofre-aberto-na-mira-da-cpi-da-transparencia-governo-do-estado-ja-gastou-r-145-milhoes-em-propaganda\/embed\/#?secret=5PBhgSOmp3#?secret=LfIYvzhdCy\" data-secret=\"LfIYvzhdCy\" width=\"600\" height=\"338\" frameborder=\"0\" marginwidth=\"0\" marginheight=\"0\" scrolling=\"no\"><\/iframe><\/p>\n","protected":false},"excerpt":{"rendered":"<p>A CPI da Transpar\u00eancia, da Assembleia Legislativa, vai convocar para oitiva o subsecret\u00e1rio estadual de Comunica\u00e7\u00e3o Social e Publicidade, Igor&#8230;<\/p>\n","protected":false},"author":2,"featured_media":13472,"comment_status":"open","ping_status":"open","sticky":false,"template":"","format":"standard","meta":{"colormag_page_container_layout":"default_layout","colormag_page_sidebar_layout":"default_layout","jetpack_post_was_ever_published":false,"_jetpack_newsletter_access":"","_jetpack_dont_email_post_to_subs":false,"_jetpack_newsletter_tier_id":0,"_jetpack_memberships_contains_paywalled_content":false,"_jetpack_memberships_contains_paid_content":false,"footnotes":""},"categories":[2],"tags":[],"class_list":["post-13471","post","type-post","status-publish","format-standard","has-post-thumbnail","hentry","category-politica"],"jetpack_featured_media_url":"https:\/\/www.tribunanf.com.br\/blogdoralfereis\/wp-content\/uploads\/sites\/11\/2024\/09\/Igor-Marques-2023_Easy-Resize.com_.jpg","jetpack_sharing_enabled":true,"_links":{"self":[{"href":"https:\/\/www.tribunanf.com.br\/blogdoralfereis\/wp-json\/wp\/v2\/posts\/13471","targetHints":{"allow":["GET"]}}],"collection":[{"href":"https:\/\/www.tribunanf.com.br\/blogdoralfereis\/wp-json\/wp\/v2\/posts"}],"about":[{"href":"https:\/\/www.tribunanf.com.br\/blogdoralfereis\/wp-json\/wp\/v2\/types\/post"}],"author":[{"embeddable":true,"href":"https:\/\/www.tribunanf.com.br\/blogdoralfereis\/wp-json\/wp\/v2\/users\/2"}],"replies":[{"embeddable":true,"href":"https:\/\/www.tribunanf.com.br\/blogdoralfereis\/wp-json\/wp\/v2\/comments?post=13471"}],"version-history":[{"count":0,"href":"https:\/\/www.tribunanf.com.br\/blogdoralfereis\/wp-json\/wp\/v2\/posts\/13471\/revisions"}],"wp:featuredmedia":[{"embeddable":true,"href":"https:\/\/www.tribunanf.com.br\/blogdoralfereis\/wp-json\/wp\/v2\/media\/13472"}],"wp:attachment":[{"href":"https:\/\/www.tribunanf.com.br\/blogdoralfereis\/wp-json\/wp\/v2\/media?parent=13471"}],"wp:term":[{"taxonomy":"category","embeddable":true,"href":"https:\/\/www.tribunanf.com.br\/blogdoralfereis\/wp-json\/wp\/v2\/categories?post=13471"},{"taxonomy":"post_tag","embeddable":true,"href":"https:\/\/www.tribunanf.com.br\/blogdoralfereis\/wp-json\/wp\/v2\/tags?post=13471"}],"curies":[{"name":"wp","href":"https:\/\/api.w.org\/{rel}","templated":true}]}}